{"id":1012,"date":"2008-12-28T14:13:00","date_gmt":"2008-12-28T14:13:00","guid":{"rendered":"https:\/\/annaleao.com.br\/site\/a-rainha-da-floresta-2\/"},"modified":"2008-12-28T14:13:00","modified_gmt":"2008-12-28T14:13:00","slug":"a-rainha-da-floresta-2","status":"publish","type":"post","link":"https:\/\/annaleao.com.br\/site\/a-rainha-da-floresta-2\/","title":{"rendered":"A RAINHA DA FLORESTA"},"content":{"rendered":"<p>O lan\u00e7amento de meu livro &#8220;A RAINHA DA FLORESTA&#8221; ser\u00e1 em fevereiro ou mar\u00e7o de 2009, ainda estou fechando a data enquanto o livro esta indo para a fase de impress\u00e3o. Enquanto voc\u00eas ainda n\u00e3o podem t\u00ea-lo em m\u00e3os deixo uma pequena parte dele aqui para voc\u00eas:<\/p>\n<p><\/p>\n<div style=\"clear: both; text-align: center;\"><a href=\"http:\/\/2.bp.blogspot.com\/-n2dHxFtfNog\/S6-9wQjS0BI\/AAAAAAAABgc\/4r8brWHJCaA\/s1600\/Rainha+da+Flo+bx.JPG\" style=\"clear: right; float: right; margin-bottom: 1em; margin-left: 1em;\"><img fetchpriority=\"high\" decoding=\"async\" border=\"0\" height=\"320\" src=\"https:\/\/2.bp.blogspot.com\/-n2dHxFtfNog\/S6-9wQjS0BI\/AAAAAAAABgc\/4r8brWHJCaA\/s320\/Rainha+da+Flo+bx.JPG\" width=\"214\" \/><\/a><\/div>\n<p>&#8220;-Ana\u00eds, te dou agora o s\u00edmbolo m\u00e1ximo de teu poder, o chap\u00e9u de bruxa.<\/p>\n<p>Ana\u00eds tirou sua coroa de flores e recebeu o chap\u00e9u de Ilka. Todos, ent\u00e3o, colocaram seus chap\u00e9us, alguns eram pretos, outros roxos. O de Ana\u00eds, entretanto, era rosa. Esta cor sempre foi associada ao feminino e ao amor. Sendo a Rainha da Floresta, Ana\u00eds estava em sintonia direta com o amor universal, o amor da Deusa, e como ela era a Sua m\u00e1xima representante, nada melhor do que esta cor para o seu chap\u00e9u. Quando ela o colocou na cabe\u00e7a se lembrou de uma aula que teve com Diana, uma vov\u00f3 muito simp\u00e1tica da floresta. Diana havia explicado para Ana\u00eds sobre o significado do chap\u00e9u de bruxa. Ele simbolizava a capta\u00e7\u00e3o de energia do Universo; em forma de cone, um cone de poder, que podia tanto receber como enviar energia para o cosmo. Geralmente suas cores eram o preto, que representa prote\u00e7\u00e3o e afasta energias negativas ou o violeta, a cor da espiritualidade e da transforma\u00e7\u00e3o. Ali\u00e1s, a palavra bruxa se origina de uma palavra em latim, que significa larva de borboleta. Isto mostra o sentido correto da bruxa, aquela que transforma e se auto-transforma, assim como a lagarta se transforma em borboleta. A bruxa tem o poder e o conhecimento para transformar a sua realidade e a si pr\u00f3pria, se auto-aperfei\u00e7oando e criando uma vida melhor para si e para o mundo.&#8221;<\/p>\n<p>(A RAINHA DA FLORESTA, ANNA LE\u00c3O. TODOS OS DIREITOS RESERVADOS)<\/p>\n<p>PARA&nbsp; MAIS INFORMA\u00c7\u00d5ES SOBRE A TRILOGIA <a href=\"http:\/\/www.annaleao.com.br\/anna\/livros-saga\/\">CLIQUE AQUI!<\/a><\/p>\n<p>DISPON\u00cdVEL EM VERS\u00c3O IMPRESSA E E-BOOK. TAMB\u00c9M NA AMAZON!<\/p>\n<p><\/p>\n","protected":false},"excerpt":{"rendered":"<p>O lan\u00e7amento de meu livro &#8220;A RAINHA DA FLORESTA&#8221; ser\u00e1 em fevereiro ou mar\u00e7o de 2009, ainda estou fechando a data enquanto o livro esta indo para a fase de impress\u00e3o. Enquanto voc\u00eas ainda n\u00e3o podem t\u00ea-lo em m\u00e3os deixo uma pequena parte dele aqui para voc\u00eas: &#8220;-Ana\u00eds, te dou agora o s\u00edmbolo m\u00e1ximo de teu poder, o chap\u00e9u de &hellip; <\/p>\n","protected":false},"author":2,"featured_media":0,"comment_status":"open","ping_status":"open","sticky":false,"template":"","format":"standard","meta":{"jetpack_post_was_ever_published":false,"_jetpack_newsletter_access":"","_jetpack_dont_email_post_to_subs":false,"_jetpack_newsletter_tier_id":0,"_jetpack_memberships_contains_paywalled_content":false,"_jetpack_memberships_contains_paid_content":false,"footnotes":"","jetpack_publicize_message":"","jetpack_publicize_feature_enabled":true,"jetpack_social_post_already_shared":true,"jetpack_social_options":{"image_generator_settings":{"template":"highway","enabled":false},"version":2}},"categories":[174,173,210,732,354,321,175,206,207,407,204,205,177],"tags":[],"class_list":["post-1012","post","type-post","status-publish","format-standard","hentry","category-a-rainha-da-floresta","category-anna-leao","category-bruxas","category-casamento-sagrado","category-fadas","category-literatura-brasileira","category-literatura-fantastica","category-magia","category-mago","category-maldicao","category-natureza","category-poder-feminino","category-trilogia-de-fantasia"],"yoast_head":"<!-- This site is optimized with the Yoast SEO plugin v25.2 - https:\/\/yoast.com\/wordpress\/plugins\/seo\/ -->\n<title>A RAINHA DA FLORESTA - ANNA DE LE\u00c3O<\/title>\n<meta name=\"robots\" content=\"index, follow, max-snippet:-1, max-image-preview:large, max-video-preview:-1\" \/>\n<link rel=\"canonical\" href=\"https:\/\/annaleao.com.br\/site\/a-rainha-da-floresta-2\/\" \/>\n<meta property=\"og:locale\" content=\"pt_BR\" \/>\n<meta property=\"og:type\" content=\"article\" \/>\n<meta property=\"og:title\" content=\"A RAINHA DA FLORESTA - ANNA DE LE\u00c3O\" \/>\n<meta property=\"og:description\" content=\"O lan\u00e7amento de meu livro &#8220;A RAINHA DA FLORESTA&#8221; ser\u00e1 em fevereiro ou mar\u00e7o de 2009, ainda estou fechando a data enquanto o livro esta indo para a fase de impress\u00e3o. Enquanto voc\u00eas ainda n\u00e3o podem t\u00ea-lo em m\u00e3os deixo uma pequena parte dele aqui para voc\u00eas: &#8220;-Ana\u00eds, te dou agora o s\u00edmbolo m\u00e1ximo de teu poder, o chap\u00e9u de &hellip;\" \/>\n<meta property=\"og:url\" content=\"https:\/\/annaleao.com.br\/site\/a-rainha-da-floresta-2\/\" \/>\n<meta property=\"og:site_name\" content=\"ANNA DE LE\u00c3O\" \/>\n<meta property=\"article:published_time\" content=\"2008-12-28T14:13:00+00:00\" \/>\n<meta property=\"og:image\" content=\"https:\/\/2.bp.blogspot.com\/-n2dHxFtfNog\/S6-9wQjS0BI\/AAAAAAAABgc\/4r8brWHJCaA\/s320\/Rainha+da+Flo+bx.JPG\" \/>\n<meta name=\"author\" content=\"Anna de Le\u00e3o\" \/>\n<meta name=\"twitter:label1\" content=\"Escrito por\" \/>\n\t<meta name=\"twitter:data1\" content=\"Anna de Le\u00e3o\" \/>\n\t<meta name=\"twitter:label2\" content=\"Est. tempo de leitura\" \/>\n\t<meta name=\"twitter:data2\" content=\"2 minutos\" \/>\n<script type=\"application\/ld+json\" class=\"yoast-schema-graph\">{\"@context\":\"https:\/\/schema.org\",\"@graph\":[{\"@type\":\"WebPage\",\"@id\":\"https:\/\/annaleao.com.br\/site\/a-rainha-da-floresta-2\/\",\"url\":\"https:\/\/annaleao.com.br\/site\/a-rainha-da-floresta-2\/\",\"name\":\"A RAINHA DA FLORESTA - ANNA DE LE\u00c3O\",\"isPartOf\":{\"@id\":\"https:\/\/annaleao.com.br\/site\/#website\"},\"primaryImageOfPage\":{\"@id\":\"https:\/\/annaleao.com.br\/site\/a-rainha-da-floresta-2\/#primaryimage\"},\"image\":{\"@id\":\"https:\/\/annaleao.com.br\/site\/a-rainha-da-floresta-2\/#primaryimage\"},\"thumbnailUrl\":\"https:\/\/2.bp.blogspot.com\/-n2dHxFtfNog\/S6-9wQjS0BI\/AAAAAAAABgc\/4r8brWHJCaA\/s320\/Rainha+da+Flo+bx.JPG\",\"datePublished\":\"2008-12-28T14:13:00+00:00\",\"author\":{\"@id\":\"https:\/\/annaleao.com.br\/site\/#\/schema\/person\/c61c763755650f8b56acd76d44c7bc8c\"},\"breadcrumb\":{\"@id\":\"https:\/\/annaleao.com.br\/site\/a-rainha-da-floresta-2\/#breadcrumb\"},\"inLanguage\":\"pt-BR\",\"potentialAction\":[{\"@type\":\"ReadAction\",\"target\":[\"https:\/\/annaleao.com.br\/site\/a-rainha-da-floresta-2\/\"]}]},{\"@type\":\"ImageObject\",\"inLanguage\":\"pt-BR\",\"@id\":\"https:\/\/annaleao.com.br\/site\/a-rainha-da-floresta-2\/#primaryimage\",\"url\":\"https:\/\/2.bp.blogspot.com\/-n2dHxFtfNog\/S6-9wQjS0BI\/AAAAAAAABgc\/4r8brWHJCaA\/s320\/Rainha+da+Flo+bx.JPG\",\"contentUrl\":\"https:\/\/2.bp.blogspot.com\/-n2dHxFtfNog\/S6-9wQjS0BI\/AAAAAAAABgc\/4r8brWHJCaA\/s320\/Rainha+da+Flo+bx.JPG\"},{\"@type\":\"BreadcrumbList\",\"@id\":\"https:\/\/annaleao.com.br\/site\/a-rainha-da-floresta-2\/#breadcrumb\",\"itemListElement\":[{\"@type\":\"ListItem\",\"position\":1,\"name\":\"In\u00edcio\",\"item\":\"https:\/\/annaleao.com.br\/site\/\"},{\"@type\":\"ListItem\",\"position\":2,\"name\":\"A RAINHA DA FLORESTA\"}]},{\"@type\":\"WebSite\",\"@id\":\"https:\/\/annaleao.com.br\/site\/#website\",\"url\":\"https:\/\/annaleao.com.br\/site\/\",\"name\":\"ANNA DE LE\u00c3O\",\"description\":\" Escritora e Terapeuta\",\"potentialAction\":[{\"@type\":\"SearchAction\",\"target\":{\"@type\":\"EntryPoint\",\"urlTemplate\":\"https:\/\/annaleao.com.br\/site\/?s={search_term_string}\"},\"query-input\":{\"@type\":\"PropertyValueSpecification\",\"valueRequired\":true,\"valueName\":\"search_term_string\"}}],\"inLanguage\":\"pt-BR\"},{\"@type\":\"Person\",\"@id\":\"https:\/\/annaleao.com.br\/site\/#\/schema\/person\/c61c763755650f8b56acd76d44c7bc8c\",\"name\":\"Anna de Le\u00e3o\",\"image\":{\"@type\":\"ImageObject\",\"inLanguage\":\"pt-BR\",\"@id\":\"https:\/\/annaleao.com.br\/site\/#\/schema\/person\/image\/\",\"url\":\"https:\/\/secure.gravatar.com\/avatar\/e29860c6ef57760b67570c34e3948ba9de10eb9b2e2f20081d0061a7233daf60?s=96&d=blank&r=g\",\"contentUrl\":\"https:\/\/secure.gravatar.com\/avatar\/e29860c6ef57760b67570c34e3948ba9de10eb9b2e2f20081d0061a7233daf60?s=96&d=blank&r=g\",\"caption\":\"Anna de Le\u00e3o\"},\"sameAs\":[\"http:\/\/www.annaleao.com.br\",\"https:\/\/x.com\/https:\/\/www.instagram.com\/annadeleao\"],\"url\":\"https:\/\/annaleao.com.br\/site\/author\/anna\/\"}]}<\/script>\n<!-- \/ Yoast SEO plugin. -->","yoast_head_json":{"title":"A RAINHA DA FLORESTA - ANNA DE LE\u00c3O","robots":{"index":"index","follow":"follow","max-snippet":"max-snippet:-1","max-image-preview":"max-image-preview:large","max-video-preview":"max-video-preview:-1"},"canonical":"https:\/\/annaleao.com.br\/site\/a-rainha-da-floresta-2\/","og_locale":"pt_BR","og_type":"article","og_title":"A RAINHA DA FLORESTA - ANNA DE LE\u00c3O","og_description":"O lan\u00e7amento de meu livro &#8220;A RAINHA DA FLORESTA&#8221; ser\u00e1 em fevereiro ou mar\u00e7o de 2009, ainda estou fechando a data enquanto o livro esta indo para a fase de impress\u00e3o. Enquanto voc\u00eas ainda n\u00e3o podem t\u00ea-lo em m\u00e3os deixo uma pequena parte dele aqui para voc\u00eas: &#8220;-Ana\u00eds, te dou agora o s\u00edmbolo m\u00e1ximo de teu poder, o chap\u00e9u de &hellip;","og_url":"https:\/\/annaleao.com.br\/site\/a-rainha-da-floresta-2\/","og_site_name":"ANNA DE LE\u00c3O","article_published_time":"2008-12-28T14:13:00+00:00","og_image":[{"url":"https:\/\/2.bp.blogspot.com\/-n2dHxFtfNog\/S6-9wQjS0BI\/AAAAAAAABgc\/4r8brWHJCaA\/s320\/Rainha+da+Flo+bx.JPG","type":"","width":"","height":""}],"author":"Anna de Le\u00e3o","twitter_misc":{"Escrito por":"Anna de Le\u00e3o","Est. tempo de leitura":"2 minutos"},"schema":{"@context":"https:\/\/schema.org","@graph":[{"@type":"WebPage","@id":"https:\/\/annaleao.com.br\/site\/a-rainha-da-floresta-2\/","url":"https:\/\/annaleao.com.br\/site\/a-rainha-da-floresta-2\/","name":"A RAINHA DA FLORESTA - ANNA DE LE\u00c3O","isPartOf":{"@id":"https:\/\/annaleao.com.br\/site\/#website"},"primaryImageOfPage":{"@id":"https:\/\/annaleao.com.br\/site\/a-rainha-da-floresta-2\/#primaryimage"},"image":{"@id":"https:\/\/annaleao.com.br\/site\/a-rainha-da-floresta-2\/#primaryimage"},"thumbnailUrl":"https:\/\/2.bp.blogspot.com\/-n2dHxFtfNog\/S6-9wQjS0BI\/AAAAAAAABgc\/4r8brWHJCaA\/s320\/Rainha+da+Flo+bx.JPG","datePublished":"2008-12-28T14:13:00+00:00","author":{"@id":"https:\/\/annaleao.com.br\/site\/#\/schema\/person\/c61c763755650f8b56acd76d44c7bc8c"},"breadcrumb":{"@id":"https:\/\/annaleao.com.br\/site\/a-rainha-da-floresta-2\/#breadcrumb"},"inLanguage":"pt-BR","potentialAction":[{"@type":"ReadAction","target":["https:\/\/annaleao.com.br\/site\/a-rainha-da-floresta-2\/"]}]},{"@type":"ImageObject","inLanguage":"pt-BR","@id":"https:\/\/annaleao.com.br\/site\/a-rainha-da-floresta-2\/#primaryimage","url":"https:\/\/2.bp.blogspot.com\/-n2dHxFtfNog\/S6-9wQjS0BI\/AAAAAAAABgc\/4r8brWHJCaA\/s320\/Rainha+da+Flo+bx.JPG","contentUrl":"https:\/\/2.bp.blogspot.com\/-n2dHxFtfNog\/S6-9wQjS0BI\/AAAAAAAABgc\/4r8brWHJCaA\/s320\/Rainha+da+Flo+bx.JPG"},{"@type":"BreadcrumbList","@id":"https:\/\/annaleao.com.br\/site\/a-rainha-da-floresta-2\/#breadcrumb","itemListElement":[{"@type":"ListItem","position":1,"name":"In\u00edcio","item":"https:\/\/annaleao.com.br\/site\/"},{"@type":"ListItem","position":2,"name":"A RAINHA DA FLORESTA"}]},{"@type":"WebSite","@id":"https:\/\/annaleao.com.br\/site\/#website","url":"https:\/\/annaleao.com.br\/site\/","name":"ANNA DE LE\u00c3O","description":" Escritora e Terapeuta","potentialAction":[{"@type":"SearchAction","target":{"@type":"EntryPoint","urlTemplate":"https:\/\/annaleao.com.br\/site\/?s={search_term_string}"},"query-input":{"@type":"PropertyValueSpecification","valueRequired":true,"valueName":"search_term_string"}}],"inLanguage":"pt-BR"},{"@type":"Person","@id":"https:\/\/annaleao.com.br\/site\/#\/schema\/person\/c61c763755650f8b56acd76d44c7bc8c","name":"Anna de Le\u00e3o","image":{"@type":"ImageObject","inLanguage":"pt-BR","@id":"https:\/\/annaleao.com.br\/site\/#\/schema\/person\/image\/","url":"https:\/\/secure.gravatar.com\/avatar\/e29860c6ef57760b67570c34e3948ba9de10eb9b2e2f20081d0061a7233daf60?s=96&d=blank&r=g","contentUrl":"https:\/\/secure.gravatar.com\/avatar\/e29860c6ef57760b67570c34e3948ba9de10eb9b2e2f20081d0061a7233daf60?s=96&d=blank&r=g","caption":"Anna de Le\u00e3o"},"sameAs":["http:\/\/www.annaleao.com.br","https:\/\/x.com\/https:\/\/www.instagram.com\/annadeleao"],"url":"https:\/\/annaleao.com.br\/site\/author\/anna\/"}]}},"jetpack_publicize_connections":[],"jetpack_featured_media_url":"","jetpack_sharing_enabled":true,"jetpack_shortlink":"https:\/\/wp.me\/p8nt2H-gk","jetpack-related-posts":[],"_links":{"self":[{"href":"https:\/\/annaleao.com.br\/site\/wp-json\/wp\/v2\/posts\/1012","targetHints":{"allow":["GET"]}}],"collection":[{"href":"https:\/\/annaleao.com.br\/site\/wp-json\/wp\/v2\/posts"}],"about":[{"href":"https:\/\/annaleao.com.br\/site\/wp-json\/wp\/v2\/types\/post"}],"author":[{"embeddable":true,"href":"https:\/\/annaleao.com.br\/site\/wp-json\/wp\/v2\/users\/2"}],"replies":[{"embeddable":true,"href":"https:\/\/annaleao.com.br\/site\/wp-json\/wp\/v2\/comments?post=1012"}],"version-history":[{"count":0,"href":"https:\/\/annaleao.com.br\/site\/wp-json\/wp\/v2\/posts\/1012\/revisions"}],"wp:attachment":[{"href":"https:\/\/annaleao.com.br\/site\/wp-json\/wp\/v2\/media?parent=1012"}],"wp:term":[{"taxonomy":"category","embeddable":true,"href":"https:\/\/annaleao.com.br\/site\/wp-json\/wp\/v2\/categories?post=1012"},{"taxonomy":"post_tag","embeddable":true,"href":"https:\/\/annaleao.com.br\/site\/wp-json\/wp\/v2\/tags?post=1012"}],"curies":[{"name":"wp","href":"https:\/\/api.w.org\/{rel}","templated":true}]}}