{"id":1046,"date":"2008-11-06T15:05:00","date_gmt":"2008-11-06T15:05:00","guid":{"rendered":"https:\/\/annaleao.com.br\/site\/paciencia-a-virtude-esquecida\/"},"modified":"2020-03-27T20:03:19","modified_gmt":"2020-03-27T20:03:19","slug":"paciencia-a-virtude-esquecida","status":"publish","type":"post","link":"https:\/\/annaleao.com.br\/site\/paciencia-a-virtude-esquecida\/","title":{"rendered":"Paci\u00eancia &#8211; a virtude esquecida"},"content":{"rendered":"<h4>A paci\u00eancia \u00e9 irm\u00e3 da toler\u00e2ncia e o mundo est\u00e1 precisando muito das duas. Eu, voc\u00ea, todos n\u00f3s, estamos precisando de mais paci\u00eancia e <a href=\"https:\/\/annaleao.com.br\/site\/tolerancia\/\">toler\u00e2ncia<\/a>.<\/h4>\n<p>Num mundo de corre-corre, imediatismo e stress em que vivemos, podemos dizer que a paci\u00eancia foi para o espa\u00e7o.\u00a0Esta preciosa virtude, pouco valorizada, at\u00e9 mesmo menosprezada, deu lugar \u00e0 irrita\u00e7\u00e3o.<\/p>\n<p>Se as coisas est\u00e3o demorando, se algu\u00e9m se atrasa, se n\u00e3o somos atendidos prontamente, em suma, se o mundo n\u00e3o gira ao nosso redor, ficamos irados, irritados, mal-humorados e impacientes.<\/p>\n<p>Observo que muitas vezes esta impaci\u00eancia tem origem na arrog\u00e2ncia e prepot\u00eancia. Aqui o ego se infla de uma maneira que nos sentimos reis e rainhas lidando com s\u00faditos. \u201cSeja feita a minha vontade, aqui e agora!\u201d \u00c9 este o lema.<\/p>\n<p>Neste momento falo do ego no seu sentido negativo, mas ele n\u00e3o \u00e9 s\u00f3 isto. N\u00e3o aguento o costume de falarmos do ego como se ele fosse algo demon\u00edaco, que s\u00f3 existe para nos causar o mal.<\/p>\n<p>O ego tamb\u00e9m tem o seu lado positivo, como quase tudo, ou tudo, na vida. \u00c9 o ego que nos ajuda a colocar limites em v\u00e1rios aspectos de nosso ser e demarcar fronteiras. \u00c9 ele tamb\u00e9m o respons\u00e1vel pela afirma\u00e7\u00e3o de nossa individualidade. Tamb\u00e9m conseguimos com a sua ajuda sermos objetivos, tra\u00e7armos metas e atingi-las.<\/p>\n<p>A quest\u00e3o \u00e9 que devemos control\u00e1-lo e n\u00e3o sermos controlados por ele. \u00c9 uma quest\u00e3o de estar atento e n\u00e3o nos perdermos de nossa ess\u00eancia. Um bom trabalho constante de autoconhecimento nos ajuda a lidarmos melhor com ele.<\/p>\n<p>Voltando \u00e0 paci\u00eancia &#8211; e neste caso, como j\u00e1 disse, o ego \u00e9 muitas vezes culpado &#8211; precisamos aprender a nos desprendermos de coisas pequenas, que na ocasi\u00e3o parecem de extrema import\u00e2ncia, mas n\u00e3o s\u00e3o.<\/p>\n<p>\u00c9 apenas algu\u00e9m que se atrasou para nos atender, ou uma fila que est\u00e1 muito grande no banco porque n\u00f3s fomos at\u00e9 l\u00e1 no momento de maior pique. Ningu\u00e9m est\u00e1 fazendo isto para nos prejudicar, ou porque n\u00e3o tem considera\u00e7\u00e3o ou respeito para conosco.<\/p>\n<p>Precisamos tentar sermos mais leves e vermos as coisas de uma perspectiva mais ampla e n\u00e3o s\u00f3 a partir de nosso umbigo, de nossos complexos e traumas.<\/p>\n<h4>Se n\u00f3s temos dificuldade com a paci\u00eancia de uma forma diferente desta, talvez ela esteja ligada ao componente forte de ansiedade que precisa ser trabalhado.<\/h4>\n<p>Sabe aquela pessoa que est\u00e1 balan\u00e7ando o p\u00e9 enquanto espera em algum lugar? Esta pessoa \u00e9 muito ansiosa e precisa aprender a lidar com isto. Existem muitos exerc\u00edcios para melhorar a ansiedade e algumas coisas que podemos fazer.<\/p>\n<p>Por exemplo, ter algo que vai nos ocupar enquanto esperamos \u00e9 muito bom, pois nos d\u00e1 a sensa\u00e7\u00e3o de que n\u00e3o estamos perdendo tempo, o que \u00e9 importante para muitos. Um livro, um jornal, caneta e papel, ou mesmo um celular, podem ser grandes aliados nestes momentos. Eu, por exemplo, tenho sempre um bloco e caneta dentro da bolsa.<\/p>\n<p>Agora, podemos tamb\u00e9m aproveitar este tempo \u201cocioso\u201d e ficarmos no v\u00e1cuo, isto \u00e9 algo como uma medita\u00e7\u00e3o. Ficarmos, l\u00e1, quietos, olhando para o nada, descansando a mente.<\/p>\n<p>Eu j\u00e1 fui muito assim. Ficava tranquila em um lugar, esperando, divagando em meus pensamentos. Percebi que depois que comecei a fumar (comecei aos 30 anos, mas parei depois de alguns anos), aquela coisa de acender cigarro para tudo, principalmente para esperar, foi me fazendo ficar ansiosa e eu n\u00e3o conseguia mais ficar esperando alguma coisa com tranquilidade.<\/p>\n<p>Mas saindo desta sala de espera, a paci\u00eancia n\u00e3o tem s\u00f3 a ver com o ato de esperar. Ela tamb\u00e9m est\u00e1 presente no trato com as pessoas e at\u00e9 com a nossa rela\u00e7\u00e3o com as coisas do mundo.<\/p>\n<p>A paci\u00eancia \u00e9 irm\u00e3 da toler\u00e2ncia e o mundo est\u00e1 precisando muito das duas. Eu, voc\u00ea, todos n\u00f3s, estamos precisando de mais paci\u00eancia e toler\u00e2ncia. Ajuda muito estar centrado e sereno para desenvolver estas virtudes. Precisamos destas energias femininas, que nem n\u00f3s, mulheres, temos mais.<\/p>\n<p>Que tal come\u00e7armos por n\u00f3s? Recebemos aquilo que doamos. As rela\u00e7\u00f5es s\u00e3o uma permanente troca de energia. Por que mandar uma energia negativa de irritabilidade para algu\u00e9m, criar tumulto em nossa vida e na do outro? Estragar o dia, nosso e do outro, \u00e9 isto que queremos?<\/p>\n<h4>Vamos tentar nos ocuparmos com o que \u00e9 realmente importante e deixarmos nosso imediatismo e insensibilidade de lado. Assim como achamos que merecemos considera\u00e7\u00e3o, o outro tamb\u00e9m merece. Sejamos ent\u00e3o mais tolerantes, mais pacientes, a come\u00e7ar por n\u00f3s mesmos.<\/h4>\n<p>Nota: texto do livro<a href=\"https:\/\/annaleao.com.br\/site\/por-um-pouco-mais-de-felicidade\/\"><em>\u00a0Por um\u00a0 pouco mais de felicidade<\/em><\/a>, de Anna de Le\u00e3o.<\/p>\n<div style=\"margin: 0cm 0cm 0.0001pt;\"><span style=\"font-size: 13.5pt;\">Anna Le\u00e3o (Favor mencionar autoria e fonte ao reproduzir este artigo).<\/span><\/div>\n<div style=\"margin: 0cm 0cm 0.0001pt;\"><span style=\"font-size: 13.5pt;\">\u00a0<\/span><\/div>\n<div style=\"margin: 0cm 0cm 0.0001pt;\"><span style=\"font-size: 13.5pt;\">\u00a0<\/span><\/div>\n","protected":false},"excerpt":{"rendered":"<p>A paci\u00eancia \u00e9 irm\u00e3 da toler\u00e2ncia e o mundo est\u00e1 precisando muito das duas. Eu, voc\u00ea, todos n\u00f3s, estamos precisando de mais paci\u00eancia e toler\u00e2ncia. Num mundo de corre-corre, imediatismo e stress em que vivemos, podemos dizer que a paci\u00eancia foi para o espa\u00e7o.\u00a0Esta preciosa virtude, pouco valorizada, at\u00e9 mesmo menosprezada, deu lugar \u00e0 irrita\u00e7\u00e3o. Se as coisas est\u00e3o demorando, &hellip; <\/p>\n","protected":false},"author":2,"featured_media":2230,"comment_status":"open","ping_status":"open","sticky":false,"template":"","format":"standard","meta":{"jetpack_post_was_ever_published":false,"_jetpack_newsletter_access":"","_jetpack_dont_email_post_to_subs":false,"_jetpack_newsletter_tier_id":0,"_jetpack_memberships_contains_paywalled_content":false,"_jetpack_memberships_contains_paid_content":false,"footnotes":"","jetpack_publicize_message":"","jetpack_publicize_feature_enabled":true,"jetpack_social_post_already_shared":true,"jetpack_social_options":{"image_generator_settings":{"template":"highway","enabled":false},"version":2}},"categories":[184,157],"tags":[13,1135,1136,93,1134],"class_list":["post-1046","post","type-post","status-publish","format-standard","has-post-thumbnail","hentry","category-blog-metamorfose","category-desenvolvimento-pessoal","tag-desenvolvimento-pessoal","tag-paciencia","tag-sagrado-feminino","tag-tolerancia","tag-virtudes"],"yoast_head":"<!-- This site is optimized with the Yoast SEO plugin v25.2 - https:\/\/yoast.com\/wordpress\/plugins\/seo\/ -->\n<title>Paci\u00eancia - a virtude esquecida - ANNA DE LE\u00c3O<\/title>\n<meta name=\"description\" content=\"A paci\u00eancia \u00e9 irm\u00e3 da toler\u00e2ncia e o mundo est\u00e1 precisando muito das duas. Eu, voc\u00ea, todos n\u00f3s, estamos precisando de mais paci\u00eancia e toler\u00e2ncia.\" \/>\n<meta name=\"robots\" content=\"index, follow, max-snippet:-1, max-image-preview:large, max-video-preview:-1\" \/>\n<link rel=\"canonical\" href=\"https:\/\/annaleao.com.br\/site\/paciencia-a-virtude-esquecida\/\" \/>\n<meta property=\"og:locale\" content=\"pt_BR\" \/>\n<meta property=\"og:type\" content=\"article\" \/>\n<meta property=\"og:title\" content=\"Paci\u00eancia - a virtude esquecida - ANNA DE LE\u00c3O\" \/>\n<meta property=\"og:description\" content=\"A paci\u00eancia \u00e9 irm\u00e3 da toler\u00e2ncia e o mundo est\u00e1 precisando muito das duas. Eu, voc\u00ea, todos n\u00f3s, estamos precisando de mais paci\u00eancia e toler\u00e2ncia.\" \/>\n<meta property=\"og:url\" content=\"https:\/\/annaleao.com.br\/site\/paciencia-a-virtude-esquecida\/\" \/>\n<meta property=\"og:site_name\" content=\"ANNA DE LE\u00c3O\" \/>\n<meta property=\"article:published_time\" content=\"2008-11-06T15:05:00+00:00\" \/>\n<meta property=\"article:modified_time\" content=\"2020-03-27T20:03:19+00:00\" \/>\n<meta property=\"og:image\" content=\"https:\/\/annaleao.com.br\/site\/wp-content\/uploads\/2008\/11\/Waiting_in_Heaven_by_deaddolliecand.jpg\" \/>\n\t<meta property=\"og:image:width\" content=\"277\" \/>\n\t<meta property=\"og:image:height\" content=\"400\" \/>\n\t<meta property=\"og:image:type\" content=\"image\/jpeg\" \/>\n<meta name=\"author\" content=\"Anna de Le\u00e3o\" \/>\n<meta name=\"twitter:label1\" content=\"Escrito por\" \/>\n\t<meta name=\"twitter:data1\" content=\"Anna de Le\u00e3o\" \/>\n\t<meta name=\"twitter:label2\" content=\"Est. tempo de leitura\" \/>\n\t<meta name=\"twitter:data2\" content=\"4 minutos\" \/>\n<script type=\"application\/ld+json\" class=\"yoast-schema-graph\">{\"@context\":\"https:\/\/schema.org\",\"@graph\":[{\"@type\":\"WebPage\",\"@id\":\"https:\/\/annaleao.com.br\/site\/paciencia-a-virtude-esquecida\/\",\"url\":\"https:\/\/annaleao.com.br\/site\/paciencia-a-virtude-esquecida\/\",\"name\":\"Paci\u00eancia - a virtude esquecida - ANNA DE LE\u00c3O\",\"isPartOf\":{\"@id\":\"https:\/\/annaleao.com.br\/site\/#website\"},\"primaryImageOfPage\":{\"@id\":\"https:\/\/annaleao.com.br\/site\/paciencia-a-virtude-esquecida\/#primaryimage\"},\"image\":{\"@id\":\"https:\/\/annaleao.com.br\/site\/paciencia-a-virtude-esquecida\/#primaryimage\"},\"thumbnailUrl\":\"https:\/\/annaleao.com.br\/site\/wp-content\/uploads\/2008\/11\/Waiting_in_Heaven_by_deaddolliecand.jpg\",\"datePublished\":\"2008-11-06T15:05:00+00:00\",\"dateModified\":\"2020-03-27T20:03:19+00:00\",\"author\":{\"@id\":\"https:\/\/annaleao.com.br\/site\/#\/schema\/person\/c61c763755650f8b56acd76d44c7bc8c\"},\"description\":\"A paci\u00eancia \u00e9 irm\u00e3 da toler\u00e2ncia e o mundo est\u00e1 precisando muito das duas. Eu, voc\u00ea, todos n\u00f3s, estamos precisando de mais paci\u00eancia e toler\u00e2ncia.\",\"breadcrumb\":{\"@id\":\"https:\/\/annaleao.com.br\/site\/paciencia-a-virtude-esquecida\/#breadcrumb\"},\"inLanguage\":\"pt-BR\",\"potentialAction\":[{\"@type\":\"ReadAction\",\"target\":[\"https:\/\/annaleao.com.br\/site\/paciencia-a-virtude-esquecida\/\"]}]},{\"@type\":\"ImageObject\",\"inLanguage\":\"pt-BR\",\"@id\":\"https:\/\/annaleao.com.br\/site\/paciencia-a-virtude-esquecida\/#primaryimage\",\"url\":\"https:\/\/annaleao.com.br\/site\/wp-content\/uploads\/2008\/11\/Waiting_in_Heaven_by_deaddolliecand.jpg\",\"contentUrl\":\"https:\/\/annaleao.com.br\/site\/wp-content\/uploads\/2008\/11\/Waiting_in_Heaven_by_deaddolliecand.jpg\",\"width\":277,\"height\":400},{\"@type\":\"BreadcrumbList\",\"@id\":\"https:\/\/annaleao.com.br\/site\/paciencia-a-virtude-esquecida\/#breadcrumb\",\"itemListElement\":[{\"@type\":\"ListItem\",\"position\":1,\"name\":\"In\u00edcio\",\"item\":\"https:\/\/annaleao.com.br\/site\/\"},{\"@type\":\"ListItem\",\"position\":2,\"name\":\"Paci\u00eancia &#8211; a virtude esquecida\"}]},{\"@type\":\"WebSite\",\"@id\":\"https:\/\/annaleao.com.br\/site\/#website\",\"url\":\"https:\/\/annaleao.com.br\/site\/\",\"name\":\"ANNA DE LE\u00c3O\",\"description\":\" Escritora e Terapeuta\",\"potentialAction\":[{\"@type\":\"SearchAction\",\"target\":{\"@type\":\"EntryPoint\",\"urlTemplate\":\"https:\/\/annaleao.com.br\/site\/?s={search_term_string}\"},\"query-input\":{\"@type\":\"PropertyValueSpecification\",\"valueRequired\":true,\"valueName\":\"search_term_string\"}}],\"inLanguage\":\"pt-BR\"},{\"@type\":\"Person\",\"@id\":\"https:\/\/annaleao.com.br\/site\/#\/schema\/person\/c61c763755650f8b56acd76d44c7bc8c\",\"name\":\"Anna de Le\u00e3o\",\"image\":{\"@type\":\"ImageObject\",\"inLanguage\":\"pt-BR\",\"@id\":\"https:\/\/annaleao.com.br\/site\/#\/schema\/person\/image\/\",\"url\":\"https:\/\/secure.gravatar.com\/avatar\/e29860c6ef57760b67570c34e3948ba9de10eb9b2e2f20081d0061a7233daf60?s=96&d=blank&r=g\",\"contentUrl\":\"https:\/\/secure.gravatar.com\/avatar\/e29860c6ef57760b67570c34e3948ba9de10eb9b2e2f20081d0061a7233daf60?s=96&d=blank&r=g\",\"caption\":\"Anna de Le\u00e3o\"},\"sameAs\":[\"http:\/\/www.annaleao.com.br\",\"https:\/\/x.com\/https:\/\/www.instagram.com\/annadeleao\"],\"url\":\"https:\/\/annaleao.com.br\/site\/author\/anna\/\"}]}<\/script>\n<!-- \/ Yoast SEO plugin. -->","yoast_head_json":{"title":"Paci\u00eancia - a virtude esquecida - ANNA DE LE\u00c3O","description":"A paci\u00eancia \u00e9 irm\u00e3 da toler\u00e2ncia e o mundo est\u00e1 precisando muito das duas. Eu, voc\u00ea, todos n\u00f3s, estamos precisando de mais paci\u00eancia e toler\u00e2ncia.","robots":{"index":"index","follow":"follow","max-snippet":"max-snippet:-1","max-image-preview":"max-image-preview:large","max-video-preview":"max-video-preview:-1"},"canonical":"https:\/\/annaleao.com.br\/site\/paciencia-a-virtude-esquecida\/","og_locale":"pt_BR","og_type":"article","og_title":"Paci\u00eancia - a virtude esquecida - ANNA DE LE\u00c3O","og_description":"A paci\u00eancia \u00e9 irm\u00e3 da toler\u00e2ncia e o mundo est\u00e1 precisando muito das duas. Eu, voc\u00ea, todos n\u00f3s, estamos precisando de mais paci\u00eancia e toler\u00e2ncia.","og_url":"https:\/\/annaleao.com.br\/site\/paciencia-a-virtude-esquecida\/","og_site_name":"ANNA DE LE\u00c3O","article_published_time":"2008-11-06T15:05:00+00:00","article_modified_time":"2020-03-27T20:03:19+00:00","og_image":[{"width":277,"height":400,"url":"https:\/\/annaleao.com.br\/site\/wp-content\/uploads\/2008\/11\/Waiting_in_Heaven_by_deaddolliecand.jpg","type":"image\/jpeg"}],"author":"Anna de Le\u00e3o","twitter_misc":{"Escrito por":"Anna de Le\u00e3o","Est. tempo de leitura":"4 minutos"},"schema":{"@context":"https:\/\/schema.org","@graph":[{"@type":"WebPage","@id":"https:\/\/annaleao.com.br\/site\/paciencia-a-virtude-esquecida\/","url":"https:\/\/annaleao.com.br\/site\/paciencia-a-virtude-esquecida\/","name":"Paci\u00eancia - a virtude esquecida - ANNA DE LE\u00c3O","isPartOf":{"@id":"https:\/\/annaleao.com.br\/site\/#website"},"primaryImageOfPage":{"@id":"https:\/\/annaleao.com.br\/site\/paciencia-a-virtude-esquecida\/#primaryimage"},"image":{"@id":"https:\/\/annaleao.com.br\/site\/paciencia-a-virtude-esquecida\/#primaryimage"},"thumbnailUrl":"https:\/\/annaleao.com.br\/site\/wp-content\/uploads\/2008\/11\/Waiting_in_Heaven_by_deaddolliecand.jpg","datePublished":"2008-11-06T15:05:00+00:00","dateModified":"2020-03-27T20:03:19+00:00","author":{"@id":"https:\/\/annaleao.com.br\/site\/#\/schema\/person\/c61c763755650f8b56acd76d44c7bc8c"},"description":"A paci\u00eancia \u00e9 irm\u00e3 da toler\u00e2ncia e o mundo est\u00e1 precisando muito das duas. Eu, voc\u00ea, todos n\u00f3s, estamos precisando de mais paci\u00eancia e toler\u00e2ncia.","breadcrumb":{"@id":"https:\/\/annaleao.com.br\/site\/paciencia-a-virtude-esquecida\/#breadcrumb"},"inLanguage":"pt-BR","potentialAction":[{"@type":"ReadAction","target":["https:\/\/annaleao.com.br\/site\/paciencia-a-virtude-esquecida\/"]}]},{"@type":"ImageObject","inLanguage":"pt-BR","@id":"https:\/\/annaleao.com.br\/site\/paciencia-a-virtude-esquecida\/#primaryimage","url":"https:\/\/annaleao.com.br\/site\/wp-content\/uploads\/2008\/11\/Waiting_in_Heaven_by_deaddolliecand.jpg","contentUrl":"https:\/\/annaleao.com.br\/site\/wp-content\/uploads\/2008\/11\/Waiting_in_Heaven_by_deaddolliecand.jpg","width":277,"height":400},{"@type":"BreadcrumbList","@id":"https:\/\/annaleao.com.br\/site\/paciencia-a-virtude-esquecida\/#breadcrumb","itemListElement":[{"@type":"ListItem","position":1,"name":"In\u00edcio","item":"https:\/\/annaleao.com.br\/site\/"},{"@type":"ListItem","position":2,"name":"Paci\u00eancia &#8211; a virtude esquecida"}]},{"@type":"WebSite","@id":"https:\/\/annaleao.com.br\/site\/#website","url":"https:\/\/annaleao.com.br\/site\/","name":"ANNA DE LE\u00c3O","description":" Escritora e Terapeuta","potentialAction":[{"@type":"SearchAction","target":{"@type":"EntryPoint","urlTemplate":"https:\/\/annaleao.com.br\/site\/?s={search_term_string}"},"query-input":{"@type":"PropertyValueSpecification","valueRequired":true,"valueName":"search_term_string"}}],"inLanguage":"pt-BR"},{"@type":"Person","@id":"https:\/\/annaleao.com.br\/site\/#\/schema\/person\/c61c763755650f8b56acd76d44c7bc8c","name":"Anna de Le\u00e3o","image":{"@type":"ImageObject","inLanguage":"pt-BR","@id":"https:\/\/annaleao.com.br\/site\/#\/schema\/person\/image\/","url":"https:\/\/secure.gravatar.com\/avatar\/e29860c6ef57760b67570c34e3948ba9de10eb9b2e2f20081d0061a7233daf60?s=96&d=blank&r=g","contentUrl":"https:\/\/secure.gravatar.com\/avatar\/e29860c6ef57760b67570c34e3948ba9de10eb9b2e2f20081d0061a7233daf60?s=96&d=blank&r=g","caption":"Anna de Le\u00e3o"},"sameAs":["http:\/\/www.annaleao.com.br","https:\/\/x.com\/https:\/\/www.instagram.com\/annadeleao"],"url":"https:\/\/annaleao.com.br\/site\/author\/anna\/"}]}},"jetpack_publicize_connections":[],"jetpack_featured_media_url":"https:\/\/annaleao.com.br\/site\/wp-content\/uploads\/2008\/11\/Waiting_in_Heaven_by_deaddolliecand.jpg","jetpack_sharing_enabled":true,"jetpack_shortlink":"https:\/\/wp.me\/p8nt2H-gS","jetpack-related-posts":[],"_links":{"self":[{"href":"https:\/\/annaleao.com.br\/site\/wp-json\/wp\/v2\/posts\/1046","targetHints":{"allow":["GET"]}}],"collection":[{"href":"https:\/\/annaleao.com.br\/site\/wp-json\/wp\/v2\/posts"}],"about":[{"href":"https:\/\/annaleao.com.br\/site\/wp-json\/wp\/v2\/types\/post"}],"author":[{"embeddable":true,"href":"https:\/\/annaleao.com.br\/site\/wp-json\/wp\/v2\/users\/2"}],"replies":[{"embeddable":true,"href":"https:\/\/annaleao.com.br\/site\/wp-json\/wp\/v2\/comments?post=1046"}],"version-history":[{"count":7,"href":"https:\/\/annaleao.com.br\/site\/wp-json\/wp\/v2\/posts\/1046\/revisions"}],"predecessor-version":[{"id":3168,"href":"https:\/\/annaleao.com.br\/site\/wp-json\/wp\/v2\/posts\/1046\/revisions\/3168"}],"wp:featuredmedia":[{"embeddable":true,"href":"https:\/\/annaleao.com.br\/site\/wp-json\/wp\/v2\/media\/2230"}],"wp:attachment":[{"href":"https:\/\/annaleao.com.br\/site\/wp-json\/wp\/v2\/media?parent=1046"}],"wp:term":[{"taxonomy":"category","embeddable":true,"href":"https:\/\/annaleao.com.br\/site\/wp-json\/wp\/v2\/categories?post=1046"},{"taxonomy":"post_tag","embeddable":true,"href":"https:\/\/annaleao.com.br\/site\/wp-json\/wp\/v2\/tags?post=1046"}],"curies":[{"name":"wp","href":"https:\/\/api.w.org\/{rel}","templated":true}]}}