{"id":1060,"date":"2008-10-23T11:59:00","date_gmt":"2008-10-23T11:59:00","guid":{"rendered":"https:\/\/annaleao.com.br\/site\/tomar-as-redeas-da-propria-vida\/"},"modified":"2008-10-23T11:59:00","modified_gmt":"2008-10-23T11:59:00","slug":"tomar-as-redeas-da-propria-vida","status":"publish","type":"post","link":"https:\/\/annaleao.com.br\/site\/tomar-as-redeas-da-propria-vida\/","title":{"rendered":"Tomar as R\u00e9deas da Pr\u00f3pria Vida!"},"content":{"rendered":"<table style=\"width: auto;\">\n<tbody>\n<tr>\n<td><a href=\"http:\/\/picasaweb.google.com.br\/lh\/photo\/JCyQLV09rnWuMXctndayzA?authkey=0wzAI9YjqOg\"><img decoding=\"async\" src=\"https:\/\/lh4.ggpht.com\/annaleaometamorfose\/SQBxxtxNOZI\/AAAAAAAAA3Y\/UzA7qDUF5OE\/s800\/Imagem%20208.jpg\" \/><\/a><\/td>\n<\/tr>\n<tr>\n<td style=\"font-family: arial,sans-serif; font-size: 11px; text-align: right;\">De <a href=\"http:\/\/picasaweb.google.com.br\/annaleaometamorfose\/Metamorfose?authkey=0wzAI9YjqOg\">Metamorfose<\/a><\/td>\n<\/tr>\n<\/tbody>\n<\/table>\n<p>Tomar as r\u00e9deas da pr\u00f3pria vida \u00e9 primeiramente se centrar. <\/p>\n<p>S\u00f3 assim podemos escolher, decidir e nos impor.<\/p>\n<p>Tomar as r\u00e9deas \u00e9 saber correr riscos, \u00e9 saber ousar.<\/p>\n<p>Mas \u00e9 tamb\u00e9m saber parar, ouvir e observar.<\/p>\n<p>Tomar as r\u00e9deas \u00e9 se independer de qualquer submiss\u00e3o.<\/p>\n<p>\u00c9 tamb\u00e9m criar coragem e ter auto-confian\u00e7a.<\/p>\n<p>Se bem que esta vem cada vez mais quando se est\u00e1 com as r\u00e9deas na m\u00e3o.<\/p>\n<p>Tomar as r\u00e9deas \u00e9 se sentir livre e confiante. Mesmo que a princ\u00edpio tenhamos come\u00e7ado com medo.<\/p>\n<p>Tomar as r\u00e9deas \u00e9 cavalgar em busca de nossos sonhos, \u00e9 n\u00e3o se deixar levar pelos outros e nem pelas circunst\u00e2ncias.<\/p>\n<p>Talvez precisemos parar, esperar, ou ir por outro caminho, mas nunca largar as r\u00e9deas (outros podem querer peg\u00e1-las).<\/p>\n<p>Tomar as r\u00e9deas da pr\u00f3pria vida \u00e9 um direito leg\u00edtimo e muitas vezes pode ser feita pelo toque da seda e n\u00e3o necessariamente pela for\u00e7a da espada.<\/p>\n<p>Anna Le\u00e3o. (Favor mencionar fonte e autoria ao reproduzir este texto).<\/p>\n<p><a href=\"http:\/\/photobucket.com\/images\/estrelas\" target=\"_blank\"><img decoding=\"async\" alt=\"estrelas Pictures, Images and Photos\" border=\"0\" src=\"https:\/\/i242.photobucket.com\/albums\/ff247\/Caroline-azevedo\/STAR1062636363626262626263.gif\" \/><\/a><\/p>\n","protected":false},"excerpt":{"rendered":"<p>De Metamorfose Tomar as r\u00e9deas da pr\u00f3pria vida \u00e9 primeiramente se centrar. S\u00f3 assim podemos escolher, decidir e nos impor. Tomar as r\u00e9deas \u00e9 saber correr riscos, \u00e9 saber ousar. Mas \u00e9 tamb\u00e9m saber parar, ouvir e observar. Tomar as r\u00e9deas \u00e9 se independer de qualquer submiss\u00e3o. \u00c9 tamb\u00e9m criar coragem e ter auto-confian\u00e7a. Se bem que esta vem cada &hellip; <\/p>\n","protected":false},"author":2,"featured_media":0,"comment_status":"open","ping_status":"open","sticky":false,"template":"","format":"standard","meta":{"jetpack_post_was_ever_published":false,"_jetpack_newsletter_access":"","_jetpack_dont_email_post_to_subs":false,"_jetpack_newsletter_tier_id":0,"_jetpack_memberships_contains_paywalled_content":false,"_jetpack_memberships_contains_paid_content":false,"footnotes":"","jetpack_publicize_message":"","jetpack_publicize_feature_enabled":true,"jetpack_social_post_already_shared":true,"jetpack_social_options":{"image_generator_settings":{"template":"highway","enabled":false},"version":2}},"categories":[1],"tags":[],"class_list":["post-1060","post","type-post","status-publish","format-standard","hentry","category-sem-categoria"],"yoast_head":"<!-- This site is optimized with the Yoast SEO plugin v25.2 - https:\/\/yoast.com\/wordpress\/plugins\/seo\/ -->\n<title>Tomar as R\u00e9deas da Pr\u00f3pria Vida! - ANNA DE LE\u00c3O<\/title>\n<meta name=\"robots\" content=\"index, follow, max-snippet:-1, max-image-preview:large, max-video-preview:-1\" \/>\n<link rel=\"canonical\" href=\"https:\/\/annaleao.com.br\/site\/tomar-as-redeas-da-propria-vida\/\" \/>\n<meta property=\"og:locale\" content=\"pt_BR\" \/>\n<meta property=\"og:type\" content=\"article\" \/>\n<meta property=\"og:title\" content=\"Tomar as R\u00e9deas da Pr\u00f3pria Vida! - ANNA DE LE\u00c3O\" \/>\n<meta property=\"og:description\" content=\"De Metamorfose Tomar as r\u00e9deas da pr\u00f3pria vida \u00e9 primeiramente se centrar. S\u00f3 assim podemos escolher, decidir e nos impor. Tomar as r\u00e9deas \u00e9 saber correr riscos, \u00e9 saber ousar. Mas \u00e9 tamb\u00e9m saber parar, ouvir e observar. Tomar as r\u00e9deas \u00e9 se independer de qualquer submiss\u00e3o. \u00c9 tamb\u00e9m criar coragem e ter auto-confian\u00e7a. Se bem que esta vem cada &hellip;\" \/>\n<meta property=\"og:url\" content=\"https:\/\/annaleao.com.br\/site\/tomar-as-redeas-da-propria-vida\/\" \/>\n<meta property=\"og:site_name\" content=\"ANNA DE LE\u00c3O\" \/>\n<meta property=\"article:published_time\" content=\"2008-10-23T11:59:00+00:00\" \/>\n<meta property=\"og:image\" content=\"https:\/\/lh4.ggpht.com\/annaleaometamorfose\/SQBxxtxNOZI\/AAAAAAAAA3Y\/UzA7qDUF5OE\/s800\/Imagem%20208.jpg\" \/>\n<meta name=\"author\" content=\"Anna de Le\u00e3o\" \/>\n<meta name=\"twitter:label1\" content=\"Escrito por\" \/>\n\t<meta name=\"twitter:data1\" content=\"Anna de Le\u00e3o\" \/>\n\t<meta name=\"twitter:label2\" content=\"Est. tempo de leitura\" \/>\n\t<meta name=\"twitter:data2\" content=\"1 minuto\" \/>\n<script type=\"application\/ld+json\" class=\"yoast-schema-graph\">{\"@context\":\"https:\/\/schema.org\",\"@graph\":[{\"@type\":\"WebPage\",\"@id\":\"https:\/\/annaleao.com.br\/site\/tomar-as-redeas-da-propria-vida\/\",\"url\":\"https:\/\/annaleao.com.br\/site\/tomar-as-redeas-da-propria-vida\/\",\"name\":\"Tomar as R\u00e9deas da Pr\u00f3pria Vida! - ANNA DE LE\u00c3O\",\"isPartOf\":{\"@id\":\"https:\/\/annaleao.com.br\/site\/#website\"},\"primaryImageOfPage\":{\"@id\":\"https:\/\/annaleao.com.br\/site\/tomar-as-redeas-da-propria-vida\/#primaryimage\"},\"image\":{\"@id\":\"https:\/\/annaleao.com.br\/site\/tomar-as-redeas-da-propria-vida\/#primaryimage\"},\"thumbnailUrl\":\"https:\/\/lh4.ggpht.com\/annaleaometamorfose\/SQBxxtxNOZI\/AAAAAAAAA3Y\/UzA7qDUF5OE\/s800\/Imagem%20208.jpg\",\"datePublished\":\"2008-10-23T11:59:00+00:00\",\"author\":{\"@id\":\"https:\/\/annaleao.com.br\/site\/#\/schema\/person\/c61c763755650f8b56acd76d44c7bc8c\"},\"breadcrumb\":{\"@id\":\"https:\/\/annaleao.com.br\/site\/tomar-as-redeas-da-propria-vida\/#breadcrumb\"},\"inLanguage\":\"pt-BR\",\"potentialAction\":[{\"@type\":\"ReadAction\",\"target\":[\"https:\/\/annaleao.com.br\/site\/tomar-as-redeas-da-propria-vida\/\"]}]},{\"@type\":\"ImageObject\",\"inLanguage\":\"pt-BR\",\"@id\":\"https:\/\/annaleao.com.br\/site\/tomar-as-redeas-da-propria-vida\/#primaryimage\",\"url\":\"https:\/\/lh4.ggpht.com\/annaleaometamorfose\/SQBxxtxNOZI\/AAAAAAAAA3Y\/UzA7qDUF5OE\/s800\/Imagem%20208.jpg\",\"contentUrl\":\"https:\/\/lh4.ggpht.com\/annaleaometamorfose\/SQBxxtxNOZI\/AAAAAAAAA3Y\/UzA7qDUF5OE\/s800\/Imagem%20208.jpg\"},{\"@type\":\"BreadcrumbList\",\"@id\":\"https:\/\/annaleao.com.br\/site\/tomar-as-redeas-da-propria-vida\/#breadcrumb\",\"itemListElement\":[{\"@type\":\"ListItem\",\"position\":1,\"name\":\"In\u00edcio\",\"item\":\"https:\/\/annaleao.com.br\/site\/\"},{\"@type\":\"ListItem\",\"position\":2,\"name\":\"Tomar as R\u00e9deas da Pr\u00f3pria Vida!\"}]},{\"@type\":\"WebSite\",\"@id\":\"https:\/\/annaleao.com.br\/site\/#website\",\"url\":\"https:\/\/annaleao.com.br\/site\/\",\"name\":\"ANNA DE LE\u00c3O\",\"description\":\" Escritora e Terapeuta\",\"potentialAction\":[{\"@type\":\"SearchAction\",\"target\":{\"@type\":\"EntryPoint\",\"urlTemplate\":\"https:\/\/annaleao.com.br\/site\/?s={search_term_string}\"},\"query-input\":{\"@type\":\"PropertyValueSpecification\",\"valueRequired\":true,\"valueName\":\"search_term_string\"}}],\"inLanguage\":\"pt-BR\"},{\"@type\":\"Person\",\"@id\":\"https:\/\/annaleao.com.br\/site\/#\/schema\/person\/c61c763755650f8b56acd76d44c7bc8c\",\"name\":\"Anna de Le\u00e3o\",\"image\":{\"@type\":\"ImageObject\",\"inLanguage\":\"pt-BR\",\"@id\":\"https:\/\/annaleao.com.br\/site\/#\/schema\/person\/image\/\",\"url\":\"https:\/\/secure.gravatar.com\/avatar\/e29860c6ef57760b67570c34e3948ba9de10eb9b2e2f20081d0061a7233daf60?s=96&d=blank&r=g\",\"contentUrl\":\"https:\/\/secure.gravatar.com\/avatar\/e29860c6ef57760b67570c34e3948ba9de10eb9b2e2f20081d0061a7233daf60?s=96&d=blank&r=g\",\"caption\":\"Anna de Le\u00e3o\"},\"sameAs\":[\"http:\/\/www.annaleao.com.br\",\"https:\/\/x.com\/https:\/\/www.instagram.com\/annadeleao\"],\"url\":\"https:\/\/annaleao.com.br\/site\/author\/anna\/\"}]}<\/script>\n<!-- \/ Yoast SEO plugin. -->","yoast_head_json":{"title":"Tomar as R\u00e9deas da Pr\u00f3pria Vida! - ANNA DE LE\u00c3O","robots":{"index":"index","follow":"follow","max-snippet":"max-snippet:-1","max-image-preview":"max-image-preview:large","max-video-preview":"max-video-preview:-1"},"canonical":"https:\/\/annaleao.com.br\/site\/tomar-as-redeas-da-propria-vida\/","og_locale":"pt_BR","og_type":"article","og_title":"Tomar as R\u00e9deas da Pr\u00f3pria Vida! - ANNA DE LE\u00c3O","og_description":"De Metamorfose Tomar as r\u00e9deas da pr\u00f3pria vida \u00e9 primeiramente se centrar. S\u00f3 assim podemos escolher, decidir e nos impor. Tomar as r\u00e9deas \u00e9 saber correr riscos, \u00e9 saber ousar. Mas \u00e9 tamb\u00e9m saber parar, ouvir e observar. Tomar as r\u00e9deas \u00e9 se independer de qualquer submiss\u00e3o. \u00c9 tamb\u00e9m criar coragem e ter auto-confian\u00e7a. Se bem que esta vem cada &hellip;","og_url":"https:\/\/annaleao.com.br\/site\/tomar-as-redeas-da-propria-vida\/","og_site_name":"ANNA DE LE\u00c3O","article_published_time":"2008-10-23T11:59:00+00:00","og_image":[{"url":"https:\/\/lh4.ggpht.com\/annaleaometamorfose\/SQBxxtxNOZI\/AAAAAAAAA3Y\/UzA7qDUF5OE\/s800\/Imagem%20208.jpg","type":"","width":"","height":""}],"author":"Anna de Le\u00e3o","twitter_misc":{"Escrito por":"Anna de Le\u00e3o","Est. tempo de leitura":"1 minuto"},"schema":{"@context":"https:\/\/schema.org","@graph":[{"@type":"WebPage","@id":"https:\/\/annaleao.com.br\/site\/tomar-as-redeas-da-propria-vida\/","url":"https:\/\/annaleao.com.br\/site\/tomar-as-redeas-da-propria-vida\/","name":"Tomar as R\u00e9deas da Pr\u00f3pria Vida! - ANNA DE LE\u00c3O","isPartOf":{"@id":"https:\/\/annaleao.com.br\/site\/#website"},"primaryImageOfPage":{"@id":"https:\/\/annaleao.com.br\/site\/tomar-as-redeas-da-propria-vida\/#primaryimage"},"image":{"@id":"https:\/\/annaleao.com.br\/site\/tomar-as-redeas-da-propria-vida\/#primaryimage"},"thumbnailUrl":"https:\/\/lh4.ggpht.com\/annaleaometamorfose\/SQBxxtxNOZI\/AAAAAAAAA3Y\/UzA7qDUF5OE\/s800\/Imagem%20208.jpg","datePublished":"2008-10-23T11:59:00+00:00","author":{"@id":"https:\/\/annaleao.com.br\/site\/#\/schema\/person\/c61c763755650f8b56acd76d44c7bc8c"},"breadcrumb":{"@id":"https:\/\/annaleao.com.br\/site\/tomar-as-redeas-da-propria-vida\/#breadcrumb"},"inLanguage":"pt-BR","potentialAction":[{"@type":"ReadAction","target":["https:\/\/annaleao.com.br\/site\/tomar-as-redeas-da-propria-vida\/"]}]},{"@type":"ImageObject","inLanguage":"pt-BR","@id":"https:\/\/annaleao.com.br\/site\/tomar-as-redeas-da-propria-vida\/#primaryimage","url":"https:\/\/lh4.ggpht.com\/annaleaometamorfose\/SQBxxtxNOZI\/AAAAAAAAA3Y\/UzA7qDUF5OE\/s800\/Imagem%20208.jpg","contentUrl":"https:\/\/lh4.ggpht.com\/annaleaometamorfose\/SQBxxtxNOZI\/AAAAAAAAA3Y\/UzA7qDUF5OE\/s800\/Imagem%20208.jpg"},{"@type":"BreadcrumbList","@id":"https:\/\/annaleao.com.br\/site\/tomar-as-redeas-da-propria-vida\/#breadcrumb","itemListElement":[{"@type":"ListItem","position":1,"name":"In\u00edcio","item":"https:\/\/annaleao.com.br\/site\/"},{"@type":"ListItem","position":2,"name":"Tomar as R\u00e9deas da Pr\u00f3pria Vida!"}]},{"@type":"WebSite","@id":"https:\/\/annaleao.com.br\/site\/#website","url":"https:\/\/annaleao.com.br\/site\/","name":"ANNA DE LE\u00c3O","description":" Escritora e Terapeuta","potentialAction":[{"@type":"SearchAction","target":{"@type":"EntryPoint","urlTemplate":"https:\/\/annaleao.com.br\/site\/?s={search_term_string}"},"query-input":{"@type":"PropertyValueSpecification","valueRequired":true,"valueName":"search_term_string"}}],"inLanguage":"pt-BR"},{"@type":"Person","@id":"https:\/\/annaleao.com.br\/site\/#\/schema\/person\/c61c763755650f8b56acd76d44c7bc8c","name":"Anna de Le\u00e3o","image":{"@type":"ImageObject","inLanguage":"pt-BR","@id":"https:\/\/annaleao.com.br\/site\/#\/schema\/person\/image\/","url":"https:\/\/secure.gravatar.com\/avatar\/e29860c6ef57760b67570c34e3948ba9de10eb9b2e2f20081d0061a7233daf60?s=96&d=blank&r=g","contentUrl":"https:\/\/secure.gravatar.com\/avatar\/e29860c6ef57760b67570c34e3948ba9de10eb9b2e2f20081d0061a7233daf60?s=96&d=blank&r=g","caption":"Anna de Le\u00e3o"},"sameAs":["http:\/\/www.annaleao.com.br","https:\/\/x.com\/https:\/\/www.instagram.com\/annadeleao"],"url":"https:\/\/annaleao.com.br\/site\/author\/anna\/"}]}},"jetpack_publicize_connections":[],"jetpack_featured_media_url":"","jetpack_sharing_enabled":true,"jetpack_shortlink":"https:\/\/wp.me\/p8nt2H-h6","jetpack-related-posts":[],"_links":{"self":[{"href":"https:\/\/annaleao.com.br\/site\/wp-json\/wp\/v2\/posts\/1060","targetHints":{"allow":["GET"]}}],"collection":[{"href":"https:\/\/annaleao.com.br\/site\/wp-json\/wp\/v2\/posts"}],"about":[{"href":"https:\/\/annaleao.com.br\/site\/wp-json\/wp\/v2\/types\/post"}],"author":[{"embeddable":true,"href":"https:\/\/annaleao.com.br\/site\/wp-json\/wp\/v2\/users\/2"}],"replies":[{"embeddable":true,"href":"https:\/\/annaleao.com.br\/site\/wp-json\/wp\/v2\/comments?post=1060"}],"version-history":[{"count":0,"href":"https:\/\/annaleao.com.br\/site\/wp-json\/wp\/v2\/posts\/1060\/revisions"}],"wp:attachment":[{"href":"https:\/\/annaleao.com.br\/site\/wp-json\/wp\/v2\/media?parent=1060"}],"wp:term":[{"taxonomy":"category","embeddable":true,"href":"https:\/\/annaleao.com.br\/site\/wp-json\/wp\/v2\/categories?post=1060"},{"taxonomy":"post_tag","embeddable":true,"href":"https:\/\/annaleao.com.br\/site\/wp-json\/wp\/v2\/tags?post=1060"}],"curies":[{"name":"wp","href":"https:\/\/api.w.org\/{rel}","templated":true}]}}