{"id":1110,"date":"2008-09-10T13:48:00","date_gmt":"2008-09-10T13:48:00","guid":{"rendered":"https:\/\/annaleao.com.br\/site\/a-arte-de-celebrar\/"},"modified":"2019-12-12T19:05:26","modified_gmt":"2019-12-12T19:05:26","slug":"a-arte-de-celebrar","status":"publish","type":"post","link":"https:\/\/annaleao.com.br\/site\/a-arte-de-celebrar\/","title":{"rendered":"A arte e a import\u00e2ncia de celebrar"},"content":{"rendered":"<p>A arte e a import\u00e2ncia de celebrar!<\/p>\n<p>Todos n\u00f3s celebramos datas festivas, principalmente o nosso anivers\u00e1rio. Tem gente que n\u00e3o gosta, que n\u00e3o v\u00ea o porqu\u00ea de comemorar o fato de ficar mais velho. Bobagem!<\/p>\n<p>Velho todos n\u00f3s ficaremos, a n\u00e3o ser que morramos antes. O importante \u00e9 curtir cada etapa da vida com o que ela oferece de melhor, e n\u00e3o ficar preso a coisas que n\u00e3o fazem mais sentido.<\/p>\n<p>Mas o que muita gente n\u00e3o sabe \u00e9 o que est\u00e1 por tr\u00e1s das celebra\u00e7\u00f5es. Celebrar \u00e9 quase sin\u00f4nimo de festa, at\u00e9 porque existem mil maneiras de festejar uma data.<\/p>\n<h4>A<a href=\"https:\/\/annaleao.com.br\/site\/mudando-energia\/\"> energia<\/a> da festa \u00e9 uma energia de expans\u00e3o. O conv\u00edvio com outras pessoas \u00e9 o significado da troca com o externo e o desejo de se relacionar e de se expandir socialmente. Somos seres sociais, isto n\u00e3o pode ser negado.<\/h4>\n<p>Quando estamos em conto com mais pessoas, com uma vida mais movimentada, n\u00f3s desabrochamos. Nossa vida ganha um novo colorido, mais intenso e radiante.<\/p>\n<p>Lembre-se de momentos de sua vida em que voc\u00ea estava mais social, em contato f\u00edsico com mais pessoas, mesmo um contato profissional, e o compare com momentos mais solit\u00e1rios. Percebeu a diferen\u00e7a na sua energia, no seu semblante?<\/p>\n<p>Claro que quando falo em estar em contato com outras pessoas, falo em contatos positivos e de qualidade. Mas o mais importante \u00e9 perceber a sua vibra\u00e7\u00e3o.<\/p>\n<p>Voltando ao nosso tema, quando falo em celebra\u00e7\u00e3o, o seu objeto tamb\u00e9m \u00e9 muito importante, claro. Ele \u00e9 valorizado, ovacionado, homenageado.<\/p>\n<p>Quando \u00e9 uma data religiosa, o objeto da homenagem ganha uma for\u00e7a muito grande. Sua energia \u00e9 potencializada e ancorada. Todos que est\u00e3o presentes em sintonia com aquela celebra\u00e7\u00e3o recebem um pouco desta energia, s\u00e3o aben\u00e7oados.<\/p>\n<p>Podemos aproveitar muito bem as energias potencializadas nestas celebra\u00e7\u00f5es nos sintonizando com elas. E \u00e9 claro que elas variam muito de acordo com a celebra\u00e7\u00e3o e a tradi\u00e7\u00e3o em quest\u00e3o.<\/p>\n<p>A celebra\u00e7\u00e3o de anivers\u00e1rio n\u00e3o foge muito disso. \u00c9 um ato de autoestima e autovaloriza\u00e7\u00e3o. A homenagem que se recebe de amigos e familiares \u00e9 uma energia de positividade em nossas vidas.<\/p>\n<h4>A alegria presente nas comemora\u00e7\u00f5es, assim como os prazeres da vida s\u00e3o d\u00e1divas que recebemos. N\u00e3o valorizar isto \u00e9 n\u00e3o estar aberto para a <a href=\"https:\/\/annaleao.com.br\/site\/felicidade\/\">felicidade<\/a> e para as b\u00ean\u00e7\u00e3os de abund\u00e2ncia do Universo. N\u00e3o celebrar \u00e9 estar contido, limitado. N\u00e3o celebrar seu anivers\u00e1rio \u00e9 n\u00e3o se valorizar.<\/h4>\n<p>Uma simples festa sem motivo nenhum j\u00e1 marca a energia de expans\u00e3o sendo vivenciada. Imagine ent\u00e3o o dia do seu anivers\u00e1rio, ou de um amigo, ou a comemora\u00e7\u00e3o de um acontecimento importante, ou uma data religiosa que tenha significado para voc\u00ea!<\/p>\n<p>Os ritos de passagens de algumas religi\u00f5es antigas eram comemora\u00e7\u00f5es de momento cruciais na vida de um indiv\u00edduo. Nada \u00e9 por acaso. Tudo tem um significado mesmo que, aparentemente, n\u00e3o o conhe\u00e7amos.<\/p>\n<h4>Dever\u00edamos cultivar o h\u00e1bito de celebrar as coisas boas que nos acontecem. Pessoas que costumam fazer isto s\u00e3o mais felizes e irradiam uma vibra\u00e7\u00e3o positiva, perceba isso!<\/h4>\n<p>Agora que voc\u00ea conhece a energia por tr\u00e1s das celebra\u00e7\u00f5es n\u00e3o tenha vergonha de celebrar. Anime-se e aproveite para absorver as boas energias. E tenha em mente que a celebra\u00e7\u00e3o tamb\u00e9m \u00e9 uma forma de demonstrar gratid\u00e3o ao Universo.<\/p>\n<div><\/div>\n<div style=\"margin: 0cm 0cm 13.5pt 0cm;\"><span style=\"font-size: 13.5pt;\">Anna de Le\u00e3o (Favor mencionar autoria e fonte ao reproduzir este artigo)<\/span><\/div>\n<div style=\"margin: 0cm 0cm 0.0001pt;\"><span style=\"font-size: 13.5pt;\">\u00a0<\/span><\/div>\n<div style=\"margin: 0cm 0cm 0.0001pt;\"><span style=\"font-size: 13.5pt;\">\u00a0<\/span><\/div>\n","protected":false},"excerpt":{"rendered":"<p>A arte e a import\u00e2ncia de celebrar! Todos n\u00f3s celebramos datas festivas, principalmente o nosso anivers\u00e1rio. Tem gente que n\u00e3o gosta, que n\u00e3o v\u00ea o porqu\u00ea de comemorar o fato de ficar mais velho. Bobagem! Velho todos n\u00f3s ficaremos, a n\u00e3o ser que morramos antes. O importante \u00e9 curtir cada etapa da vida com o que ela oferece de melhor, &hellip; <\/p>\n","protected":false},"author":2,"featured_media":2764,"comment_status":"open","ping_status":"open","sticky":false,"template":"","format":"standard","meta":{"jetpack_post_was_ever_published":false,"_jetpack_newsletter_access":"","_jetpack_dont_email_post_to_subs":false,"_jetpack_newsletter_tier_id":0,"_jetpack_memberships_contains_paywalled_content":false,"_jetpack_memberships_contains_paid_content":false,"footnotes":"","jetpack_publicize_message":"","jetpack_publicize_feature_enabled":true,"jetpack_social_post_already_shared":true,"jetpack_social_options":{"image_generator_settings":{"template":"highway","enabled":false},"version":2}},"categories":[184,830,831,157,832],"tags":[14,1179,1180,962],"class_list":["post-1110","post","type-post","status-publish","format-standard","has-post-thumbnail","hentry","category-blog-metamorfose","category-celebrar","category-comemorar","category-desenvolvimento-pessoal","category-festas","tag-autoestima","tag-celebracao","tag-comemoracoes","tag-textos-motivacionais"],"yoast_head":"<!-- This site is optimized with the Yoast SEO plugin v25.2 - https:\/\/yoast.com\/wordpress\/plugins\/seo\/ -->\n<title>A arte e a import\u00e2ncia de celebrar - ANNA DE LE\u00c3O<\/title>\n<meta name=\"description\" content=\"A arte e import\u00e2ncia de celebrar! Todos n\u00f3s celebramos datas festivas, principalmente o nosso anivers\u00e1rio.Tem gente que n\u00e3o gosta\" \/>\n<meta name=\"robots\" content=\"index, follow, max-snippet:-1, max-image-preview:large, max-video-preview:-1\" \/>\n<link rel=\"canonical\" href=\"https:\/\/annaleao.com.br\/site\/a-arte-de-celebrar\/\" \/>\n<meta property=\"og:locale\" content=\"pt_BR\" \/>\n<meta property=\"og:type\" content=\"article\" \/>\n<meta property=\"og:title\" content=\"A arte e a import\u00e2ncia de celebrar - ANNA DE LE\u00c3O\" \/>\n<meta property=\"og:description\" content=\"A arte e import\u00e2ncia de celebrar! Todos n\u00f3s celebramos datas festivas, principalmente o nosso anivers\u00e1rio.Tem gente que n\u00e3o gosta\" \/>\n<meta property=\"og:url\" content=\"https:\/\/annaleao.com.br\/site\/a-arte-de-celebrar\/\" \/>\n<meta property=\"og:site_name\" content=\"ANNA DE LE\u00c3O\" \/>\n<meta property=\"article:published_time\" content=\"2008-09-10T13:48:00+00:00\" \/>\n<meta property=\"article:modified_time\" content=\"2019-12-12T19:05:26+00:00\" \/>\n<meta property=\"og:image\" content=\"https:\/\/annaleao.com.br\/site\/wp-content\/uploads\/2008\/09\/festas-1200x675.jpg\" \/>\n\t<meta property=\"og:image:width\" content=\"1200\" \/>\n\t<meta property=\"og:image:height\" content=\"675\" \/>\n\t<meta property=\"og:image:type\" content=\"image\/jpeg\" \/>\n<meta name=\"author\" content=\"Anna de Le\u00e3o\" \/>\n<meta name=\"twitter:label1\" content=\"Escrito por\" \/>\n\t<meta name=\"twitter:data1\" content=\"Anna de Le\u00e3o\" \/>\n\t<meta name=\"twitter:label2\" content=\"Est. tempo de leitura\" \/>\n\t<meta name=\"twitter:data2\" content=\"3 minutos\" \/>\n<script type=\"application\/ld+json\" class=\"yoast-schema-graph\">{\"@context\":\"https:\/\/schema.org\",\"@graph\":[{\"@type\":\"WebPage\",\"@id\":\"https:\/\/annaleao.com.br\/site\/a-arte-de-celebrar\/\",\"url\":\"https:\/\/annaleao.com.br\/site\/a-arte-de-celebrar\/\",\"name\":\"A arte e a import\u00e2ncia de celebrar - ANNA DE LE\u00c3O\",\"isPartOf\":{\"@id\":\"https:\/\/annaleao.com.br\/site\/#website\"},\"primaryImageOfPage\":{\"@id\":\"https:\/\/annaleao.com.br\/site\/a-arte-de-celebrar\/#primaryimage\"},\"image\":{\"@id\":\"https:\/\/annaleao.com.br\/site\/a-arte-de-celebrar\/#primaryimage\"},\"thumbnailUrl\":\"https:\/\/annaleao.com.br\/site\/wp-content\/uploads\/2008\/09\/festas-1200x675.jpg\",\"datePublished\":\"2008-09-10T13:48:00+00:00\",\"dateModified\":\"2019-12-12T19:05:26+00:00\",\"author\":{\"@id\":\"https:\/\/annaleao.com.br\/site\/#\/schema\/person\/c61c763755650f8b56acd76d44c7bc8c\"},\"description\":\"A arte e import\u00e2ncia de celebrar! Todos n\u00f3s celebramos datas festivas, principalmente o nosso anivers\u00e1rio.Tem gente que n\u00e3o gosta\",\"breadcrumb\":{\"@id\":\"https:\/\/annaleao.com.br\/site\/a-arte-de-celebrar\/#breadcrumb\"},\"inLanguage\":\"pt-BR\",\"potentialAction\":[{\"@type\":\"ReadAction\",\"target\":[\"https:\/\/annaleao.com.br\/site\/a-arte-de-celebrar\/\"]}]},{\"@type\":\"ImageObject\",\"inLanguage\":\"pt-BR\",\"@id\":\"https:\/\/annaleao.com.br\/site\/a-arte-de-celebrar\/#primaryimage\",\"url\":\"https:\/\/annaleao.com.br\/site\/wp-content\/uploads\/2008\/09\/festas-1200x675.jpg\",\"contentUrl\":\"https:\/\/annaleao.com.br\/site\/wp-content\/uploads\/2008\/09\/festas-1200x675.jpg\",\"width\":1200,\"height\":675},{\"@type\":\"BreadcrumbList\",\"@id\":\"https:\/\/annaleao.com.br\/site\/a-arte-de-celebrar\/#breadcrumb\",\"itemListElement\":[{\"@type\":\"ListItem\",\"position\":1,\"name\":\"In\u00edcio\",\"item\":\"https:\/\/annaleao.com.br\/site\/\"},{\"@type\":\"ListItem\",\"position\":2,\"name\":\"A arte e a import\u00e2ncia de celebrar\"}]},{\"@type\":\"WebSite\",\"@id\":\"https:\/\/annaleao.com.br\/site\/#website\",\"url\":\"https:\/\/annaleao.com.br\/site\/\",\"name\":\"ANNA DE LE\u00c3O\",\"description\":\" Escritora e Terapeuta\",\"potentialAction\":[{\"@type\":\"SearchAction\",\"target\":{\"@type\":\"EntryPoint\",\"urlTemplate\":\"https:\/\/annaleao.com.br\/site\/?s={search_term_string}\"},\"query-input\":{\"@type\":\"PropertyValueSpecification\",\"valueRequired\":true,\"valueName\":\"search_term_string\"}}],\"inLanguage\":\"pt-BR\"},{\"@type\":\"Person\",\"@id\":\"https:\/\/annaleao.com.br\/site\/#\/schema\/person\/c61c763755650f8b56acd76d44c7bc8c\",\"name\":\"Anna de Le\u00e3o\",\"image\":{\"@type\":\"ImageObject\",\"inLanguage\":\"pt-BR\",\"@id\":\"https:\/\/annaleao.com.br\/site\/#\/schema\/person\/image\/\",\"url\":\"https:\/\/secure.gravatar.com\/avatar\/e29860c6ef57760b67570c34e3948ba9de10eb9b2e2f20081d0061a7233daf60?s=96&d=blank&r=g\",\"contentUrl\":\"https:\/\/secure.gravatar.com\/avatar\/e29860c6ef57760b67570c34e3948ba9de10eb9b2e2f20081d0061a7233daf60?s=96&d=blank&r=g\",\"caption\":\"Anna de Le\u00e3o\"},\"sameAs\":[\"http:\/\/www.annaleao.com.br\",\"https:\/\/x.com\/https:\/\/www.instagram.com\/annadeleao\"],\"url\":\"https:\/\/annaleao.com.br\/site\/author\/anna\/\"}]}<\/script>\n<!-- \/ Yoast SEO plugin. -->","yoast_head_json":{"title":"A arte e a import\u00e2ncia de celebrar - ANNA DE LE\u00c3O","description":"A arte e import\u00e2ncia de celebrar! Todos n\u00f3s celebramos datas festivas, principalmente o nosso anivers\u00e1rio.Tem gente que n\u00e3o gosta","robots":{"index":"index","follow":"follow","max-snippet":"max-snippet:-1","max-image-preview":"max-image-preview:large","max-video-preview":"max-video-preview:-1"},"canonical":"https:\/\/annaleao.com.br\/site\/a-arte-de-celebrar\/","og_locale":"pt_BR","og_type":"article","og_title":"A arte e a import\u00e2ncia de celebrar - ANNA DE LE\u00c3O","og_description":"A arte e import\u00e2ncia de celebrar! Todos n\u00f3s celebramos datas festivas, principalmente o nosso anivers\u00e1rio.Tem gente que n\u00e3o gosta","og_url":"https:\/\/annaleao.com.br\/site\/a-arte-de-celebrar\/","og_site_name":"ANNA DE LE\u00c3O","article_published_time":"2008-09-10T13:48:00+00:00","article_modified_time":"2019-12-12T19:05:26+00:00","og_image":[{"width":1200,"height":675,"url":"https:\/\/annaleao.com.br\/site\/wp-content\/uploads\/2008\/09\/festas-1200x675.jpg","type":"image\/jpeg"}],"author":"Anna de Le\u00e3o","twitter_misc":{"Escrito por":"Anna de Le\u00e3o","Est. tempo de leitura":"3 minutos"},"schema":{"@context":"https:\/\/schema.org","@graph":[{"@type":"WebPage","@id":"https:\/\/annaleao.com.br\/site\/a-arte-de-celebrar\/","url":"https:\/\/annaleao.com.br\/site\/a-arte-de-celebrar\/","name":"A arte e a import\u00e2ncia de celebrar - ANNA DE LE\u00c3O","isPartOf":{"@id":"https:\/\/annaleao.com.br\/site\/#website"},"primaryImageOfPage":{"@id":"https:\/\/annaleao.com.br\/site\/a-arte-de-celebrar\/#primaryimage"},"image":{"@id":"https:\/\/annaleao.com.br\/site\/a-arte-de-celebrar\/#primaryimage"},"thumbnailUrl":"https:\/\/annaleao.com.br\/site\/wp-content\/uploads\/2008\/09\/festas-1200x675.jpg","datePublished":"2008-09-10T13:48:00+00:00","dateModified":"2019-12-12T19:05:26+00:00","author":{"@id":"https:\/\/annaleao.com.br\/site\/#\/schema\/person\/c61c763755650f8b56acd76d44c7bc8c"},"description":"A arte e import\u00e2ncia de celebrar! Todos n\u00f3s celebramos datas festivas, principalmente o nosso anivers\u00e1rio.Tem gente que n\u00e3o gosta","breadcrumb":{"@id":"https:\/\/annaleao.com.br\/site\/a-arte-de-celebrar\/#breadcrumb"},"inLanguage":"pt-BR","potentialAction":[{"@type":"ReadAction","target":["https:\/\/annaleao.com.br\/site\/a-arte-de-celebrar\/"]}]},{"@type":"ImageObject","inLanguage":"pt-BR","@id":"https:\/\/annaleao.com.br\/site\/a-arte-de-celebrar\/#primaryimage","url":"https:\/\/annaleao.com.br\/site\/wp-content\/uploads\/2008\/09\/festas-1200x675.jpg","contentUrl":"https:\/\/annaleao.com.br\/site\/wp-content\/uploads\/2008\/09\/festas-1200x675.jpg","width":1200,"height":675},{"@type":"BreadcrumbList","@id":"https:\/\/annaleao.com.br\/site\/a-arte-de-celebrar\/#breadcrumb","itemListElement":[{"@type":"ListItem","position":1,"name":"In\u00edcio","item":"https:\/\/annaleao.com.br\/site\/"},{"@type":"ListItem","position":2,"name":"A arte e a import\u00e2ncia de celebrar"}]},{"@type":"WebSite","@id":"https:\/\/annaleao.com.br\/site\/#website","url":"https:\/\/annaleao.com.br\/site\/","name":"ANNA DE LE\u00c3O","description":" Escritora e Terapeuta","potentialAction":[{"@type":"SearchAction","target":{"@type":"EntryPoint","urlTemplate":"https:\/\/annaleao.com.br\/site\/?s={search_term_string}"},"query-input":{"@type":"PropertyValueSpecification","valueRequired":true,"valueName":"search_term_string"}}],"inLanguage":"pt-BR"},{"@type":"Person","@id":"https:\/\/annaleao.com.br\/site\/#\/schema\/person\/c61c763755650f8b56acd76d44c7bc8c","name":"Anna de Le\u00e3o","image":{"@type":"ImageObject","inLanguage":"pt-BR","@id":"https:\/\/annaleao.com.br\/site\/#\/schema\/person\/image\/","url":"https:\/\/secure.gravatar.com\/avatar\/e29860c6ef57760b67570c34e3948ba9de10eb9b2e2f20081d0061a7233daf60?s=96&d=blank&r=g","contentUrl":"https:\/\/secure.gravatar.com\/avatar\/e29860c6ef57760b67570c34e3948ba9de10eb9b2e2f20081d0061a7233daf60?s=96&d=blank&r=g","caption":"Anna de Le\u00e3o"},"sameAs":["http:\/\/www.annaleao.com.br","https:\/\/x.com\/https:\/\/www.instagram.com\/annadeleao"],"url":"https:\/\/annaleao.com.br\/site\/author\/anna\/"}]}},"jetpack_publicize_connections":[],"jetpack_featured_media_url":"https:\/\/annaleao.com.br\/site\/wp-content\/uploads\/2008\/09\/festas-1200x675.jpg","jetpack_sharing_enabled":true,"jetpack_shortlink":"https:\/\/wp.me\/p8nt2H-hU","jetpack-related-posts":[],"_links":{"self":[{"href":"https:\/\/annaleao.com.br\/site\/wp-json\/wp\/v2\/posts\/1110","targetHints":{"allow":["GET"]}}],"collection":[{"href":"https:\/\/annaleao.com.br\/site\/wp-json\/wp\/v2\/posts"}],"about":[{"href":"https:\/\/annaleao.com.br\/site\/wp-json\/wp\/v2\/types\/post"}],"author":[{"embeddable":true,"href":"https:\/\/annaleao.com.br\/site\/wp-json\/wp\/v2\/users\/2"}],"replies":[{"embeddable":true,"href":"https:\/\/annaleao.com.br\/site\/wp-json\/wp\/v2\/comments?post=1110"}],"version-history":[{"count":4,"href":"https:\/\/annaleao.com.br\/site\/wp-json\/wp\/v2\/posts\/1110\/revisions"}],"predecessor-version":[{"id":3013,"href":"https:\/\/annaleao.com.br\/site\/wp-json\/wp\/v2\/posts\/1110\/revisions\/3013"}],"wp:featuredmedia":[{"embeddable":true,"href":"https:\/\/annaleao.com.br\/site\/wp-json\/wp\/v2\/media\/2764"}],"wp:attachment":[{"href":"https:\/\/annaleao.com.br\/site\/wp-json\/wp\/v2\/media?parent=1110"}],"wp:term":[{"taxonomy":"category","embeddable":true,"href":"https:\/\/annaleao.com.br\/site\/wp-json\/wp\/v2\/categories?post=1110"},{"taxonomy":"post_tag","embeddable":true,"href":"https:\/\/annaleao.com.br\/site\/wp-json\/wp\/v2\/tags?post=1110"}],"curies":[{"name":"wp","href":"https:\/\/api.w.org\/{rel}","templated":true}]}}