{"id":1204,"date":"2008-06-17T17:10:00","date_gmt":"2008-06-17T17:10:00","guid":{"rendered":"https:\/\/annaleao.com.br\/site\/o-movimento-do-pendulo\/"},"modified":"2008-06-17T17:10:00","modified_gmt":"2008-06-17T17:10:00","slug":"o-movimento-do-pendulo","status":"publish","type":"post","link":"https:\/\/annaleao.com.br\/site\/o-movimento-do-pendulo\/","title":{"rendered":"O MOVIMENTO DO P\u00caNDULO"},"content":{"rendered":"<div align=\"justify\"><a href=\"http:\/\/2.bp.blogspot.com\/_v8vfw6qYRLs\/SFf4U6r9YAI\/AAAAAAAAARg\/DYkLWMLi3lY\/s1600-h\/pendulo.jpg\"><img decoding=\"async\" alt=\"\" border=\"0\" id=\"BLOGGER_PHOTO_ID_5212908131939344386\" src=\"https:\/\/2.bp.blogspot.com\/_v8vfw6qYRLs\/SFf4U6r9YAI\/AAAAAAAAARg\/DYkLWMLi3lY\/s400\/pendulo.jpg\" style=\"cursor: hand; display: block; margin: 0px auto 10px; text-align: center;\" \/><\/a><\/p>\n<p><span style=\"font-size: 130%;\"><\/span><\/p>\n<div align=\"justify\">\n<div style=\"margin-bottom: .0001pt; margin: 0cm;\"><span style=\"font-size: 15.5pt;\">Devo confessar que j\u00e1 me vi v\u00e1rias vezes criticando a postura alheia por defender um prop\u00f3sito e tempos depois estar fazendo exatamente o oposto. Vivendo a vida, fui percebendo em mim mesma o quanto isto \u00e9 comum.<\/span><o:p><\/o:p><\/div>\n<div style=\"margin-bottom: .0001pt; margin: 0cm;\"><\/div>\n<div style=\"margin-bottom: .0001pt; margin: 0cm;\"><span style=\"font-size: 15.5pt;\">\u00c9 o movimento do p\u00eandulo!<\/span><o:p><\/o:p><\/div>\n<div style=\"margin-bottom: .0001pt; margin: 0cm;\"><\/div>\n<div style=\"margin-bottom: .0001pt; margin: 0cm;\"><\/div>\n<div style=\"margin-bottom: .0001pt; margin: 0cm;\"><span style=\"font-size: 15.5pt;\">Voc\u00ea est\u00e1 numa extremidade, se esfor\u00e7a para sair dela e vai parar na extremidade oposta. Percebo que isto \u00e9 necess\u00e1rio para se conseguir o equil\u00edbrio, exatamente como o p\u00eandulo que vai aos poucos parando at\u00e9 ficar no meio. E a\u00ed me lembro do c\u00e9lebre &#8220;caminho do meio&#8221; dos budistas.<\/span><o:p><\/o:p><\/div>\n<div style=\"margin-bottom: .0001pt; margin: 0cm;\"><\/div>\n<div style=\"margin-bottom: .0001pt; margin: 0cm;\"><\/div>\n<div style=\"margin-bottom: .0001pt; margin: 0cm;\"><span style=\"font-size: 15.5pt;\">Quando voc\u00ea est\u00e1 no meio, voc\u00ea est\u00e1 no centro, isto \u00e9, voc\u00ea est\u00e1 centrado! Voc\u00ea j\u00e1 viu algu\u00e9m extremado e centrado ao mesmo tempo? Eu n\u00e3o.<\/span><o:p><\/o:p><\/div>\n<div style=\"margin-bottom: .0001pt; margin: 0cm;\"><\/div>\n<div style=\"margin-bottom: .0001pt; margin: 0cm;\"><\/div>\n<div style=\"margin-bottom: .0001pt; margin: 0cm;\"><span style=\"font-size: 15.5pt;\">Quando voc\u00ea quer largar qualquer postura, interna ou externa, radical e extremista, acontece de voc\u00ea ir para o extremo oposto. Perceba isto. Faz parte da mudan\u00e7a, de toda e qualquer mudan\u00e7a pela busca do equil\u00edbrio, que voc\u00ea ainda n\u00e3o tem, mas que ter\u00e1. Isto \u00e9 muito mais abrangente do que se imagina, est\u00e1 em tudo. Preste aten\u00e7\u00e3o.<\/span><o:p><\/o:p><\/div>\n<div style=\"margin-bottom: .0001pt; margin: 0cm;\"><\/div>\n<div style=\"margin-bottom: .0001pt; margin: 0cm;\"><\/div>\n<div style=\"margin-bottom: .0001pt; margin: 0cm;\"><span style=\"font-size: 15.5pt;\">Ent\u00e3o, aquela hist\u00f3ria do Raul de querer dizer o oposto do que tinha dito antes \u00e9 extremamente normal. Pelo menos para aqueles que est\u00e3o em permanente transforma\u00e7\u00e3o, tentando buscar sempre o melhor de si. Vivamos ent\u00e3o numa constante<span>&nbsp;<\/span><span style=\"color: #000099;\">METAMORFOSE<span>&nbsp;<\/span><\/span><span style=\"color: #ffcc33;\">AMBULANTE.<\/span><\/span><o:p><\/o:p><\/div>\n<p><\/p>\n<div style=\"margin-bottom: .0001pt; margin: 0cm;\"><span style=\"color: red; font-size: 15.5pt;\"><br \/><\/span><\/div>\n<div style=\"margin-bottom: .0001pt; margin: 0cm;\"><span style=\"color: red; font-size: 15.5pt;\">A<\/span><span style=\"color: #ffcc33; font-size: 15.5pt;\">N<\/span><span style=\"color: #ffcccc; font-size: 15.5pt;\">N<\/span><span style=\"color: #33cc00; font-size: 15.5pt;\">A<span>&nbsp;<\/span><\/span><span style=\"color: #cc33cc; font-size: 15.5pt;\">L<\/span><span style=\"color: #000099; font-size: 15.5pt;\">E<\/span><span style=\"color: #996633; font-size: 15.5pt;\">\u00c3<\/span><span style=\"color: #990000; font-size: 15.5pt;\">O<\/span><o:p><\/o:p><\/div>\n<div style=\"margin-bottom: .0001pt; margin: 0cm;\"><span style=\"color: #990000; font-size: 15.5pt;\"><br \/><\/span><\/div>\n<div style=\"margin-bottom: .0001pt; margin: 0cm;\"><span style=\"font-size: 15.5pt;\">(Favor mencionar autoria e fonte ao reproduzir este artigo).<\/span><\/div>\n<\/div>\n<\/div>\n<div align=\"justify\"><\/div>\n<p><span style=\"font-size: 130%;\"><\/span><\/p>\n","protected":false},"excerpt":{"rendered":"<p>Devo confessar que j\u00e1 me vi v\u00e1rias vezes criticando a postura alheia por defender um prop\u00f3sito e tempos depois estar fazendo exatamente o oposto. Vivendo a vida, fui percebendo em mim mesma o quanto isto \u00e9 comum. \u00c9 o movimento do p\u00eandulo! Voc\u00ea est\u00e1 numa extremidade, se esfor\u00e7a para sair dela e vai parar na extremidade oposta. Percebo que isto &hellip; <\/p>\n","protected":false},"author":2,"featured_media":0,"comment_status":"open","ping_status":"open","sticky":false,"template":"","format":"standard","meta":{"jetpack_post_was_ever_published":false,"_jetpack_newsletter_access":"","_jetpack_dont_email_post_to_subs":false,"_jetpack_newsletter_tier_id":0,"_jetpack_memberships_contains_paywalled_content":false,"_jetpack_memberships_contains_paid_content":false,"footnotes":"","jetpack_publicize_message":"","jetpack_publicize_feature_enabled":true,"jetpack_social_post_already_shared":true,"jetpack_social_options":{"image_generator_settings":{"template":"highway","enabled":false},"version":2}},"categories":[912,243,911,913],"tags":[],"class_list":["post-1204","post","type-post","status-publish","format-standard","hentry","category-caminho-do-meio","category-metamorfose","category-pendulo","category-raul-seixas"],"yoast_head":"<!-- This site is optimized with the Yoast SEO plugin v25.2 - https:\/\/yoast.com\/wordpress\/plugins\/seo\/ -->\n<title>O MOVIMENTO DO P\u00caNDULO - ANNA DE LE\u00c3O<\/title>\n<meta name=\"robots\" content=\"index, follow, max-snippet:-1, max-image-preview:large, max-video-preview:-1\" \/>\n<link rel=\"canonical\" href=\"https:\/\/annaleao.com.br\/site\/o-movimento-do-pendulo\/\" \/>\n<meta property=\"og:locale\" content=\"pt_BR\" \/>\n<meta property=\"og:type\" content=\"article\" \/>\n<meta property=\"og:title\" content=\"O MOVIMENTO DO P\u00caNDULO - ANNA DE LE\u00c3O\" \/>\n<meta property=\"og:description\" content=\"Devo confessar que j\u00e1 me vi v\u00e1rias vezes criticando a postura alheia por defender um prop\u00f3sito e tempos depois estar fazendo exatamente o oposto. Vivendo a vida, fui percebendo em mim mesma o quanto isto \u00e9 comum. \u00c9 o movimento do p\u00eandulo! Voc\u00ea est\u00e1 numa extremidade, se esfor\u00e7a para sair dela e vai parar na extremidade oposta. Percebo que isto &hellip;\" \/>\n<meta property=\"og:url\" content=\"https:\/\/annaleao.com.br\/site\/o-movimento-do-pendulo\/\" \/>\n<meta property=\"og:site_name\" content=\"ANNA DE LE\u00c3O\" \/>\n<meta property=\"article:published_time\" content=\"2008-06-17T17:10:00+00:00\" \/>\n<meta property=\"og:image\" content=\"https:\/\/2.bp.blogspot.com\/_v8vfw6qYRLs\/SFf4U6r9YAI\/AAAAAAAAARg\/DYkLWMLi3lY\/s400\/pendulo.jpg\" \/>\n<meta name=\"author\" content=\"Anna de Le\u00e3o\" \/>\n<meta name=\"twitter:label1\" content=\"Escrito por\" \/>\n\t<meta name=\"twitter:data1\" content=\"Anna de Le\u00e3o\" \/>\n\t<meta name=\"twitter:label2\" content=\"Est. tempo de leitura\" \/>\n\t<meta name=\"twitter:data2\" content=\"1 minuto\" \/>\n<script type=\"application\/ld+json\" class=\"yoast-schema-graph\">{\"@context\":\"https:\/\/schema.org\",\"@graph\":[{\"@type\":\"WebPage\",\"@id\":\"https:\/\/annaleao.com.br\/site\/o-movimento-do-pendulo\/\",\"url\":\"https:\/\/annaleao.com.br\/site\/o-movimento-do-pendulo\/\",\"name\":\"O MOVIMENTO DO P\u00caNDULO - ANNA DE LE\u00c3O\",\"isPartOf\":{\"@id\":\"https:\/\/annaleao.com.br\/site\/#website\"},\"primaryImageOfPage\":{\"@id\":\"https:\/\/annaleao.com.br\/site\/o-movimento-do-pendulo\/#primaryimage\"},\"image\":{\"@id\":\"https:\/\/annaleao.com.br\/site\/o-movimento-do-pendulo\/#primaryimage\"},\"thumbnailUrl\":\"https:\/\/2.bp.blogspot.com\/_v8vfw6qYRLs\/SFf4U6r9YAI\/AAAAAAAAARg\/DYkLWMLi3lY\/s400\/pendulo.jpg\",\"datePublished\":\"2008-06-17T17:10:00+00:00\",\"author\":{\"@id\":\"https:\/\/annaleao.com.br\/site\/#\/schema\/person\/c61c763755650f8b56acd76d44c7bc8c\"},\"breadcrumb\":{\"@id\":\"https:\/\/annaleao.com.br\/site\/o-movimento-do-pendulo\/#breadcrumb\"},\"inLanguage\":\"pt-BR\",\"potentialAction\":[{\"@type\":\"ReadAction\",\"target\":[\"https:\/\/annaleao.com.br\/site\/o-movimento-do-pendulo\/\"]}]},{\"@type\":\"ImageObject\",\"inLanguage\":\"pt-BR\",\"@id\":\"https:\/\/annaleao.com.br\/site\/o-movimento-do-pendulo\/#primaryimage\",\"url\":\"https:\/\/2.bp.blogspot.com\/_v8vfw6qYRLs\/SFf4U6r9YAI\/AAAAAAAAARg\/DYkLWMLi3lY\/s400\/pendulo.jpg\",\"contentUrl\":\"https:\/\/2.bp.blogspot.com\/_v8vfw6qYRLs\/SFf4U6r9YAI\/AAAAAAAAARg\/DYkLWMLi3lY\/s400\/pendulo.jpg\"},{\"@type\":\"BreadcrumbList\",\"@id\":\"https:\/\/annaleao.com.br\/site\/o-movimento-do-pendulo\/#breadcrumb\",\"itemListElement\":[{\"@type\":\"ListItem\",\"position\":1,\"name\":\"In\u00edcio\",\"item\":\"https:\/\/annaleao.com.br\/site\/\"},{\"@type\":\"ListItem\",\"position\":2,\"name\":\"O MOVIMENTO DO P\u00caNDULO\"}]},{\"@type\":\"WebSite\",\"@id\":\"https:\/\/annaleao.com.br\/site\/#website\",\"url\":\"https:\/\/annaleao.com.br\/site\/\",\"name\":\"ANNA DE LE\u00c3O\",\"description\":\" Escritora e Terapeuta\",\"potentialAction\":[{\"@type\":\"SearchAction\",\"target\":{\"@type\":\"EntryPoint\",\"urlTemplate\":\"https:\/\/annaleao.com.br\/site\/?s={search_term_string}\"},\"query-input\":{\"@type\":\"PropertyValueSpecification\",\"valueRequired\":true,\"valueName\":\"search_term_string\"}}],\"inLanguage\":\"pt-BR\"},{\"@type\":\"Person\",\"@id\":\"https:\/\/annaleao.com.br\/site\/#\/schema\/person\/c61c763755650f8b56acd76d44c7bc8c\",\"name\":\"Anna de Le\u00e3o\",\"image\":{\"@type\":\"ImageObject\",\"inLanguage\":\"pt-BR\",\"@id\":\"https:\/\/annaleao.com.br\/site\/#\/schema\/person\/image\/\",\"url\":\"https:\/\/secure.gravatar.com\/avatar\/e29860c6ef57760b67570c34e3948ba9de10eb9b2e2f20081d0061a7233daf60?s=96&d=blank&r=g\",\"contentUrl\":\"https:\/\/secure.gravatar.com\/avatar\/e29860c6ef57760b67570c34e3948ba9de10eb9b2e2f20081d0061a7233daf60?s=96&d=blank&r=g\",\"caption\":\"Anna de Le\u00e3o\"},\"sameAs\":[\"http:\/\/www.annaleao.com.br\",\"https:\/\/x.com\/https:\/\/www.instagram.com\/annadeleao\"],\"url\":\"https:\/\/annaleao.com.br\/site\/author\/anna\/\"}]}<\/script>\n<!-- \/ Yoast SEO plugin. -->","yoast_head_json":{"title":"O MOVIMENTO DO P\u00caNDULO - ANNA DE LE\u00c3O","robots":{"index":"index","follow":"follow","max-snippet":"max-snippet:-1","max-image-preview":"max-image-preview:large","max-video-preview":"max-video-preview:-1"},"canonical":"https:\/\/annaleao.com.br\/site\/o-movimento-do-pendulo\/","og_locale":"pt_BR","og_type":"article","og_title":"O MOVIMENTO DO P\u00caNDULO - ANNA DE LE\u00c3O","og_description":"Devo confessar que j\u00e1 me vi v\u00e1rias vezes criticando a postura alheia por defender um prop\u00f3sito e tempos depois estar fazendo exatamente o oposto. Vivendo a vida, fui percebendo em mim mesma o quanto isto \u00e9 comum. \u00c9 o movimento do p\u00eandulo! Voc\u00ea est\u00e1 numa extremidade, se esfor\u00e7a para sair dela e vai parar na extremidade oposta. Percebo que isto &hellip;","og_url":"https:\/\/annaleao.com.br\/site\/o-movimento-do-pendulo\/","og_site_name":"ANNA DE LE\u00c3O","article_published_time":"2008-06-17T17:10:00+00:00","og_image":[{"url":"https:\/\/2.bp.blogspot.com\/_v8vfw6qYRLs\/SFf4U6r9YAI\/AAAAAAAAARg\/DYkLWMLi3lY\/s400\/pendulo.jpg","type":"","width":"","height":""}],"author":"Anna de Le\u00e3o","twitter_misc":{"Escrito por":"Anna de Le\u00e3o","Est. tempo de leitura":"1 minuto"},"schema":{"@context":"https:\/\/schema.org","@graph":[{"@type":"WebPage","@id":"https:\/\/annaleao.com.br\/site\/o-movimento-do-pendulo\/","url":"https:\/\/annaleao.com.br\/site\/o-movimento-do-pendulo\/","name":"O MOVIMENTO DO P\u00caNDULO - ANNA DE LE\u00c3O","isPartOf":{"@id":"https:\/\/annaleao.com.br\/site\/#website"},"primaryImageOfPage":{"@id":"https:\/\/annaleao.com.br\/site\/o-movimento-do-pendulo\/#primaryimage"},"image":{"@id":"https:\/\/annaleao.com.br\/site\/o-movimento-do-pendulo\/#primaryimage"},"thumbnailUrl":"https:\/\/2.bp.blogspot.com\/_v8vfw6qYRLs\/SFf4U6r9YAI\/AAAAAAAAARg\/DYkLWMLi3lY\/s400\/pendulo.jpg","datePublished":"2008-06-17T17:10:00+00:00","author":{"@id":"https:\/\/annaleao.com.br\/site\/#\/schema\/person\/c61c763755650f8b56acd76d44c7bc8c"},"breadcrumb":{"@id":"https:\/\/annaleao.com.br\/site\/o-movimento-do-pendulo\/#breadcrumb"},"inLanguage":"pt-BR","potentialAction":[{"@type":"ReadAction","target":["https:\/\/annaleao.com.br\/site\/o-movimento-do-pendulo\/"]}]},{"@type":"ImageObject","inLanguage":"pt-BR","@id":"https:\/\/annaleao.com.br\/site\/o-movimento-do-pendulo\/#primaryimage","url":"https:\/\/2.bp.blogspot.com\/_v8vfw6qYRLs\/SFf4U6r9YAI\/AAAAAAAAARg\/DYkLWMLi3lY\/s400\/pendulo.jpg","contentUrl":"https:\/\/2.bp.blogspot.com\/_v8vfw6qYRLs\/SFf4U6r9YAI\/AAAAAAAAARg\/DYkLWMLi3lY\/s400\/pendulo.jpg"},{"@type":"BreadcrumbList","@id":"https:\/\/annaleao.com.br\/site\/o-movimento-do-pendulo\/#breadcrumb","itemListElement":[{"@type":"ListItem","position":1,"name":"In\u00edcio","item":"https:\/\/annaleao.com.br\/site\/"},{"@type":"ListItem","position":2,"name":"O MOVIMENTO DO P\u00caNDULO"}]},{"@type":"WebSite","@id":"https:\/\/annaleao.com.br\/site\/#website","url":"https:\/\/annaleao.com.br\/site\/","name":"ANNA DE LE\u00c3O","description":" Escritora e Terapeuta","potentialAction":[{"@type":"SearchAction","target":{"@type":"EntryPoint","urlTemplate":"https:\/\/annaleao.com.br\/site\/?s={search_term_string}"},"query-input":{"@type":"PropertyValueSpecification","valueRequired":true,"valueName":"search_term_string"}}],"inLanguage":"pt-BR"},{"@type":"Person","@id":"https:\/\/annaleao.com.br\/site\/#\/schema\/person\/c61c763755650f8b56acd76d44c7bc8c","name":"Anna de Le\u00e3o","image":{"@type":"ImageObject","inLanguage":"pt-BR","@id":"https:\/\/annaleao.com.br\/site\/#\/schema\/person\/image\/","url":"https:\/\/secure.gravatar.com\/avatar\/e29860c6ef57760b67570c34e3948ba9de10eb9b2e2f20081d0061a7233daf60?s=96&d=blank&r=g","contentUrl":"https:\/\/secure.gravatar.com\/avatar\/e29860c6ef57760b67570c34e3948ba9de10eb9b2e2f20081d0061a7233daf60?s=96&d=blank&r=g","caption":"Anna de Le\u00e3o"},"sameAs":["http:\/\/www.annaleao.com.br","https:\/\/x.com\/https:\/\/www.instagram.com\/annadeleao"],"url":"https:\/\/annaleao.com.br\/site\/author\/anna\/"}]}},"jetpack_publicize_connections":[],"jetpack_featured_media_url":"","jetpack_sharing_enabled":true,"jetpack_shortlink":"https:\/\/wp.me\/p8nt2H-jq","jetpack-related-posts":[],"_links":{"self":[{"href":"https:\/\/annaleao.com.br\/site\/wp-json\/wp\/v2\/posts\/1204","targetHints":{"allow":["GET"]}}],"collection":[{"href":"https:\/\/annaleao.com.br\/site\/wp-json\/wp\/v2\/posts"}],"about":[{"href":"https:\/\/annaleao.com.br\/site\/wp-json\/wp\/v2\/types\/post"}],"author":[{"embeddable":true,"href":"https:\/\/annaleao.com.br\/site\/wp-json\/wp\/v2\/users\/2"}],"replies":[{"embeddable":true,"href":"https:\/\/annaleao.com.br\/site\/wp-json\/wp\/v2\/comments?post=1204"}],"version-history":[{"count":0,"href":"https:\/\/annaleao.com.br\/site\/wp-json\/wp\/v2\/posts\/1204\/revisions"}],"wp:attachment":[{"href":"https:\/\/annaleao.com.br\/site\/wp-json\/wp\/v2\/media?parent=1204"}],"wp:term":[{"taxonomy":"category","embeddable":true,"href":"https:\/\/annaleao.com.br\/site\/wp-json\/wp\/v2\/categories?post=1204"},{"taxonomy":"post_tag","embeddable":true,"href":"https:\/\/annaleao.com.br\/site\/wp-json\/wp\/v2\/tags?post=1204"}],"curies":[{"name":"wp","href":"https:\/\/api.w.org\/{rel}","templated":true}]}}