{"id":1255,"date":"2008-03-16T18:02:00","date_gmt":"2008-03-16T18:02:00","guid":{"rendered":"https:\/\/annaleao.com.br\/site\/ser\/"},"modified":"2008-03-16T18:02:00","modified_gmt":"2008-03-16T18:02:00","slug":"ser","status":"publish","type":"post","link":"https:\/\/annaleao.com.br\/site\/ser\/","title":{"rendered":"Ser&#8230;"},"content":{"rendered":"<p>Nos recantos do meu ser<br \/>Abrigo c\u00e2nticos que desconhe\u00e7o.<br \/>Poderei eu ser inteira um dia<br \/>Ou serei sempre fragmentada em peda\u00e7os coletivos?<br \/>\u00c9 cruel a urg\u00eancia que sinto em me mostrar verdadeira onde quer que eu queira.<br \/>Me livrar de tormentos angustiantes<br \/>E de ang\u00fastias atormentadas.<br \/>Brinco com as palavras porque n\u00e3o sei o que dizer<br \/>S\u00f3 sei que o mundo desespera somente quem quer ser.<br \/>Livre, imortal, substancial,<br \/>\u00c9 assim que me vejo.<br \/>Mas serei mesmo desse jeito<br \/>Ou serei fantasma do que almejo ser?<br \/>Quem sabe, talvez, aquilo seja apenas uma sombra de voc\u00ea.<\/p>\n<p>Anna Le\u00e3o. Todos os direitos reservados.<\/p>\n","protected":false},"excerpt":{"rendered":"<p>Nos recantos do meu serAbrigo c\u00e2nticos que desconhe\u00e7o.Poderei eu ser inteira um diaOu serei sempre fragmentada em peda\u00e7os coletivos?\u00c9 cruel a urg\u00eancia que sinto em me mostrar verdadeira onde quer que eu queira.Me livrar de tormentos angustiantesE de ang\u00fastias atormentadas.Brinco com as palavras porque n\u00e3o sei o que dizerS\u00f3 sei que o mundo desespera somente quem quer ser.Livre, imortal, substancial,\u00c9 &hellip; <\/p>\n","protected":false},"author":2,"featured_media":0,"comment_status":"open","ping_status":"open","sticky":false,"template":"","format":"standard","meta":{"jetpack_post_was_ever_published":false,"_jetpack_newsletter_access":"","_jetpack_dont_email_post_to_subs":false,"_jetpack_newsletter_tier_id":0,"_jetpack_memberships_contains_paywalled_content":false,"_jetpack_memberships_contains_paid_content":false,"footnotes":"","jetpack_publicize_message":"","jetpack_publicize_feature_enabled":true,"jetpack_social_post_already_shared":true,"jetpack_social_options":{"image_generator_settings":{"template":"highway","enabled":false},"version":2}},"categories":[1],"tags":[],"class_list":["post-1255","post","type-post","status-publish","format-standard","hentry","category-sem-categoria"],"yoast_head":"<!-- This site is optimized with the Yoast SEO plugin v25.2 - https:\/\/yoast.com\/wordpress\/plugins\/seo\/ -->\n<title>Ser... - ANNA DE LE\u00c3O<\/title>\n<meta name=\"robots\" content=\"index, follow, max-snippet:-1, max-image-preview:large, max-video-preview:-1\" \/>\n<link rel=\"canonical\" href=\"https:\/\/annaleao.com.br\/site\/ser\/\" \/>\n<meta property=\"og:locale\" content=\"pt_BR\" \/>\n<meta property=\"og:type\" content=\"article\" \/>\n<meta property=\"og:title\" content=\"Ser... - ANNA DE LE\u00c3O\" \/>\n<meta property=\"og:description\" content=\"Nos recantos do meu serAbrigo c\u00e2nticos que desconhe\u00e7o.Poderei eu ser inteira um diaOu serei sempre fragmentada em peda\u00e7os coletivos?\u00c9 cruel a urg\u00eancia que sinto em me mostrar verdadeira onde quer que eu queira.Me livrar de tormentos angustiantesE de ang\u00fastias atormentadas.Brinco com as palavras porque n\u00e3o sei o que dizerS\u00f3 sei que o mundo desespera somente quem quer ser.Livre, imortal, substancial,\u00c9 &hellip;\" \/>\n<meta property=\"og:url\" content=\"https:\/\/annaleao.com.br\/site\/ser\/\" \/>\n<meta property=\"og:site_name\" content=\"ANNA DE LE\u00c3O\" \/>\n<meta property=\"article:published_time\" content=\"2008-03-16T18:02:00+00:00\" \/>\n<meta name=\"author\" content=\"Anna de Le\u00e3o\" \/>\n<meta name=\"twitter:label1\" content=\"Escrito por\" \/>\n\t<meta name=\"twitter:data1\" content=\"Anna de Le\u00e3o\" \/>\n\t<meta name=\"twitter:label2\" content=\"Est. tempo de leitura\" \/>\n\t<meta name=\"twitter:data2\" content=\"1 minuto\" \/>\n<script type=\"application\/ld+json\" class=\"yoast-schema-graph\">{\"@context\":\"https:\/\/schema.org\",\"@graph\":[{\"@type\":\"WebPage\",\"@id\":\"https:\/\/annaleao.com.br\/site\/ser\/\",\"url\":\"https:\/\/annaleao.com.br\/site\/ser\/\",\"name\":\"Ser... - ANNA DE LE\u00c3O\",\"isPartOf\":{\"@id\":\"https:\/\/annaleao.com.br\/site\/#website\"},\"datePublished\":\"2008-03-16T18:02:00+00:00\",\"author\":{\"@id\":\"https:\/\/annaleao.com.br\/site\/#\/schema\/person\/c61c763755650f8b56acd76d44c7bc8c\"},\"breadcrumb\":{\"@id\":\"https:\/\/annaleao.com.br\/site\/ser\/#breadcrumb\"},\"inLanguage\":\"pt-BR\",\"potentialAction\":[{\"@type\":\"ReadAction\",\"target\":[\"https:\/\/annaleao.com.br\/site\/ser\/\"]}]},{\"@type\":\"BreadcrumbList\",\"@id\":\"https:\/\/annaleao.com.br\/site\/ser\/#breadcrumb\",\"itemListElement\":[{\"@type\":\"ListItem\",\"position\":1,\"name\":\"In\u00edcio\",\"item\":\"https:\/\/annaleao.com.br\/site\/\"},{\"@type\":\"ListItem\",\"position\":2,\"name\":\"Ser&#8230;\"}]},{\"@type\":\"WebSite\",\"@id\":\"https:\/\/annaleao.com.br\/site\/#website\",\"url\":\"https:\/\/annaleao.com.br\/site\/\",\"name\":\"ANNA DE LE\u00c3O\",\"description\":\" Escritora e Terapeuta\",\"potentialAction\":[{\"@type\":\"SearchAction\",\"target\":{\"@type\":\"EntryPoint\",\"urlTemplate\":\"https:\/\/annaleao.com.br\/site\/?s={search_term_string}\"},\"query-input\":{\"@type\":\"PropertyValueSpecification\",\"valueRequired\":true,\"valueName\":\"search_term_string\"}}],\"inLanguage\":\"pt-BR\"},{\"@type\":\"Person\",\"@id\":\"https:\/\/annaleao.com.br\/site\/#\/schema\/person\/c61c763755650f8b56acd76d44c7bc8c\",\"name\":\"Anna de Le\u00e3o\",\"image\":{\"@type\":\"ImageObject\",\"inLanguage\":\"pt-BR\",\"@id\":\"https:\/\/annaleao.com.br\/site\/#\/schema\/person\/image\/\",\"url\":\"https:\/\/secure.gravatar.com\/avatar\/e29860c6ef57760b67570c34e3948ba9de10eb9b2e2f20081d0061a7233daf60?s=96&d=blank&r=g\",\"contentUrl\":\"https:\/\/secure.gravatar.com\/avatar\/e29860c6ef57760b67570c34e3948ba9de10eb9b2e2f20081d0061a7233daf60?s=96&d=blank&r=g\",\"caption\":\"Anna de Le\u00e3o\"},\"sameAs\":[\"http:\/\/www.annaleao.com.br\",\"https:\/\/x.com\/https:\/\/www.instagram.com\/annadeleao\"],\"url\":\"https:\/\/annaleao.com.br\/site\/author\/anna\/\"}]}<\/script>\n<!-- \/ Yoast SEO plugin. -->","yoast_head_json":{"title":"Ser... - ANNA DE LE\u00c3O","robots":{"index":"index","follow":"follow","max-snippet":"max-snippet:-1","max-image-preview":"max-image-preview:large","max-video-preview":"max-video-preview:-1"},"canonical":"https:\/\/annaleao.com.br\/site\/ser\/","og_locale":"pt_BR","og_type":"article","og_title":"Ser... - ANNA DE LE\u00c3O","og_description":"Nos recantos do meu serAbrigo c\u00e2nticos que desconhe\u00e7o.Poderei eu ser inteira um diaOu serei sempre fragmentada em peda\u00e7os coletivos?\u00c9 cruel a urg\u00eancia que sinto em me mostrar verdadeira onde quer que eu queira.Me livrar de tormentos angustiantesE de ang\u00fastias atormentadas.Brinco com as palavras porque n\u00e3o sei o que dizerS\u00f3 sei que o mundo desespera somente quem quer ser.Livre, imortal, substancial,\u00c9 &hellip;","og_url":"https:\/\/annaleao.com.br\/site\/ser\/","og_site_name":"ANNA DE LE\u00c3O","article_published_time":"2008-03-16T18:02:00+00:00","author":"Anna de Le\u00e3o","twitter_misc":{"Escrito por":"Anna de Le\u00e3o","Est. tempo de leitura":"1 minuto"},"schema":{"@context":"https:\/\/schema.org","@graph":[{"@type":"WebPage","@id":"https:\/\/annaleao.com.br\/site\/ser\/","url":"https:\/\/annaleao.com.br\/site\/ser\/","name":"Ser... - ANNA DE LE\u00c3O","isPartOf":{"@id":"https:\/\/annaleao.com.br\/site\/#website"},"datePublished":"2008-03-16T18:02:00+00:00","author":{"@id":"https:\/\/annaleao.com.br\/site\/#\/schema\/person\/c61c763755650f8b56acd76d44c7bc8c"},"breadcrumb":{"@id":"https:\/\/annaleao.com.br\/site\/ser\/#breadcrumb"},"inLanguage":"pt-BR","potentialAction":[{"@type":"ReadAction","target":["https:\/\/annaleao.com.br\/site\/ser\/"]}]},{"@type":"BreadcrumbList","@id":"https:\/\/annaleao.com.br\/site\/ser\/#breadcrumb","itemListElement":[{"@type":"ListItem","position":1,"name":"In\u00edcio","item":"https:\/\/annaleao.com.br\/site\/"},{"@type":"ListItem","position":2,"name":"Ser&#8230;"}]},{"@type":"WebSite","@id":"https:\/\/annaleao.com.br\/site\/#website","url":"https:\/\/annaleao.com.br\/site\/","name":"ANNA DE LE\u00c3O","description":" Escritora e Terapeuta","potentialAction":[{"@type":"SearchAction","target":{"@type":"EntryPoint","urlTemplate":"https:\/\/annaleao.com.br\/site\/?s={search_term_string}"},"query-input":{"@type":"PropertyValueSpecification","valueRequired":true,"valueName":"search_term_string"}}],"inLanguage":"pt-BR"},{"@type":"Person","@id":"https:\/\/annaleao.com.br\/site\/#\/schema\/person\/c61c763755650f8b56acd76d44c7bc8c","name":"Anna de Le\u00e3o","image":{"@type":"ImageObject","inLanguage":"pt-BR","@id":"https:\/\/annaleao.com.br\/site\/#\/schema\/person\/image\/","url":"https:\/\/secure.gravatar.com\/avatar\/e29860c6ef57760b67570c34e3948ba9de10eb9b2e2f20081d0061a7233daf60?s=96&d=blank&r=g","contentUrl":"https:\/\/secure.gravatar.com\/avatar\/e29860c6ef57760b67570c34e3948ba9de10eb9b2e2f20081d0061a7233daf60?s=96&d=blank&r=g","caption":"Anna de Le\u00e3o"},"sameAs":["http:\/\/www.annaleao.com.br","https:\/\/x.com\/https:\/\/www.instagram.com\/annadeleao"],"url":"https:\/\/annaleao.com.br\/site\/author\/anna\/"}]}},"jetpack_publicize_connections":[],"jetpack_featured_media_url":"","jetpack_sharing_enabled":true,"jetpack_shortlink":"https:\/\/wp.me\/s8nt2H-ser","jetpack-related-posts":[],"_links":{"self":[{"href":"https:\/\/annaleao.com.br\/site\/wp-json\/wp\/v2\/posts\/1255","targetHints":{"allow":["GET"]}}],"collection":[{"href":"https:\/\/annaleao.com.br\/site\/wp-json\/wp\/v2\/posts"}],"about":[{"href":"https:\/\/annaleao.com.br\/site\/wp-json\/wp\/v2\/types\/post"}],"author":[{"embeddable":true,"href":"https:\/\/annaleao.com.br\/site\/wp-json\/wp\/v2\/users\/2"}],"replies":[{"embeddable":true,"href":"https:\/\/annaleao.com.br\/site\/wp-json\/wp\/v2\/comments?post=1255"}],"version-history":[{"count":0,"href":"https:\/\/annaleao.com.br\/site\/wp-json\/wp\/v2\/posts\/1255\/revisions"}],"wp:attachment":[{"href":"https:\/\/annaleao.com.br\/site\/wp-json\/wp\/v2\/media?parent=1255"}],"wp:term":[{"taxonomy":"category","embeddable":true,"href":"https:\/\/annaleao.com.br\/site\/wp-json\/wp\/v2\/categories?post=1255"},{"taxonomy":"post_tag","embeddable":true,"href":"https:\/\/annaleao.com.br\/site\/wp-json\/wp\/v2\/tags?post=1255"}],"curies":[{"name":"wp","href":"https:\/\/api.w.org\/{rel}","templated":true}]}}