{"id":2145,"date":"2018-11-25T18:58:36","date_gmt":"2018-11-25T18:58:36","guid":{"rendered":"https:\/\/annaleao.com.br\/site\/?p=2145"},"modified":"2018-12-17T22:49:52","modified_gmt":"2018-12-17T22:49:52","slug":"voce-respeita-o-seu-proprio-ritmo","status":"publish","type":"post","link":"https:\/\/annaleao.com.br\/site\/voce-respeita-o-seu-proprio-ritmo\/","title":{"rendered":"Voc\u00ea respeita o seu pr\u00f3prio ritmo?"},"content":{"rendered":"<h4>N\u00f3s temos um ritmo pessoal. Assim como temos nossa ess\u00eancia \u00fanica, a nossa natureza singular, temos tamb\u00e9m o nosso pr\u00f3prio ritmo. No mundo urgente em que vivemos, onde a m\u00e1xima \u201ctempo \u00e9 <a href=\"https:\/\/annaleao.com.br\/site\/dinheiro-nao-e-problema-2\/\">dinheiro<\/a>\u201d ainda dita as regras, aquele que tem o ritmo mais lento se sente muitas vezes um peixe fora d&#8217;\u00e1gua.<\/h4>\n<p>Por favor, eu lhe pe\u00e7o: \u201cSeja generoso consigo mesmo&#8221;. N\u00e3o se cobre tanto e respeito o seu pr\u00f3prio ritmo, flua com ele e atrav\u00e9s dele. Voc\u00ea se surpreender\u00e1 ao ver como as coisas ir\u00e3o <a href=\"https:\/\/annaleao.com.br\/site\/deixar-fluir\/\">fluir<\/a> melhor e fazer mais sentido.<\/p>\n<p>As pessoas com um ritmo mais lento podem sofrer muito neste mundo corrido em que vivemos. Mas elas, ou melhor, n\u00f3s &#8211; pois eu me incluo aqui &#8211; precisamos aprender a n\u00e3o nos cobrarmos tanto e a seguirmos a nossa pr\u00f3pria mar\u00e9. Pessoas como n\u00f3s t\u00eam uma tend\u00eancia maior \u00e0 contempla\u00e7\u00e3o, o que \u00e9 de vital import\u00e2ncia para a sa\u00fade mental e emocional do ser humano.<\/p>\n<p>J\u00e1 quem tem um ritmo mais acelerado tamb\u00e9m n\u00e3o pode querer se cobrar a diminui\u00e7\u00e3o da marcha. A princ\u00edpio pode parecer que estes t\u00eam um excesso de energia que precisa ser escoado, mas na realidade, a liga\u00e7\u00e3o entre ritmo e energia \u00e9 mais complexa do que pode parecer. Um excesso de energia n\u00e3o est\u00e1 relacionado apenas a quem tem um ritmo r\u00e1pido. Por exemplo,um excesso de energia n\u00e3o canalizado adequadamente pode gerar uma estagna\u00e7\u00e3o da mesma que acarretar\u00e1 em apatia e letargia, fazendo com que o ritmo da pessoa decaia.<\/p>\n<h4>Por isto \u00e9 muito importante sabermos usar a nossa pr\u00f3pria <a href=\"https:\/\/annaleao.com.br\/site\/mudando-energia\/\">energia<\/a> de forma correta, o que vai ajudar a conhecermos e respeitarmos o nosso ritmo. N\u00e3o importa se a energia \u00e9 f\u00edsica, mental ou emocional. O ideal \u00e9 que ela seja extravasada no pr\u00f3prio nicho, podemos dizer assim.<\/h4>\n<p>Se h\u00e1 um excesso de energia f\u00edsica, precisamos movimentar mais o nosso corpo. Se h\u00e1 um excesso de energia mental, trabalhar com o intelecto \u00e9 a melhor coisa. J\u00e1 a intensidade emocional pode ser canalizada atrav\u00e9s da arte, ou mesmo atrav\u00e9s dos relacionamentos. Neste caso, n\u00e3o cobrando do outro, mas ao contr\u00e1rio, se doando mais. Tanto pode ser uma doa\u00e7\u00e3o individual, como uma doa\u00e7\u00e3o coletiva.<\/p>\n<p>Existe tamb\u00e9m a possibilidade de fazermos transfer\u00eancias dessas energias. Por exemplo, se h\u00e1 um excesso de energia mental ou emocional, podemos esco\u00e1-la numa atividade f\u00edsica. Mas em todos os casos o nosso rel\u00f3gio biol\u00f3gico interno precisa ser respeitado.<\/p>\n<p>Quanto mais formos conhecendo-nos e nos respeitando, mais vamos conseguir impor o nosso pr\u00f3prio ritmo no nosso dia-a-dia; mais vamos conseguir ter um bom senso de n\u00e3o cairmos na ansiedade ou na procrastina\u00e7\u00e3o. Pois ter um ritmo lento n\u00e3o \u00e9 ser pregui\u00e7oso, assim como ter um ritmo r\u00e1pido n\u00e3o \u00e9 viver com<a href=\"https:\/\/annaleao.com.br\/site\/a-pressa-que-nos-consome\/\"> pressa<\/a>, atropelando as coisas.<\/p>\n<h4>Quanto mais conseguirmos ouvir o nosso pr\u00f3prio ritmo interno e sermos fiel a ele, mais conseguiremos sintoniz\u00e1-lo com o ritmo da vida.<\/h4>\n<p>Anna Le\u00e3o (Favor mencionar autoria e fonte ao reproduzir este artigo.)<\/p>\n","protected":false},"excerpt":{"rendered":"<p>N\u00f3s temos um ritmo pessoal. Assim como temos nossa ess\u00eancia \u00fanica, a nossa natureza singular, temos tamb\u00e9m o nosso pr\u00f3prio ritmo. No mundo urgente em que vivemos, onde a m\u00e1xima \u201ctempo \u00e9 dinheiro\u201d ainda dita as regras, aquele que tem o ritmo mais lento se sente muitas vezes um peixe fora d&#8217;\u00e1gua. Por favor, eu lhe pe\u00e7o: \u201cSeja generoso consigo &hellip; <\/p>\n","protected":false},"author":2,"featured_media":2147,"comment_status":"open","ping_status":"open","sticky":false,"template":"","format":"standard","meta":{"jetpack_post_was_ever_published":false,"_jetpack_newsletter_access":"","_jetpack_dont_email_post_to_subs":false,"_jetpack_newsletter_tier_id":0,"_jetpack_memberships_contains_paywalled_content":false,"_jetpack_memberships_contains_paid_content":false,"footnotes":"","jetpack_publicize_message":"","jetpack_publicize_feature_enabled":true,"jetpack_social_post_already_shared":true,"jetpack_social_options":{"image_generator_settings":{"template":"highway","enabled":false},"version":2}},"categories":[3,184],"tags":[37,1120,13,123,125,962],"class_list":["post-2145","post","type-post","status-publish","format-standard","has-post-thumbnail","hentry","category-artigos","category-blog-metamorfose","tag-autoconhecimento","tag-autorrespeito","tag-desenvolvimento-pessoal","tag-estresse","tag-ritmo","tag-textos-motivacionais"],"yoast_head":"<!-- This site is optimized with the Yoast SEO plugin v25.2 - https:\/\/yoast.com\/wordpress\/plugins\/seo\/ -->\n<title>Voc\u00ea respeita o seu pr\u00f3prio ritmo? - ANNA DE LE\u00c3O<\/title>\n<meta name=\"description\" content=\"N\u00f3s temos um ritmo pessoal. Assim como temos nossa ess\u00eancia \u00fanica, a nossa natureza singular, temos tamb\u00e9m o nosso pr\u00f3prio ritmo.\" \/>\n<meta name=\"robots\" content=\"index, follow, max-snippet:-1, max-image-preview:large, max-video-preview:-1\" \/>\n<link rel=\"canonical\" href=\"https:\/\/annaleao.com.br\/site\/voce-respeita-o-seu-proprio-ritmo\/\" \/>\n<meta property=\"og:locale\" content=\"pt_BR\" \/>\n<meta property=\"og:type\" content=\"article\" \/>\n<meta property=\"og:title\" content=\"Voc\u00ea respeita o seu pr\u00f3prio ritmo? - ANNA DE LE\u00c3O\" \/>\n<meta property=\"og:description\" content=\"N\u00f3s temos um ritmo pessoal. Assim como temos nossa ess\u00eancia \u00fanica, a nossa natureza singular, temos tamb\u00e9m o nosso pr\u00f3prio ritmo.\" \/>\n<meta property=\"og:url\" content=\"https:\/\/annaleao.com.br\/site\/voce-respeita-o-seu-proprio-ritmo\/\" \/>\n<meta property=\"og:site_name\" content=\"ANNA DE LE\u00c3O\" \/>\n<meta property=\"article:published_time\" content=\"2018-11-25T18:58:36+00:00\" \/>\n<meta property=\"article:modified_time\" content=\"2018-12-17T22:49:52+00:00\" \/>\n<meta property=\"og:image\" content=\"https:\/\/annaleao.com.br\/site\/wp-content\/uploads\/2018\/11\/fada.jpg\" \/>\n\t<meta property=\"og:image:width\" content=\"618\" \/>\n\t<meta property=\"og:image:height\" content=\"900\" \/>\n\t<meta property=\"og:image:type\" content=\"image\/jpeg\" \/>\n<meta name=\"author\" content=\"Anna de Le\u00e3o\" \/>\n<meta name=\"twitter:label1\" content=\"Escrito por\" \/>\n\t<meta name=\"twitter:data1\" content=\"Anna de Le\u00e3o\" \/>\n\t<meta name=\"twitter:label2\" content=\"Est. tempo de leitura\" \/>\n\t<meta name=\"twitter:data2\" content=\"3 minutos\" \/>\n<script type=\"application\/ld+json\" class=\"yoast-schema-graph\">{\"@context\":\"https:\/\/schema.org\",\"@graph\":[{\"@type\":\"WebPage\",\"@id\":\"https:\/\/annaleao.com.br\/site\/voce-respeita-o-seu-proprio-ritmo\/\",\"url\":\"https:\/\/annaleao.com.br\/site\/voce-respeita-o-seu-proprio-ritmo\/\",\"name\":\"Voc\u00ea respeita o seu pr\u00f3prio ritmo? - ANNA DE LE\u00c3O\",\"isPartOf\":{\"@id\":\"https:\/\/annaleao.com.br\/site\/#website\"},\"primaryImageOfPage\":{\"@id\":\"https:\/\/annaleao.com.br\/site\/voce-respeita-o-seu-proprio-ritmo\/#primaryimage\"},\"image\":{\"@id\":\"https:\/\/annaleao.com.br\/site\/voce-respeita-o-seu-proprio-ritmo\/#primaryimage\"},\"thumbnailUrl\":\"https:\/\/annaleao.com.br\/site\/wp-content\/uploads\/2018\/11\/fada.jpg\",\"datePublished\":\"2018-11-25T18:58:36+00:00\",\"dateModified\":\"2018-12-17T22:49:52+00:00\",\"author\":{\"@id\":\"https:\/\/annaleao.com.br\/site\/#\/schema\/person\/c61c763755650f8b56acd76d44c7bc8c\"},\"description\":\"N\u00f3s temos um ritmo pessoal. Assim como temos nossa ess\u00eancia \u00fanica, a nossa natureza singular, temos tamb\u00e9m o nosso pr\u00f3prio ritmo.\",\"breadcrumb\":{\"@id\":\"https:\/\/annaleao.com.br\/site\/voce-respeita-o-seu-proprio-ritmo\/#breadcrumb\"},\"inLanguage\":\"pt-BR\",\"potentialAction\":[{\"@type\":\"ReadAction\",\"target\":[\"https:\/\/annaleao.com.br\/site\/voce-respeita-o-seu-proprio-ritmo\/\"]}]},{\"@type\":\"ImageObject\",\"inLanguage\":\"pt-BR\",\"@id\":\"https:\/\/annaleao.com.br\/site\/voce-respeita-o-seu-proprio-ritmo\/#primaryimage\",\"url\":\"https:\/\/annaleao.com.br\/site\/wp-content\/uploads\/2018\/11\/fada.jpg\",\"contentUrl\":\"https:\/\/annaleao.com.br\/site\/wp-content\/uploads\/2018\/11\/fada.jpg\",\"width\":618,\"height\":900},{\"@type\":\"BreadcrumbList\",\"@id\":\"https:\/\/annaleao.com.br\/site\/voce-respeita-o-seu-proprio-ritmo\/#breadcrumb\",\"itemListElement\":[{\"@type\":\"ListItem\",\"position\":1,\"name\":\"In\u00edcio\",\"item\":\"https:\/\/annaleao.com.br\/site\/\"},{\"@type\":\"ListItem\",\"position\":2,\"name\":\"Voc\u00ea respeita o seu pr\u00f3prio ritmo?\"}]},{\"@type\":\"WebSite\",\"@id\":\"https:\/\/annaleao.com.br\/site\/#website\",\"url\":\"https:\/\/annaleao.com.br\/site\/\",\"name\":\"ANNA DE LE\u00c3O\",\"description\":\" Escritora e Terapeuta\",\"potentialAction\":[{\"@type\":\"SearchAction\",\"target\":{\"@type\":\"EntryPoint\",\"urlTemplate\":\"https:\/\/annaleao.com.br\/site\/?s={search_term_string}\"},\"query-input\":{\"@type\":\"PropertyValueSpecification\",\"valueRequired\":true,\"valueName\":\"search_term_string\"}}],\"inLanguage\":\"pt-BR\"},{\"@type\":\"Person\",\"@id\":\"https:\/\/annaleao.com.br\/site\/#\/schema\/person\/c61c763755650f8b56acd76d44c7bc8c\",\"name\":\"Anna de Le\u00e3o\",\"image\":{\"@type\":\"ImageObject\",\"inLanguage\":\"pt-BR\",\"@id\":\"https:\/\/annaleao.com.br\/site\/#\/schema\/person\/image\/\",\"url\":\"https:\/\/secure.gravatar.com\/avatar\/e29860c6ef57760b67570c34e3948ba9de10eb9b2e2f20081d0061a7233daf60?s=96&d=blank&r=g\",\"contentUrl\":\"https:\/\/secure.gravatar.com\/avatar\/e29860c6ef57760b67570c34e3948ba9de10eb9b2e2f20081d0061a7233daf60?s=96&d=blank&r=g\",\"caption\":\"Anna de Le\u00e3o\"},\"sameAs\":[\"http:\/\/www.annaleao.com.br\",\"https:\/\/x.com\/https:\/\/www.instagram.com\/annadeleao\"],\"url\":\"https:\/\/annaleao.com.br\/site\/author\/anna\/\"}]}<\/script>\n<!-- \/ Yoast SEO plugin. -->","yoast_head_json":{"title":"Voc\u00ea respeita o seu pr\u00f3prio ritmo? - ANNA DE LE\u00c3O","description":"N\u00f3s temos um ritmo pessoal. Assim como temos nossa ess\u00eancia \u00fanica, a nossa natureza singular, temos tamb\u00e9m o nosso pr\u00f3prio ritmo.","robots":{"index":"index","follow":"follow","max-snippet":"max-snippet:-1","max-image-preview":"max-image-preview:large","max-video-preview":"max-video-preview:-1"},"canonical":"https:\/\/annaleao.com.br\/site\/voce-respeita-o-seu-proprio-ritmo\/","og_locale":"pt_BR","og_type":"article","og_title":"Voc\u00ea respeita o seu pr\u00f3prio ritmo? - ANNA DE LE\u00c3O","og_description":"N\u00f3s temos um ritmo pessoal. Assim como temos nossa ess\u00eancia \u00fanica, a nossa natureza singular, temos tamb\u00e9m o nosso pr\u00f3prio ritmo.","og_url":"https:\/\/annaleao.com.br\/site\/voce-respeita-o-seu-proprio-ritmo\/","og_site_name":"ANNA DE LE\u00c3O","article_published_time":"2018-11-25T18:58:36+00:00","article_modified_time":"2018-12-17T22:49:52+00:00","og_image":[{"width":618,"height":900,"url":"https:\/\/annaleao.com.br\/site\/wp-content\/uploads\/2018\/11\/fada.jpg","type":"image\/jpeg"}],"author":"Anna de Le\u00e3o","twitter_misc":{"Escrito por":"Anna de Le\u00e3o","Est. tempo de leitura":"3 minutos"},"schema":{"@context":"https:\/\/schema.org","@graph":[{"@type":"WebPage","@id":"https:\/\/annaleao.com.br\/site\/voce-respeita-o-seu-proprio-ritmo\/","url":"https:\/\/annaleao.com.br\/site\/voce-respeita-o-seu-proprio-ritmo\/","name":"Voc\u00ea respeita o seu pr\u00f3prio ritmo? - ANNA DE LE\u00c3O","isPartOf":{"@id":"https:\/\/annaleao.com.br\/site\/#website"},"primaryImageOfPage":{"@id":"https:\/\/annaleao.com.br\/site\/voce-respeita-o-seu-proprio-ritmo\/#primaryimage"},"image":{"@id":"https:\/\/annaleao.com.br\/site\/voce-respeita-o-seu-proprio-ritmo\/#primaryimage"},"thumbnailUrl":"https:\/\/annaleao.com.br\/site\/wp-content\/uploads\/2018\/11\/fada.jpg","datePublished":"2018-11-25T18:58:36+00:00","dateModified":"2018-12-17T22:49:52+00:00","author":{"@id":"https:\/\/annaleao.com.br\/site\/#\/schema\/person\/c61c763755650f8b56acd76d44c7bc8c"},"description":"N\u00f3s temos um ritmo pessoal. Assim como temos nossa ess\u00eancia \u00fanica, a nossa natureza singular, temos tamb\u00e9m o nosso pr\u00f3prio ritmo.","breadcrumb":{"@id":"https:\/\/annaleao.com.br\/site\/voce-respeita-o-seu-proprio-ritmo\/#breadcrumb"},"inLanguage":"pt-BR","potentialAction":[{"@type":"ReadAction","target":["https:\/\/annaleao.com.br\/site\/voce-respeita-o-seu-proprio-ritmo\/"]}]},{"@type":"ImageObject","inLanguage":"pt-BR","@id":"https:\/\/annaleao.com.br\/site\/voce-respeita-o-seu-proprio-ritmo\/#primaryimage","url":"https:\/\/annaleao.com.br\/site\/wp-content\/uploads\/2018\/11\/fada.jpg","contentUrl":"https:\/\/annaleao.com.br\/site\/wp-content\/uploads\/2018\/11\/fada.jpg","width":618,"height":900},{"@type":"BreadcrumbList","@id":"https:\/\/annaleao.com.br\/site\/voce-respeita-o-seu-proprio-ritmo\/#breadcrumb","itemListElement":[{"@type":"ListItem","position":1,"name":"In\u00edcio","item":"https:\/\/annaleao.com.br\/site\/"},{"@type":"ListItem","position":2,"name":"Voc\u00ea respeita o seu pr\u00f3prio ritmo?"}]},{"@type":"WebSite","@id":"https:\/\/annaleao.com.br\/site\/#website","url":"https:\/\/annaleao.com.br\/site\/","name":"ANNA DE LE\u00c3O","description":" Escritora e Terapeuta","potentialAction":[{"@type":"SearchAction","target":{"@type":"EntryPoint","urlTemplate":"https:\/\/annaleao.com.br\/site\/?s={search_term_string}"},"query-input":{"@type":"PropertyValueSpecification","valueRequired":true,"valueName":"search_term_string"}}],"inLanguage":"pt-BR"},{"@type":"Person","@id":"https:\/\/annaleao.com.br\/site\/#\/schema\/person\/c61c763755650f8b56acd76d44c7bc8c","name":"Anna de Le\u00e3o","image":{"@type":"ImageObject","inLanguage":"pt-BR","@id":"https:\/\/annaleao.com.br\/site\/#\/schema\/person\/image\/","url":"https:\/\/secure.gravatar.com\/avatar\/e29860c6ef57760b67570c34e3948ba9de10eb9b2e2f20081d0061a7233daf60?s=96&d=blank&r=g","contentUrl":"https:\/\/secure.gravatar.com\/avatar\/e29860c6ef57760b67570c34e3948ba9de10eb9b2e2f20081d0061a7233daf60?s=96&d=blank&r=g","caption":"Anna de Le\u00e3o"},"sameAs":["http:\/\/www.annaleao.com.br","https:\/\/x.com\/https:\/\/www.instagram.com\/annadeleao"],"url":"https:\/\/annaleao.com.br\/site\/author\/anna\/"}]}},"jetpack_publicize_connections":[],"jetpack_featured_media_url":"https:\/\/annaleao.com.br\/site\/wp-content\/uploads\/2018\/11\/fada.jpg","jetpack_sharing_enabled":true,"jetpack_shortlink":"https:\/\/wp.me\/p8nt2H-yB","jetpack-related-posts":[],"_links":{"self":[{"href":"https:\/\/annaleao.com.br\/site\/wp-json\/wp\/v2\/posts\/2145","targetHints":{"allow":["GET"]}}],"collection":[{"href":"https:\/\/annaleao.com.br\/site\/wp-json\/wp\/v2\/posts"}],"about":[{"href":"https:\/\/annaleao.com.br\/site\/wp-json\/wp\/v2\/types\/post"}],"author":[{"embeddable":true,"href":"https:\/\/annaleao.com.br\/site\/wp-json\/wp\/v2\/users\/2"}],"replies":[{"embeddable":true,"href":"https:\/\/annaleao.com.br\/site\/wp-json\/wp\/v2\/comments?post=2145"}],"version-history":[{"count":5,"href":"https:\/\/annaleao.com.br\/site\/wp-json\/wp\/v2\/posts\/2145\/revisions"}],"predecessor-version":[{"id":2272,"href":"https:\/\/annaleao.com.br\/site\/wp-json\/wp\/v2\/posts\/2145\/revisions\/2272"}],"wp:featuredmedia":[{"embeddable":true,"href":"https:\/\/annaleao.com.br\/site\/wp-json\/wp\/v2\/media\/2147"}],"wp:attachment":[{"href":"https:\/\/annaleao.com.br\/site\/wp-json\/wp\/v2\/media?parent=2145"}],"wp:term":[{"taxonomy":"category","embeddable":true,"href":"https:\/\/annaleao.com.br\/site\/wp-json\/wp\/v2\/categories?post=2145"},{"taxonomy":"post_tag","embeddable":true,"href":"https:\/\/annaleao.com.br\/site\/wp-json\/wp\/v2\/tags?post=2145"}],"curies":[{"name":"wp","href":"https:\/\/api.w.org\/{rel}","templated":true}]}}