{"id":2251,"date":"2018-12-14T20:16:33","date_gmt":"2018-12-14T20:16:33","guid":{"rendered":"https:\/\/annaleao.com.br\/site\/?p=2251"},"modified":"2020-03-27T19:48:42","modified_gmt":"2020-03-27T19:48:42","slug":"a-lei-da-atracao","status":"publish","type":"post","link":"https:\/\/annaleao.com.br\/site\/a-lei-da-atracao\/","title":{"rendered":"A Lei da Atra\u00e7\u00e3o"},"content":{"rendered":"<p>\u201cPela Lei da Atra\u00e7\u00e3o, em tudo que focamos, seja para o bem ou para o mal, atra\u00edmos.\u201d<\/p>\n<p>Escrevi esta frase em meu \u00faltimo artigo,\u00a0 <a href=\"https:\/\/annaleao.com.br\/site\/o-poder-da-gratidao\/\">O Poder da Gratid\u00e3o<\/a>, e prometi falar esta semana, da Lei da Atra\u00e7\u00e3o. Ent\u00e3o vamos l\u00e1!<\/p>\n<p>O que vem a ser a Lei da Atra\u00e7\u00e3o?<\/p>\n<h4>A Lei da Atra\u00e7\u00e3o \u00e9 uma das <a href=\"https:\/\/annaleao.com.br\/site\/lei-do-distanciamento-arte-do-desapego\/\">Leis Espirituais<\/a> que regem o Universo. Quando falamos em Leis Espirituais isso nada tem a ver com determinada religi\u00e3o. Poder\u00edamos tamb\u00e9m cham\u00e1-las de Leis do Universo, ou Leis Metaf\u00edsicas. Mas como elas abrangem algo maior, o invis\u00edvel, e a forma como tudo \u00e9 feito no Universo, tamb\u00e9m a chamamos de Leis Espirituais.<\/h4>\n<p>Agora, n\u00e3o \u00e9 porque estas Leis n\u00e3o s\u00e3o religiosas, que nenhuma religi\u00e3o as use. Se elas s\u00e3o a verdade do Universo, as religi\u00f5es precisam se sintonizar com elas. Infelizmente n\u00e3o \u00e9 o caso da maioria. Mas \u00e9 aquela coisa, espiritualidade e religi\u00e3o s\u00e3o coisas diferentes. Espiritualidade \u00e9 algo mais abrangente, transcendente. E isso n\u00e3o impede que um ateu, por exemplo, seja algu\u00e9m muito espiritualizado.<\/p>\n<p>Com a descoberta da f\u00edsica qu\u00e2ntica conseguimos aproximar a ci\u00eancia da espiritualidade, pelo menos para quem se permite ir mais al\u00e9m. Esta f\u00edsica, atrav\u00e9s de in\u00fameros experimentos, nos mostra que tudo \u00e9 consci\u00eancia, e que o \u00e1tomo \u00e9 a base de tudo.<\/p>\n<h4>Somos formados de \u00e1tomos, o Universo \u00e9 formado de \u00e1tomos, e eles est\u00e3o sempre em movimento, vibrando. A velocidade dessa vibra\u00e7\u00e3o que vai ser respons\u00e1vel pela mat\u00e9ria ou n\u00e3o.<\/h4>\n<p>Quanto mais lenta a vibra\u00e7\u00e3o do movimento do \u00e1tomo, mais f\u00e1cil se formar a mat\u00e9ria densa. Esta vibra\u00e7\u00e3o emite uma frequ\u00eancia, em ondas. S\u00e3o estas ondas de frequ\u00eancia que atraem frequ\u00eancias semelhantes. Mexa no dial de um r\u00e1dio para chegar a alguma esta\u00e7\u00e3o. Estas esta\u00e7\u00f5es s\u00e3o frequ\u00eancias de ondas, os famosos hertz. Voc\u00ea se sintoniza com a frequ\u00eancia escolhida.<\/p>\n<p>A mesma coisa voc\u00ea pode fazer para atrair as coisas que quer. Nossos sentimentos e pensamentos produzem frequ\u00eancias. Portanto, se voc\u00ea est\u00e1 com um pensamento ou sentimento negativo, voc\u00ea est\u00e1 em baixa frequ\u00eancia. Est\u00e1 emanando e ao mesmo tempo atraindo uma frequ\u00eancia semelhante.<\/p>\n<p>Como isto acontece? Atrav\u00e9s das ondas. N\u00e3o se esque\u00e7a, n\u00e3o existem s\u00f3 as ondas de r\u00e1dio, tudo \u00e9 onda com suas respectivas frequ\u00eancias.<\/p>\n<p>Existem v\u00e1rios experimentos cient\u00edficos mostrando que o \u00e1tomo se comporta de acordo com o observador. Quer dizer, a consci\u00eancia do observador molda o que o \u00e1tomo faz. Os resultados destes experimentos comprovam o quanto a mat\u00e9ria \u00e9 regida pela consci\u00eancia. E aqui esta a explica\u00e7\u00e3o para o \u201cvoc\u00ea cria a sua realidade\u201d.<\/p>\n<p>Exatamente, voc\u00ea cria a sua realidade de acordo com o que voc\u00ea pensa, sente e projeta para a sua vida. Portanto, essas s\u00e3o as bases da Lei da Atra\u00e7\u00e3o. A sua consci\u00eancia, atrav\u00e9s de sua frequ\u00eancia vibracional, atraindo vibra\u00e7\u00f5es semelhantes.<\/p>\n<h4>Ent\u00e3o, veja, a Lei da Atra\u00e7\u00e3o tem uma base cient\u00edfica, ou melhor, pode ser explicada cientificamente. Ela n\u00e3o \u00e9 s\u00f3 modismo, coisas da Nova Era, ou \u201cpensamento positivo.\u201d Ela \u00e9 uma realidade e uma verdade universal!<\/h4>\n<p>Se pararmos para pensar, analisando momentos de nossas vidas, iremos comprovar a verdade da Lei da Atra\u00e7\u00e3o. E \u00e9 muito bom quando comprovamos as coisas, o que se d\u00e1 na pr\u00e1tica.<\/p>\n<p>Para vibrarmos em alta frequ\u00eancia precisamos sentir em alta frequ\u00eancia. O sentimento \u00e9 o mais importante, \u00e9 ele quem d\u00e1 a vibra\u00e7\u00e3o. N\u00e3o adianta, por exemplo, ficarmos repetindo, na nossa mente, que algo vai dar certo se nosso sentimento \u00e9 de medo, d\u00favida, ou inseguran\u00e7a.<\/p>\n<p>\u00c9 por isto que muitas vezes o \u201cpensamento positivo\u201d n\u00e3o d\u00e1 certo, pois ele n\u00e3o estava imbu\u00eddo do sentimento correspondente. Nesse caso est\u00e1vamos vibrando com o medo, a d\u00favida e a inseguran\u00e7a, pois eram estas coisas que eman\u00e1vamos.<\/p>\n<p>Vemos, ent\u00e3o, que n\u00e3o \u00e9 t\u00e3o f\u00e1cil assim nos mantermos o tempo todo com uma alta vibra\u00e7\u00e3o. Mas \u00e9 uma quest\u00e3o de treino. Se escolhemos nos manter positivamente, nos foquemos em coisas boas, lembran\u00e7as agrad\u00e1veis e procuremos nutrir sentimentos bons e pensamentos que nos levem a bons sentimentos e sensa\u00e7\u00f5es.<\/p>\n<h4>Ah, sim, as sensa\u00e7\u00f5es&#8230; Elas s\u00e3o important\u00edssimas para detectarmos como estamos vibrando. N\u00e3o as menosprezemos. Vamos perceber mais nossas sensa\u00e7\u00f5es, elas ditam se estamos sintonizados com boas frequ\u00eancias.<\/h4>\n<p>Se voc\u00ea quiser conhecer mais a fundo os experimentos da mec\u00e2nica qu\u00e2ntica, e se aprofundar mais neste universo, indico o filme Quem Somos N\u00f3s (j\u00e1 citado por mim em alguns artigos) e os livros do f\u00edsico Amit Goswami (O Universo Autoconsciente) e do professor H\u00e9lio Couto (Mentes In-formadas \u2013 Ondas de Informa\u00e7\u00e3o).<\/p>\n<p>Bom estudo!<\/p>\n<p>Nota: texto do livro<a href=\"https:\/\/annaleao.com.br\/site\/por-um-pouco-mais-de-felicidade\/\"><em>\u00a0Por um\u00a0 pouco mais de felicidade<\/em><\/a>, de Anna de Le\u00e3o.<\/p>\n<p>Anna Le\u00e3o (favor mencionar autoria e fonte ao reproduzir este artigo)<\/p>\n","protected":false},"excerpt":{"rendered":"<p>\u201cPela Lei da Atra\u00e7\u00e3o, em tudo que focamos, seja para o bem ou para o mal, atra\u00edmos.\u201d Escrevi esta frase em meu \u00faltimo artigo,\u00a0 O Poder da Gratid\u00e3o, e prometi falar esta semana, da Lei da Atra\u00e7\u00e3o. Ent\u00e3o vamos l\u00e1! O que vem a ser a Lei da Atra\u00e7\u00e3o? A Lei da Atra\u00e7\u00e3o \u00e9 uma das Leis Espirituais que regem &hellip; <\/p>\n","protected":false},"author":2,"featured_media":2252,"comment_status":"open","ping_status":"open","sticky":false,"template":"","format":"standard","meta":{"jetpack_post_was_ever_published":false,"_jetpack_newsletter_access":"","_jetpack_dont_email_post_to_subs":false,"_jetpack_newsletter_tier_id":0,"_jetpack_memberships_contains_paywalled_content":false,"_jetpack_memberships_contains_paid_content":false,"footnotes":"","jetpack_publicize_message":"","jetpack_publicize_feature_enabled":true,"jetpack_social_post_already_shared":true,"jetpack_social_options":{"image_generator_settings":{"template":"highway","enabled":false},"version":2}},"categories":[184,157],"tags":[1145,13,1144,1143,1146,100,1132,98],"class_list":["post-2251","post","type-post","status-publish","format-standard","has-post-thumbnail","hentry","category-blog-metamorfose","category-desenvolvimento-pessoal","tag-amit-goswami","tag-desenvolvimento-pessoal","tag-fisica-quantica","tag-frequencia-energetica","tag-helio-couto","tag-lei-da-atracao","tag-leis-espirituais","tag-quem-somos-nos"],"yoast_head":"<!-- This site is optimized with the Yoast SEO plugin v25.2 - https:\/\/yoast.com\/wordpress\/plugins\/seo\/ -->\n<title>A Lei da Atra\u00e7\u00e3o - ANNA DE LE\u00c3O<\/title>\n<meta name=\"description\" content=\"A Lei da Atra\u00e7\u00e3o \u00e9 uma das Leis Espirituais que regem o Universo. Quando falamos em Leis Espirituais isso nada tem a ver com determinada religi\u00e3o.\" \/>\n<meta name=\"robots\" content=\"index, follow, max-snippet:-1, max-image-preview:large, max-video-preview:-1\" \/>\n<link rel=\"canonical\" href=\"https:\/\/annaleao.com.br\/site\/a-lei-da-atracao\/\" \/>\n<meta property=\"og:locale\" content=\"pt_BR\" \/>\n<meta property=\"og:type\" content=\"article\" \/>\n<meta property=\"og:title\" content=\"A Lei da Atra\u00e7\u00e3o - ANNA DE LE\u00c3O\" \/>\n<meta property=\"og:description\" content=\"A Lei da Atra\u00e7\u00e3o \u00e9 uma das Leis Espirituais que regem o Universo. Quando falamos em Leis Espirituais isso nada tem a ver com determinada religi\u00e3o.\" \/>\n<meta property=\"og:url\" content=\"https:\/\/annaleao.com.br\/site\/a-lei-da-atracao\/\" \/>\n<meta property=\"og:site_name\" content=\"ANNA DE LE\u00c3O\" \/>\n<meta property=\"article:published_time\" content=\"2018-12-14T20:16:33+00:00\" \/>\n<meta property=\"article:modified_time\" content=\"2020-03-27T19:48:42+00:00\" \/>\n<meta property=\"og:image\" content=\"https:\/\/annaleao.com.br\/site\/wp-content\/uploads\/2018\/12\/img4a469921b76a7.jpg\" \/>\n\t<meta property=\"og:image:width\" content=\"285\" \/>\n\t<meta property=\"og:image:height\" content=\"400\" \/>\n\t<meta property=\"og:image:type\" content=\"image\/jpeg\" \/>\n<meta name=\"author\" content=\"Anna de Le\u00e3o\" \/>\n<meta name=\"twitter:label1\" content=\"Escrito por\" \/>\n\t<meta name=\"twitter:data1\" content=\"Anna de Le\u00e3o\" \/>\n\t<meta name=\"twitter:label2\" content=\"Est. tempo de leitura\" \/>\n\t<meta name=\"twitter:data2\" content=\"4 minutos\" \/>\n<script type=\"application\/ld+json\" class=\"yoast-schema-graph\">{\"@context\":\"https:\/\/schema.org\",\"@graph\":[{\"@type\":\"WebPage\",\"@id\":\"https:\/\/annaleao.com.br\/site\/a-lei-da-atracao\/\",\"url\":\"https:\/\/annaleao.com.br\/site\/a-lei-da-atracao\/\",\"name\":\"A Lei da Atra\u00e7\u00e3o - ANNA DE LE\u00c3O\",\"isPartOf\":{\"@id\":\"https:\/\/annaleao.com.br\/site\/#website\"},\"primaryImageOfPage\":{\"@id\":\"https:\/\/annaleao.com.br\/site\/a-lei-da-atracao\/#primaryimage\"},\"image\":{\"@id\":\"https:\/\/annaleao.com.br\/site\/a-lei-da-atracao\/#primaryimage\"},\"thumbnailUrl\":\"https:\/\/annaleao.com.br\/site\/wp-content\/uploads\/2018\/12\/img4a469921b76a7.jpg\",\"datePublished\":\"2018-12-14T20:16:33+00:00\",\"dateModified\":\"2020-03-27T19:48:42+00:00\",\"author\":{\"@id\":\"https:\/\/annaleao.com.br\/site\/#\/schema\/person\/c61c763755650f8b56acd76d44c7bc8c\"},\"description\":\"A Lei da Atra\u00e7\u00e3o \u00e9 uma das Leis Espirituais que regem o Universo. Quando falamos em Leis Espirituais isso nada tem a ver com determinada religi\u00e3o.\",\"breadcrumb\":{\"@id\":\"https:\/\/annaleao.com.br\/site\/a-lei-da-atracao\/#breadcrumb\"},\"inLanguage\":\"pt-BR\",\"potentialAction\":[{\"@type\":\"ReadAction\",\"target\":[\"https:\/\/annaleao.com.br\/site\/a-lei-da-atracao\/\"]}]},{\"@type\":\"ImageObject\",\"inLanguage\":\"pt-BR\",\"@id\":\"https:\/\/annaleao.com.br\/site\/a-lei-da-atracao\/#primaryimage\",\"url\":\"https:\/\/annaleao.com.br\/site\/wp-content\/uploads\/2018\/12\/img4a469921b76a7.jpg\",\"contentUrl\":\"https:\/\/annaleao.com.br\/site\/wp-content\/uploads\/2018\/12\/img4a469921b76a7.jpg\",\"width\":285,\"height\":400},{\"@type\":\"BreadcrumbList\",\"@id\":\"https:\/\/annaleao.com.br\/site\/a-lei-da-atracao\/#breadcrumb\",\"itemListElement\":[{\"@type\":\"ListItem\",\"position\":1,\"name\":\"In\u00edcio\",\"item\":\"https:\/\/annaleao.com.br\/site\/\"},{\"@type\":\"ListItem\",\"position\":2,\"name\":\"A Lei da Atra\u00e7\u00e3o\"}]},{\"@type\":\"WebSite\",\"@id\":\"https:\/\/annaleao.com.br\/site\/#website\",\"url\":\"https:\/\/annaleao.com.br\/site\/\",\"name\":\"ANNA DE LE\u00c3O\",\"description\":\" Escritora e Terapeuta\",\"potentialAction\":[{\"@type\":\"SearchAction\",\"target\":{\"@type\":\"EntryPoint\",\"urlTemplate\":\"https:\/\/annaleao.com.br\/site\/?s={search_term_string}\"},\"query-input\":{\"@type\":\"PropertyValueSpecification\",\"valueRequired\":true,\"valueName\":\"search_term_string\"}}],\"inLanguage\":\"pt-BR\"},{\"@type\":\"Person\",\"@id\":\"https:\/\/annaleao.com.br\/site\/#\/schema\/person\/c61c763755650f8b56acd76d44c7bc8c\",\"name\":\"Anna de Le\u00e3o\",\"image\":{\"@type\":\"ImageObject\",\"inLanguage\":\"pt-BR\",\"@id\":\"https:\/\/annaleao.com.br\/site\/#\/schema\/person\/image\/\",\"url\":\"https:\/\/secure.gravatar.com\/avatar\/e29860c6ef57760b67570c34e3948ba9de10eb9b2e2f20081d0061a7233daf60?s=96&d=blank&r=g\",\"contentUrl\":\"https:\/\/secure.gravatar.com\/avatar\/e29860c6ef57760b67570c34e3948ba9de10eb9b2e2f20081d0061a7233daf60?s=96&d=blank&r=g\",\"caption\":\"Anna de Le\u00e3o\"},\"sameAs\":[\"http:\/\/www.annaleao.com.br\",\"https:\/\/x.com\/https:\/\/www.instagram.com\/annadeleao\"],\"url\":\"https:\/\/annaleao.com.br\/site\/author\/anna\/\"}]}<\/script>\n<!-- \/ Yoast SEO plugin. -->","yoast_head_json":{"title":"A Lei da Atra\u00e7\u00e3o - ANNA DE LE\u00c3O","description":"A Lei da Atra\u00e7\u00e3o \u00e9 uma das Leis Espirituais que regem o Universo. Quando falamos em Leis Espirituais isso nada tem a ver com determinada religi\u00e3o.","robots":{"index":"index","follow":"follow","max-snippet":"max-snippet:-1","max-image-preview":"max-image-preview:large","max-video-preview":"max-video-preview:-1"},"canonical":"https:\/\/annaleao.com.br\/site\/a-lei-da-atracao\/","og_locale":"pt_BR","og_type":"article","og_title":"A Lei da Atra\u00e7\u00e3o - ANNA DE LE\u00c3O","og_description":"A Lei da Atra\u00e7\u00e3o \u00e9 uma das Leis Espirituais que regem o Universo. Quando falamos em Leis Espirituais isso nada tem a ver com determinada religi\u00e3o.","og_url":"https:\/\/annaleao.com.br\/site\/a-lei-da-atracao\/","og_site_name":"ANNA DE LE\u00c3O","article_published_time":"2018-12-14T20:16:33+00:00","article_modified_time":"2020-03-27T19:48:42+00:00","og_image":[{"width":285,"height":400,"url":"https:\/\/annaleao.com.br\/site\/wp-content\/uploads\/2018\/12\/img4a469921b76a7.jpg","type":"image\/jpeg"}],"author":"Anna de Le\u00e3o","twitter_misc":{"Escrito por":"Anna de Le\u00e3o","Est. tempo de leitura":"4 minutos"},"schema":{"@context":"https:\/\/schema.org","@graph":[{"@type":"WebPage","@id":"https:\/\/annaleao.com.br\/site\/a-lei-da-atracao\/","url":"https:\/\/annaleao.com.br\/site\/a-lei-da-atracao\/","name":"A Lei da Atra\u00e7\u00e3o - ANNA DE LE\u00c3O","isPartOf":{"@id":"https:\/\/annaleao.com.br\/site\/#website"},"primaryImageOfPage":{"@id":"https:\/\/annaleao.com.br\/site\/a-lei-da-atracao\/#primaryimage"},"image":{"@id":"https:\/\/annaleao.com.br\/site\/a-lei-da-atracao\/#primaryimage"},"thumbnailUrl":"https:\/\/annaleao.com.br\/site\/wp-content\/uploads\/2018\/12\/img4a469921b76a7.jpg","datePublished":"2018-12-14T20:16:33+00:00","dateModified":"2020-03-27T19:48:42+00:00","author":{"@id":"https:\/\/annaleao.com.br\/site\/#\/schema\/person\/c61c763755650f8b56acd76d44c7bc8c"},"description":"A Lei da Atra\u00e7\u00e3o \u00e9 uma das Leis Espirituais que regem o Universo. Quando falamos em Leis Espirituais isso nada tem a ver com determinada religi\u00e3o.","breadcrumb":{"@id":"https:\/\/annaleao.com.br\/site\/a-lei-da-atracao\/#breadcrumb"},"inLanguage":"pt-BR","potentialAction":[{"@type":"ReadAction","target":["https:\/\/annaleao.com.br\/site\/a-lei-da-atracao\/"]}]},{"@type":"ImageObject","inLanguage":"pt-BR","@id":"https:\/\/annaleao.com.br\/site\/a-lei-da-atracao\/#primaryimage","url":"https:\/\/annaleao.com.br\/site\/wp-content\/uploads\/2018\/12\/img4a469921b76a7.jpg","contentUrl":"https:\/\/annaleao.com.br\/site\/wp-content\/uploads\/2018\/12\/img4a469921b76a7.jpg","width":285,"height":400},{"@type":"BreadcrumbList","@id":"https:\/\/annaleao.com.br\/site\/a-lei-da-atracao\/#breadcrumb","itemListElement":[{"@type":"ListItem","position":1,"name":"In\u00edcio","item":"https:\/\/annaleao.com.br\/site\/"},{"@type":"ListItem","position":2,"name":"A Lei da Atra\u00e7\u00e3o"}]},{"@type":"WebSite","@id":"https:\/\/annaleao.com.br\/site\/#website","url":"https:\/\/annaleao.com.br\/site\/","name":"ANNA DE LE\u00c3O","description":" Escritora e Terapeuta","potentialAction":[{"@type":"SearchAction","target":{"@type":"EntryPoint","urlTemplate":"https:\/\/annaleao.com.br\/site\/?s={search_term_string}"},"query-input":{"@type":"PropertyValueSpecification","valueRequired":true,"valueName":"search_term_string"}}],"inLanguage":"pt-BR"},{"@type":"Person","@id":"https:\/\/annaleao.com.br\/site\/#\/schema\/person\/c61c763755650f8b56acd76d44c7bc8c","name":"Anna de Le\u00e3o","image":{"@type":"ImageObject","inLanguage":"pt-BR","@id":"https:\/\/annaleao.com.br\/site\/#\/schema\/person\/image\/","url":"https:\/\/secure.gravatar.com\/avatar\/e29860c6ef57760b67570c34e3948ba9de10eb9b2e2f20081d0061a7233daf60?s=96&d=blank&r=g","contentUrl":"https:\/\/secure.gravatar.com\/avatar\/e29860c6ef57760b67570c34e3948ba9de10eb9b2e2f20081d0061a7233daf60?s=96&d=blank&r=g","caption":"Anna de Le\u00e3o"},"sameAs":["http:\/\/www.annaleao.com.br","https:\/\/x.com\/https:\/\/www.instagram.com\/annadeleao"],"url":"https:\/\/annaleao.com.br\/site\/author\/anna\/"}]}},"jetpack_publicize_connections":[],"jetpack_featured_media_url":"https:\/\/annaleao.com.br\/site\/wp-content\/uploads\/2018\/12\/img4a469921b76a7.jpg","jetpack_sharing_enabled":true,"jetpack_shortlink":"https:\/\/wp.me\/p8nt2H-Aj","jetpack-related-posts":[],"_links":{"self":[{"href":"https:\/\/annaleao.com.br\/site\/wp-json\/wp\/v2\/posts\/2251","targetHints":{"allow":["GET"]}}],"collection":[{"href":"https:\/\/annaleao.com.br\/site\/wp-json\/wp\/v2\/posts"}],"about":[{"href":"https:\/\/annaleao.com.br\/site\/wp-json\/wp\/v2\/types\/post"}],"author":[{"embeddable":true,"href":"https:\/\/annaleao.com.br\/site\/wp-json\/wp\/v2\/users\/2"}],"replies":[{"embeddable":true,"href":"https:\/\/annaleao.com.br\/site\/wp-json\/wp\/v2\/comments?post=2251"}],"version-history":[{"count":6,"href":"https:\/\/annaleao.com.br\/site\/wp-json\/wp\/v2\/posts\/2251\/revisions"}],"predecessor-version":[{"id":3164,"href":"https:\/\/annaleao.com.br\/site\/wp-json\/wp\/v2\/posts\/2251\/revisions\/3164"}],"wp:featuredmedia":[{"embeddable":true,"href":"https:\/\/annaleao.com.br\/site\/wp-json\/wp\/v2\/media\/2252"}],"wp:attachment":[{"href":"https:\/\/annaleao.com.br\/site\/wp-json\/wp\/v2\/media?parent=2251"}],"wp:term":[{"taxonomy":"category","embeddable":true,"href":"https:\/\/annaleao.com.br\/site\/wp-json\/wp\/v2\/categories?post=2251"},{"taxonomy":"post_tag","embeddable":true,"href":"https:\/\/annaleao.com.br\/site\/wp-json\/wp\/v2\/tags?post=2251"}],"curies":[{"name":"wp","href":"https:\/\/api.w.org\/{rel}","templated":true}]}}