{"id":2333,"date":"2019-01-11T21:44:02","date_gmt":"2019-01-11T21:44:02","guid":{"rendered":"https:\/\/annaleao.com.br\/site\/?p=2333"},"modified":"2019-01-12T17:37:03","modified_gmt":"2019-01-12T17:37:03","slug":"a-tirania-do-ego","status":"publish","type":"post","link":"https:\/\/annaleao.com.br\/site\/a-tirania-do-ego\/","title":{"rendered":"A tirania do ego"},"content":{"rendered":"<div>\n<p class=\"m_-2401304019079445073p1\" style=\"text-align: left;\"><span class=\"m_-2401304019079445073s1\">A falta de respeito a um povo \u00e9 a falta de respeito ao ser divino universal que permeia tudo e todos. Somos uma \u00fanica energia de cria\u00e7\u00e3o, feitas da mesma subst\u00e2ncia. N\u00e3o existe melhor nem pior. Existe \u00e9 a ilus\u00e3o de separa\u00e7\u00e3o, que cria desigualdades, inveja, crimes, torturas, soberba, arrog\u00e2ncia, preconceito, viol\u00eancia, discrimina\u00e7\u00e3o.<\/span><\/p>\n<p class=\"m_-2401304019079445073p1\"><span class=\"m_-2401304019079445073s1\"> Somos todos um! Isto pode parecer chav\u00e3o, clich\u00ea, mas \u00e9 a pura verdade. Uma verdade profunda e n\u00e3o question\u00e1vel. A mat\u00e9ria \u00e9 s\u00f3 uma parte, uma pequena parte do Todo. Este, formado por \u00e1tomos que vibram em frequ\u00eancias diversas, at\u00e9\u00a0 virarem mat\u00e9ria, se chegarem a uma frequ\u00eancia vibracional X. <\/span><\/p>\n<p class=\"m_-2401304019079445073p1\"><span class=\"m_-2401304019079445073s1\">Mas a subst\u00e2ncia de vida e da cria\u00e7\u00e3o \u00e9 a mesma em tudo e todos. Por isso o respeito ao pr\u00f3ximo \u00e9 fundamental. Seria a consequ\u00eancia natural se n\u00e3o fosse pela deturpa\u00e7\u00e3o da realidade \u00faltima, se n\u00e3o fosse pela deturpa\u00e7\u00e3o da simples\u00a0 verdade de que tudo \u00e9 uma coisa s\u00f3.<\/span><\/p>\n<h4 class=\"m_-2401304019079445073p1\"><span class=\"m_-2401304019079445073s1\"><span class=\"m_-2401304019079445073Apple-converted-space\">\u00a0<\/span>A ilus\u00e3o de separa\u00e7\u00e3o, oposto \u00e0 realidade de unicidade,\u00a0 condena, cada vez mais, o ser humano \u00e0 ignor\u00e2ncia, \u00e0s atrocidades cometidas em nome de uma ilus\u00f3ria e falsa superioridade. N\u00e3o sou mais que voc\u00ea, n\u00e3o sou menos que voc\u00ea. Somos iguais. <\/span><\/h4>\n<p class=\"m_-2401304019079445073p1\"><span class=\"m_-2401304019079445073s1\">Se nossas vidas diferem, isto \u00e9 devido ao trajeto ilus\u00f3rio de cada um de n\u00f3s. Mas viemos todos do mesmo manancial , somos compostos da mesma subst\u00e2ncia de vida. <\/span><\/p>\n<p class=\"m_-2401304019079445073p1\"><span class=\"m_-2401304019079445073s1\">A nossa ess\u00eancia \u00e9 pura e imortal porque \u00e9 divina. J\u00e1 o nosso ego tem os dias contados, pois ele \u00e9 apenas mais um instrumento para atuarmos neste mundo material, mas n\u00e3o \u00e9 o senhor de n\u00f3s mesmos. Ele perece, nossa ess\u00eancia n\u00e3o. Esta sim, \u00e9 a senhora de n\u00f3s mesmos. <\/span><\/p>\n<h4 class=\"m_-2401304019079445073p1\"><span class=\"m_-2401304019079445073s1\">Por\u00e9m, nossa ess\u00eancia vive muito afastada de n\u00f3s, pois o ego, com medo, quer esmag\u00e1-la. E \u00e9 este ego medroso que separa, mutila e tem sede de poder. Por\u00e9m, tudo que \u00e9 feito por ele \u00e9 perec\u00edvel, pois ele mesmo o \u00e9. Diferente da ess\u00eancia, divina e soberana, por ser imortal. <\/span><span class=\"m_-2401304019079445073s1\">A ess\u00eancia \u00e9 amor, liberdade, confian\u00e7a, sabedoria. O ego \u00e9 medo, ambi\u00e7\u00e3o, tirania, confus\u00e3o. <\/span><\/h4>\n<p class=\"m_-2401304019079445073p1\"><span class=\"m_-2401304019079445073s1\">A terra \u00e9 vida, \u00e9 viva, feita da mesma subst\u00e2ncia divina que permeia tudo, pois, como j\u00e1 disse,\u00a0 tudo \u00e9 uma coisa s\u00f3. Aqueles que cuidam da terra, que t\u00eam respeito por ela e uma liga\u00e7\u00e3o profunda com ela, est\u00e3o mais perto do verdadeiro poder, o poder imortal da ess\u00eancia. Poder este, genu\u00edno, e n\u00e3o fabricado e eg\u00f3latra. E sim, um poder divino, de alma, soberano, n\u00e3o ganancioso e separatista.<span class=\"m_-2401304019079445073Apple-converted-space\">\u00a0 Um poder altru\u00edsta que une, em vez de desunir.<\/span><\/span><\/p>\n<p class=\"m_-2401304019079445073p1\"><span class=\"m_-2401304019079445073s1\">O s\u00e1bio \u00e9 aquele que respeita tudo e\u00a0todos pois consegue ver o divino em tudo e em todos.\u00a0<\/span><\/p>\n<p>Anna Le\u00e3o ( favor mencionar autoria e fonte ao reproduzir este artigo)<\/p>\n<\/div>\n","protected":false},"excerpt":{"rendered":"<p>A falta de respeito a um povo \u00e9 a falta de respeito ao ser divino universal que permeia tudo e todos. Somos uma \u00fanica energia de cria\u00e7\u00e3o, feitas da mesma subst\u00e2ncia. N\u00e3o existe melhor nem pior. Existe \u00e9 a ilus\u00e3o de separa\u00e7\u00e3o, que cria desigualdades, inveja, crimes, torturas, soberba, arrog\u00e2ncia, preconceito, viol\u00eancia, discrimina\u00e7\u00e3o. Somos todos um! Isto pode parecer chav\u00e3o, &hellip; <\/p>\n","protected":false},"author":2,"featured_media":2334,"comment_status":"open","ping_status":"open","sticky":false,"template":"","format":"standard","meta":{"jetpack_post_was_ever_published":false,"_jetpack_newsletter_access":"","_jetpack_dont_email_post_to_subs":false,"_jetpack_newsletter_tier_id":0,"_jetpack_memberships_contains_paywalled_content":false,"_jetpack_memberships_contains_paid_content":false,"footnotes":"","jetpack_publicize_message":"","jetpack_publicize_feature_enabled":true,"jetpack_social_post_already_shared":true,"jetpack_social_options":{"image_generator_settings":{"template":"highway","enabled":false},"version":2}},"categories":[184,157],"tags":[1153,107,1155,1156,1154,1158,1157],"class_list":["post-2333","post","type-post","status-publish","format-standard","has-post-thumbnail","hentry","category-blog-metamorfose","category-desenvolvimento-pessoal","tag-ego","tag-essencia","tag-indios","tag-nativos","tag-povo-indigena","tag-sede-de-poder","tag-somos-todos-um"],"yoast_head":"<!-- This site is optimized with the Yoast SEO plugin v25.2 - https:\/\/yoast.com\/wordpress\/plugins\/seo\/ -->\n<title>A tirania do ego - ANNA DE LE\u00c3O<\/title>\n<meta name=\"description\" content=\"Nossa ess\u00eancia vive muito afastado de n\u00f3s, pois o ego, com medo, quer esmag\u00e1-la. E \u00e9 este ego medroso que separa, mutila e tem sede de poder.\" \/>\n<meta name=\"robots\" content=\"index, follow, max-snippet:-1, max-image-preview:large, max-video-preview:-1\" \/>\n<link rel=\"canonical\" href=\"https:\/\/annaleao.com.br\/site\/a-tirania-do-ego\/\" \/>\n<meta property=\"og:locale\" content=\"pt_BR\" \/>\n<meta property=\"og:type\" content=\"article\" \/>\n<meta property=\"og:title\" content=\"A tirania do ego - ANNA DE LE\u00c3O\" \/>\n<meta property=\"og:description\" content=\"Nossa ess\u00eancia vive muito afastado de n\u00f3s, pois o ego, com medo, quer esmag\u00e1-la. E \u00e9 este ego medroso que separa, mutila e tem sede de poder.\" \/>\n<meta property=\"og:url\" content=\"https:\/\/annaleao.com.br\/site\/a-tirania-do-ego\/\" \/>\n<meta property=\"og:site_name\" content=\"ANNA DE LE\u00c3O\" \/>\n<meta property=\"article:published_time\" content=\"2019-01-11T21:44:02+00:00\" \/>\n<meta property=\"article:modified_time\" content=\"2019-01-12T17:37:03+00:00\" \/>\n<meta property=\"og:image\" content=\"https:\/\/annaleao.com.br\/site\/wp-content\/uploads\/2019\/01\/rituais-indigenas.jpg\" \/>\n\t<meta property=\"og:image:width\" content=\"1768\" \/>\n\t<meta property=\"og:image:height\" content=\"1184\" \/>\n\t<meta property=\"og:image:type\" content=\"image\/jpeg\" \/>\n<meta name=\"author\" content=\"Anna de Le\u00e3o\" \/>\n<meta name=\"twitter:label1\" content=\"Escrito por\" \/>\n\t<meta name=\"twitter:data1\" content=\"Anna de Le\u00e3o\" \/>\n\t<meta name=\"twitter:label2\" content=\"Est. tempo de leitura\" \/>\n\t<meta name=\"twitter:data2\" content=\"2 minutos\" \/>\n<script type=\"application\/ld+json\" class=\"yoast-schema-graph\">{\"@context\":\"https:\/\/schema.org\",\"@graph\":[{\"@type\":\"WebPage\",\"@id\":\"https:\/\/annaleao.com.br\/site\/a-tirania-do-ego\/\",\"url\":\"https:\/\/annaleao.com.br\/site\/a-tirania-do-ego\/\",\"name\":\"A tirania do ego - ANNA DE LE\u00c3O\",\"isPartOf\":{\"@id\":\"https:\/\/annaleao.com.br\/site\/#website\"},\"primaryImageOfPage\":{\"@id\":\"https:\/\/annaleao.com.br\/site\/a-tirania-do-ego\/#primaryimage\"},\"image\":{\"@id\":\"https:\/\/annaleao.com.br\/site\/a-tirania-do-ego\/#primaryimage\"},\"thumbnailUrl\":\"https:\/\/annaleao.com.br\/site\/wp-content\/uploads\/2019\/01\/rituais-indigenas.jpg\",\"datePublished\":\"2019-01-11T21:44:02+00:00\",\"dateModified\":\"2019-01-12T17:37:03+00:00\",\"author\":{\"@id\":\"https:\/\/annaleao.com.br\/site\/#\/schema\/person\/c61c763755650f8b56acd76d44c7bc8c\"},\"description\":\"Nossa ess\u00eancia vive muito afastado de n\u00f3s, pois o ego, com medo, quer esmag\u00e1-la. E \u00e9 este ego medroso que separa, mutila e tem sede de poder.\",\"breadcrumb\":{\"@id\":\"https:\/\/annaleao.com.br\/site\/a-tirania-do-ego\/#breadcrumb\"},\"inLanguage\":\"pt-BR\",\"potentialAction\":[{\"@type\":\"ReadAction\",\"target\":[\"https:\/\/annaleao.com.br\/site\/a-tirania-do-ego\/\"]}]},{\"@type\":\"ImageObject\",\"inLanguage\":\"pt-BR\",\"@id\":\"https:\/\/annaleao.com.br\/site\/a-tirania-do-ego\/#primaryimage\",\"url\":\"https:\/\/annaleao.com.br\/site\/wp-content\/uploads\/2019\/01\/rituais-indigenas.jpg\",\"contentUrl\":\"https:\/\/annaleao.com.br\/site\/wp-content\/uploads\/2019\/01\/rituais-indigenas.jpg\",\"width\":1768,\"height\":1184},{\"@type\":\"BreadcrumbList\",\"@id\":\"https:\/\/annaleao.com.br\/site\/a-tirania-do-ego\/#breadcrumb\",\"itemListElement\":[{\"@type\":\"ListItem\",\"position\":1,\"name\":\"In\u00edcio\",\"item\":\"https:\/\/annaleao.com.br\/site\/\"},{\"@type\":\"ListItem\",\"position\":2,\"name\":\"A tirania do ego\"}]},{\"@type\":\"WebSite\",\"@id\":\"https:\/\/annaleao.com.br\/site\/#website\",\"url\":\"https:\/\/annaleao.com.br\/site\/\",\"name\":\"ANNA DE LE\u00c3O\",\"description\":\" Escritora e Terapeuta\",\"potentialAction\":[{\"@type\":\"SearchAction\",\"target\":{\"@type\":\"EntryPoint\",\"urlTemplate\":\"https:\/\/annaleao.com.br\/site\/?s={search_term_string}\"},\"query-input\":{\"@type\":\"PropertyValueSpecification\",\"valueRequired\":true,\"valueName\":\"search_term_string\"}}],\"inLanguage\":\"pt-BR\"},{\"@type\":\"Person\",\"@id\":\"https:\/\/annaleao.com.br\/site\/#\/schema\/person\/c61c763755650f8b56acd76d44c7bc8c\",\"name\":\"Anna de Le\u00e3o\",\"image\":{\"@type\":\"ImageObject\",\"inLanguage\":\"pt-BR\",\"@id\":\"https:\/\/annaleao.com.br\/site\/#\/schema\/person\/image\/\",\"url\":\"https:\/\/secure.gravatar.com\/avatar\/e29860c6ef57760b67570c34e3948ba9de10eb9b2e2f20081d0061a7233daf60?s=96&d=blank&r=g\",\"contentUrl\":\"https:\/\/secure.gravatar.com\/avatar\/e29860c6ef57760b67570c34e3948ba9de10eb9b2e2f20081d0061a7233daf60?s=96&d=blank&r=g\",\"caption\":\"Anna de Le\u00e3o\"},\"sameAs\":[\"http:\/\/www.annaleao.com.br\",\"https:\/\/x.com\/https:\/\/www.instagram.com\/annadeleao\"],\"url\":\"https:\/\/annaleao.com.br\/site\/author\/anna\/\"}]}<\/script>\n<!-- \/ Yoast SEO plugin. -->","yoast_head_json":{"title":"A tirania do ego - ANNA DE LE\u00c3O","description":"Nossa ess\u00eancia vive muito afastado de n\u00f3s, pois o ego, com medo, quer esmag\u00e1-la. E \u00e9 este ego medroso que separa, mutila e tem sede de poder.","robots":{"index":"index","follow":"follow","max-snippet":"max-snippet:-1","max-image-preview":"max-image-preview:large","max-video-preview":"max-video-preview:-1"},"canonical":"https:\/\/annaleao.com.br\/site\/a-tirania-do-ego\/","og_locale":"pt_BR","og_type":"article","og_title":"A tirania do ego - ANNA DE LE\u00c3O","og_description":"Nossa ess\u00eancia vive muito afastado de n\u00f3s, pois o ego, com medo, quer esmag\u00e1-la. E \u00e9 este ego medroso que separa, mutila e tem sede de poder.","og_url":"https:\/\/annaleao.com.br\/site\/a-tirania-do-ego\/","og_site_name":"ANNA DE LE\u00c3O","article_published_time":"2019-01-11T21:44:02+00:00","article_modified_time":"2019-01-12T17:37:03+00:00","og_image":[{"width":1768,"height":1184,"url":"https:\/\/annaleao.com.br\/site\/wp-content\/uploads\/2019\/01\/rituais-indigenas.jpg","type":"image\/jpeg"}],"author":"Anna de Le\u00e3o","twitter_misc":{"Escrito por":"Anna de Le\u00e3o","Est. tempo de leitura":"2 minutos"},"schema":{"@context":"https:\/\/schema.org","@graph":[{"@type":"WebPage","@id":"https:\/\/annaleao.com.br\/site\/a-tirania-do-ego\/","url":"https:\/\/annaleao.com.br\/site\/a-tirania-do-ego\/","name":"A tirania do ego - ANNA DE LE\u00c3O","isPartOf":{"@id":"https:\/\/annaleao.com.br\/site\/#website"},"primaryImageOfPage":{"@id":"https:\/\/annaleao.com.br\/site\/a-tirania-do-ego\/#primaryimage"},"image":{"@id":"https:\/\/annaleao.com.br\/site\/a-tirania-do-ego\/#primaryimage"},"thumbnailUrl":"https:\/\/annaleao.com.br\/site\/wp-content\/uploads\/2019\/01\/rituais-indigenas.jpg","datePublished":"2019-01-11T21:44:02+00:00","dateModified":"2019-01-12T17:37:03+00:00","author":{"@id":"https:\/\/annaleao.com.br\/site\/#\/schema\/person\/c61c763755650f8b56acd76d44c7bc8c"},"description":"Nossa ess\u00eancia vive muito afastado de n\u00f3s, pois o ego, com medo, quer esmag\u00e1-la. E \u00e9 este ego medroso que separa, mutila e tem sede de poder.","breadcrumb":{"@id":"https:\/\/annaleao.com.br\/site\/a-tirania-do-ego\/#breadcrumb"},"inLanguage":"pt-BR","potentialAction":[{"@type":"ReadAction","target":["https:\/\/annaleao.com.br\/site\/a-tirania-do-ego\/"]}]},{"@type":"ImageObject","inLanguage":"pt-BR","@id":"https:\/\/annaleao.com.br\/site\/a-tirania-do-ego\/#primaryimage","url":"https:\/\/annaleao.com.br\/site\/wp-content\/uploads\/2019\/01\/rituais-indigenas.jpg","contentUrl":"https:\/\/annaleao.com.br\/site\/wp-content\/uploads\/2019\/01\/rituais-indigenas.jpg","width":1768,"height":1184},{"@type":"BreadcrumbList","@id":"https:\/\/annaleao.com.br\/site\/a-tirania-do-ego\/#breadcrumb","itemListElement":[{"@type":"ListItem","position":1,"name":"In\u00edcio","item":"https:\/\/annaleao.com.br\/site\/"},{"@type":"ListItem","position":2,"name":"A tirania do ego"}]},{"@type":"WebSite","@id":"https:\/\/annaleao.com.br\/site\/#website","url":"https:\/\/annaleao.com.br\/site\/","name":"ANNA DE LE\u00c3O","description":" Escritora e Terapeuta","potentialAction":[{"@type":"SearchAction","target":{"@type":"EntryPoint","urlTemplate":"https:\/\/annaleao.com.br\/site\/?s={search_term_string}"},"query-input":{"@type":"PropertyValueSpecification","valueRequired":true,"valueName":"search_term_string"}}],"inLanguage":"pt-BR"},{"@type":"Person","@id":"https:\/\/annaleao.com.br\/site\/#\/schema\/person\/c61c763755650f8b56acd76d44c7bc8c","name":"Anna de Le\u00e3o","image":{"@type":"ImageObject","inLanguage":"pt-BR","@id":"https:\/\/annaleao.com.br\/site\/#\/schema\/person\/image\/","url":"https:\/\/secure.gravatar.com\/avatar\/e29860c6ef57760b67570c34e3948ba9de10eb9b2e2f20081d0061a7233daf60?s=96&d=blank&r=g","contentUrl":"https:\/\/secure.gravatar.com\/avatar\/e29860c6ef57760b67570c34e3948ba9de10eb9b2e2f20081d0061a7233daf60?s=96&d=blank&r=g","caption":"Anna de Le\u00e3o"},"sameAs":["http:\/\/www.annaleao.com.br","https:\/\/x.com\/https:\/\/www.instagram.com\/annadeleao"],"url":"https:\/\/annaleao.com.br\/site\/author\/anna\/"}]}},"jetpack_publicize_connections":[],"jetpack_featured_media_url":"https:\/\/annaleao.com.br\/site\/wp-content\/uploads\/2019\/01\/rituais-indigenas.jpg","jetpack_sharing_enabled":true,"jetpack_shortlink":"https:\/\/wp.me\/p8nt2H-BD","jetpack-related-posts":[],"_links":{"self":[{"href":"https:\/\/annaleao.com.br\/site\/wp-json\/wp\/v2\/posts\/2333","targetHints":{"allow":["GET"]}}],"collection":[{"href":"https:\/\/annaleao.com.br\/site\/wp-json\/wp\/v2\/posts"}],"about":[{"href":"https:\/\/annaleao.com.br\/site\/wp-json\/wp\/v2\/types\/post"}],"author":[{"embeddable":true,"href":"https:\/\/annaleao.com.br\/site\/wp-json\/wp\/v2\/users\/2"}],"replies":[{"embeddable":true,"href":"https:\/\/annaleao.com.br\/site\/wp-json\/wp\/v2\/comments?post=2333"}],"version-history":[{"count":5,"href":"https:\/\/annaleao.com.br\/site\/wp-json\/wp\/v2\/posts\/2333\/revisions"}],"predecessor-version":[{"id":2339,"href":"https:\/\/annaleao.com.br\/site\/wp-json\/wp\/v2\/posts\/2333\/revisions\/2339"}],"wp:featuredmedia":[{"embeddable":true,"href":"https:\/\/annaleao.com.br\/site\/wp-json\/wp\/v2\/media\/2334"}],"wp:attachment":[{"href":"https:\/\/annaleao.com.br\/site\/wp-json\/wp\/v2\/media?parent=2333"}],"wp:term":[{"taxonomy":"category","embeddable":true,"href":"https:\/\/annaleao.com.br\/site\/wp-json\/wp\/v2\/categories?post=2333"},{"taxonomy":"post_tag","embeddable":true,"href":"https:\/\/annaleao.com.br\/site\/wp-json\/wp\/v2\/tags?post=2333"}],"curies":[{"name":"wp","href":"https:\/\/api.w.org\/{rel}","templated":true}]}}