{"id":313,"date":"2017-03-26T21:07:38","date_gmt":"2017-03-26T21:07:38","guid":{"rendered":"http:\/\/www.annaleao.com.br\/anna\/?p=313"},"modified":"2019-02-08T14:55:03","modified_gmt":"2019-02-08T14:55:03","slug":"fechando-ciclos","status":"publish","type":"post","link":"https:\/\/annaleao.com.br\/site\/fechando-ciclos\/","title":{"rendered":"Fechando ciclos&#8230;"},"content":{"rendered":"<div class=\"m7574097955723524994p1\" data-blogger-escaped-style=\"background-attachment: initial; background-clip: initial; background-image: initial; background-origin: initial; background-position: initial; background-repeat: initial; background-size: initial; text-align: justify;\">\n<div class=\"m7574097955723524994p1\" data-blogger-escaped-style=\"background-attachment: initial; background-clip: initial; background-image: initial; background-origin: initial; background-position: initial; background-repeat: initial; background-size: initial; text-align: justify;\"><\/div>\n<div class=\"m7574097955723524994p1\" data-blogger-escaped-style=\"background-attachment: initial; background-clip: initial; background-image: initial; background-origin: initial; background-position: initial; background-repeat: initial; background-size: initial; text-align: justify;\"><\/div>\n<p>O que seriam dos come\u00e7os se n\u00e3o fossem os finais? Quase sempre, para come\u00e7armos algo novo, precisamos promover um t\u00e9rmino, fechar ciclos. Precisamos largar, deixar ir, para podermos receber o novo. Para abrirmos um novo cap\u00edtulo em nossas vidas, muitas vezes, \u00e9 necess\u00e1rio deixar morrer.<\/p>\n<p>Geralmente s\u00e3o cora\u00e7\u00f5es que se partem, l\u00e1grimas derramadas e um sentimento de fracasso. Isto normalmente acontece nos finais de <a href=\"https:\/\/annaleao.com.br\/site\/relacionamentos-amorosos\/\">relacionamentos amorosos<\/a>. Namoros, casamentos, casos, enfim, n\u00e3o importa; o importante, por mais que seja sofrido o t\u00e9rmino, \u00e9 olhar com outros olhos para ele. N\u00e3o com um sentimento de fracasso, mas de gratid\u00e3o. N\u00e3o houve fracasso e, sim, aprendizado. Houve maus e bons momentos, como em tudo na vida. Deu certo enquanto durou e \u00e9 isto que importa.<\/p>\n<p>Nada dura para sempre e, muitas vezes, quando dura \u00e9 por comodismo, por medo, enfim, por motivos que n\u00e3o ajudam o crescimento, a expans\u00e3o ou a fidelidade a nossa pr\u00f3pria natureza. Diga-me: o que adianta ser fiel aos outros, se n\u00e3o formos fi\u00e9is a n\u00f3s mesmos?<\/p>\n<h4>Para sermos, realmente, fi\u00e9is a algu\u00e9m, precisamos ser fi\u00e9is a nossa pr\u00f3pria natureza. Pois se estamos mentindo para n\u00f3s, estamos mentindo tamb\u00e9m para os outros.<\/h4>\n<p>Por isto o autoconhecimento ser t\u00e3o importante. Precisamos nos conhecer profundamente para sabermos, de fato, quem somos, o que queremos e quais os nossos valores reais. Assim n\u00e3o fingiremos ser o que n\u00e3o somos, n\u00e3o prometeremos o que n\u00e3o podemos cumprir e, seremos aut\u00eanticos e transparentes.<\/p>\n<p>Temos a vis\u00e3o rom\u00e2ntica do que at\u00e9 a morte nos separe, refor\u00e7ada por uma sociedade que quer nos formatar a todo custo. Por isso uma fam\u00edlia quando se desfaz \u00e9 motivo de como\u00e7\u00e3o. Mas existem muitas formas de ter uma fam\u00edlia, de fazer parte de uma. Assim como existem muitas pessoas que n\u00e3o s\u00e3o talhadas para formar uma fam\u00edlia, pelo menos de forma convencional. E como essas pessoas sofrem! Como vivem em conflito tentando se encaixar em um papel que n\u00e3o combina com elas.<\/p>\n<p>Mas este texto sobre finais n\u00e3o est\u00e1 restrito s\u00f3 ao t\u00e9rmino de relacionamentos amorosos. Delonguei-me um pouco nele porque para a maioria das pessoas isto machuca muito. Mas h\u00e1 v\u00e1rias formas \u00a0de finais de ciclos, tanto internos quanto externos. Se pararmos para pensar bem, veremos que em todas as mudan\u00e7as significativas de nossas vidas h\u00e1 uma morte para haver um nascimento, ou mesmo, um renascimento.<\/p>\n<p>Quantas vezes precisamos largar uma profiss\u00e3o para podermos come\u00e7ar outra? Quando mudamos de cidade ou pa\u00eds, houve toda uma morte do estilo de vida que lev\u00e1vamos naquele lugar; uma morte de relacionamentos, contatos pessoais&#8230; E o novo se descortina em outro lugar, com nova energia, novas pessoas, novo modo de viver. <a href=\"https:\/\/annaleao.com.br\/site\/um-novo-comeco\/\">Um novo come\u00e7o<\/a> se faz presente.<\/p>\n<h4>Para expandir \u00e9 preciso deixar algo para tr\u00e1s, \u00e9 preciso deixar morrer\u2026 Sejamos gratos por tudo que passamos, que aprendemos, que recebemos e tivemos a oportunidade de dar. Encaremos isso com um sorriso no rosto, uma leveza no cora\u00e7\u00e3o e uma certeza de que um belo novo ciclo est\u00e1 por come\u00e7ar.<\/h4>\n<p>Por Anna de Le\u00e3o (Favor mencionar autoria e fonte ao reproduzir este artigo).<\/p>\n<\/div>\n","protected":false},"excerpt":{"rendered":"<p>O que seriam dos come\u00e7os se n\u00e3o fossem os finais? Quase sempre, para come\u00e7armos algo novo, precisamos promover um t\u00e9rmino, fechar ciclos. Precisamos largar, deixar ir, para podermos receber o novo. Para abrirmos um novo cap\u00edtulo em nossas vidas, muitas vezes, \u00e9 necess\u00e1rio deixar morrer. Geralmente s\u00e3o cora\u00e7\u00f5es que se partem, l\u00e1grimas derramadas e um sentimento de fracasso. Isto normalmente &hellip; <\/p>\n","protected":false},"author":2,"featured_media":314,"comment_status":"open","ping_status":"open","sticky":false,"template":"","format":"standard","meta":{"jetpack_post_was_ever_published":false,"_jetpack_newsletter_access":"","_jetpack_dont_email_post_to_subs":true,"_jetpack_newsletter_tier_id":0,"_jetpack_memberships_contains_paywalled_content":false,"_jetpack_memberships_contains_paid_content":false,"footnotes":"","jetpack_publicize_message":"","jetpack_publicize_feature_enabled":true,"jetpack_social_post_already_shared":true,"jetpack_social_options":{"image_generator_settings":{"template":"highway","enabled":false},"version":2}},"categories":[184,157],"tags":[55,41,10,47,53,38,54,48,56,50,52,49,51],"class_list":["post-313","post","type-post","status-publish","format-standard","has-post-thumbnail","hentry","category-blog-metamorfose","category-desenvolvimento-pessoal","tag-autenticidade","tag-ciclos","tag-comportamento","tag-desapego","tag-despedida","tag-expansao","tag-familia","tag-finais","tag-liberdade","tag-morte","tag-renascimento","tag-terminos","tag-vida-nova"],"yoast_head":"<!-- This site is optimized with the Yoast SEO plugin v25.2 - https:\/\/yoast.com\/wordpress\/plugins\/seo\/ -->\n<title>Fechando ciclos... - ANNA DE LE\u00c3O<\/title>\n<meta name=\"description\" content=\"O que seriam dos come\u00e7os se n\u00e3o fossem os finais? Quase sempre, para come\u00e7armos algo novo, precisamos promover um t\u00e9rmino, fechar ciclos.\" \/>\n<meta name=\"robots\" content=\"index, follow, max-snippet:-1, max-image-preview:large, max-video-preview:-1\" \/>\n<link rel=\"canonical\" href=\"https:\/\/annaleao.com.br\/site\/fechando-ciclos\/\" \/>\n<meta property=\"og:locale\" content=\"pt_BR\" \/>\n<meta property=\"og:type\" content=\"article\" \/>\n<meta property=\"og:title\" content=\"Fechando ciclos... - ANNA DE LE\u00c3O\" \/>\n<meta property=\"og:description\" content=\"O que seriam dos come\u00e7os se n\u00e3o fossem os finais? Quase sempre, para come\u00e7armos algo novo, precisamos promover um t\u00e9rmino, fechar ciclos.\" \/>\n<meta property=\"og:url\" content=\"https:\/\/annaleao.com.br\/site\/fechando-ciclos\/\" \/>\n<meta property=\"og:site_name\" content=\"ANNA DE LE\u00c3O\" \/>\n<meta property=\"article:published_time\" content=\"2017-03-26T21:07:38+00:00\" \/>\n<meta property=\"article:modified_time\" content=\"2019-02-08T14:55:03+00:00\" \/>\n<meta property=\"og:image\" content=\"https:\/\/annaleao.com.br\/site\/wp-content\/uploads\/2017\/03\/32221471-Ritratto-di-un-ragazzino-con-s-valigia-e-un-cane-di-peluche-in-attesa-di-una-stazione-ferroviaria-Archivio-Fotografico.jpg\" \/>\n\t<meta property=\"og:image:width\" content=\"1300\" \/>\n\t<meta property=\"og:image:height\" content=\"866\" \/>\n\t<meta property=\"og:image:type\" content=\"image\/jpeg\" \/>\n<meta name=\"author\" content=\"Anna de Le\u00e3o\" \/>\n<meta name=\"twitter:label1\" content=\"Escrito por\" \/>\n\t<meta name=\"twitter:data1\" content=\"Anna de Le\u00e3o\" \/>\n\t<meta name=\"twitter:label2\" content=\"Est. tempo de leitura\" \/>\n\t<meta name=\"twitter:data2\" content=\"3 minutos\" \/>\n<script type=\"application\/ld+json\" class=\"yoast-schema-graph\">{\"@context\":\"https:\/\/schema.org\",\"@graph\":[{\"@type\":\"WebPage\",\"@id\":\"https:\/\/annaleao.com.br\/site\/fechando-ciclos\/\",\"url\":\"https:\/\/annaleao.com.br\/site\/fechando-ciclos\/\",\"name\":\"Fechando ciclos... - ANNA DE LE\u00c3O\",\"isPartOf\":{\"@id\":\"https:\/\/annaleao.com.br\/site\/#website\"},\"primaryImageOfPage\":{\"@id\":\"https:\/\/annaleao.com.br\/site\/fechando-ciclos\/#primaryimage\"},\"image\":{\"@id\":\"https:\/\/annaleao.com.br\/site\/fechando-ciclos\/#primaryimage\"},\"thumbnailUrl\":\"https:\/\/annaleao.com.br\/site\/wp-content\/uploads\/2017\/03\/32221471-Ritratto-di-un-ragazzino-con-s-valigia-e-un-cane-di-peluche-in-attesa-di-una-stazione-ferroviaria-Archivio-Fotografico.jpg\",\"datePublished\":\"2017-03-26T21:07:38+00:00\",\"dateModified\":\"2019-02-08T14:55:03+00:00\",\"author\":{\"@id\":\"https:\/\/annaleao.com.br\/site\/#\/schema\/person\/c61c763755650f8b56acd76d44c7bc8c\"},\"description\":\"O que seriam dos come\u00e7os se n\u00e3o fossem os finais? Quase sempre, para come\u00e7armos algo novo, precisamos promover um t\u00e9rmino, fechar ciclos.\",\"breadcrumb\":{\"@id\":\"https:\/\/annaleao.com.br\/site\/fechando-ciclos\/#breadcrumb\"},\"inLanguage\":\"pt-BR\",\"potentialAction\":[{\"@type\":\"ReadAction\",\"target\":[\"https:\/\/annaleao.com.br\/site\/fechando-ciclos\/\"]}]},{\"@type\":\"ImageObject\",\"inLanguage\":\"pt-BR\",\"@id\":\"https:\/\/annaleao.com.br\/site\/fechando-ciclos\/#primaryimage\",\"url\":\"https:\/\/annaleao.com.br\/site\/wp-content\/uploads\/2017\/03\/32221471-Ritratto-di-un-ragazzino-con-s-valigia-e-un-cane-di-peluche-in-attesa-di-una-stazione-ferroviaria-Archivio-Fotografico.jpg\",\"contentUrl\":\"https:\/\/annaleao.com.br\/site\/wp-content\/uploads\/2017\/03\/32221471-Ritratto-di-un-ragazzino-con-s-valigia-e-un-cane-di-peluche-in-attesa-di-una-stazione-ferroviaria-Archivio-Fotografico.jpg\",\"width\":1300,\"height\":866},{\"@type\":\"BreadcrumbList\",\"@id\":\"https:\/\/annaleao.com.br\/site\/fechando-ciclos\/#breadcrumb\",\"itemListElement\":[{\"@type\":\"ListItem\",\"position\":1,\"name\":\"In\u00edcio\",\"item\":\"https:\/\/annaleao.com.br\/site\/\"},{\"@type\":\"ListItem\",\"position\":2,\"name\":\"Fechando ciclos&#8230;\"}]},{\"@type\":\"WebSite\",\"@id\":\"https:\/\/annaleao.com.br\/site\/#website\",\"url\":\"https:\/\/annaleao.com.br\/site\/\",\"name\":\"ANNA DE LE\u00c3O\",\"description\":\" Escritora e Terapeuta\",\"potentialAction\":[{\"@type\":\"SearchAction\",\"target\":{\"@type\":\"EntryPoint\",\"urlTemplate\":\"https:\/\/annaleao.com.br\/site\/?s={search_term_string}\"},\"query-input\":{\"@type\":\"PropertyValueSpecification\",\"valueRequired\":true,\"valueName\":\"search_term_string\"}}],\"inLanguage\":\"pt-BR\"},{\"@type\":\"Person\",\"@id\":\"https:\/\/annaleao.com.br\/site\/#\/schema\/person\/c61c763755650f8b56acd76d44c7bc8c\",\"name\":\"Anna de Le\u00e3o\",\"image\":{\"@type\":\"ImageObject\",\"inLanguage\":\"pt-BR\",\"@id\":\"https:\/\/annaleao.com.br\/site\/#\/schema\/person\/image\/\",\"url\":\"https:\/\/secure.gravatar.com\/avatar\/e29860c6ef57760b67570c34e3948ba9de10eb9b2e2f20081d0061a7233daf60?s=96&d=blank&r=g\",\"contentUrl\":\"https:\/\/secure.gravatar.com\/avatar\/e29860c6ef57760b67570c34e3948ba9de10eb9b2e2f20081d0061a7233daf60?s=96&d=blank&r=g\",\"caption\":\"Anna de Le\u00e3o\"},\"sameAs\":[\"http:\/\/www.annaleao.com.br\",\"https:\/\/x.com\/https:\/\/www.instagram.com\/annadeleao\"],\"url\":\"https:\/\/annaleao.com.br\/site\/author\/anna\/\"}]}<\/script>\n<!-- \/ Yoast SEO plugin. -->","yoast_head_json":{"title":"Fechando ciclos... - ANNA DE LE\u00c3O","description":"O que seriam dos come\u00e7os se n\u00e3o fossem os finais? Quase sempre, para come\u00e7armos algo novo, precisamos promover um t\u00e9rmino, fechar ciclos.","robots":{"index":"index","follow":"follow","max-snippet":"max-snippet:-1","max-image-preview":"max-image-preview:large","max-video-preview":"max-video-preview:-1"},"canonical":"https:\/\/annaleao.com.br\/site\/fechando-ciclos\/","og_locale":"pt_BR","og_type":"article","og_title":"Fechando ciclos... - ANNA DE LE\u00c3O","og_description":"O que seriam dos come\u00e7os se n\u00e3o fossem os finais? Quase sempre, para come\u00e7armos algo novo, precisamos promover um t\u00e9rmino, fechar ciclos.","og_url":"https:\/\/annaleao.com.br\/site\/fechando-ciclos\/","og_site_name":"ANNA DE LE\u00c3O","article_published_time":"2017-03-26T21:07:38+00:00","article_modified_time":"2019-02-08T14:55:03+00:00","og_image":[{"width":1300,"height":866,"url":"https:\/\/annaleao.com.br\/site\/wp-content\/uploads\/2017\/03\/32221471-Ritratto-di-un-ragazzino-con-s-valigia-e-un-cane-di-peluche-in-attesa-di-una-stazione-ferroviaria-Archivio-Fotografico.jpg","type":"image\/jpeg"}],"author":"Anna de Le\u00e3o","twitter_misc":{"Escrito por":"Anna de Le\u00e3o","Est. tempo de leitura":"3 minutos"},"schema":{"@context":"https:\/\/schema.org","@graph":[{"@type":"WebPage","@id":"https:\/\/annaleao.com.br\/site\/fechando-ciclos\/","url":"https:\/\/annaleao.com.br\/site\/fechando-ciclos\/","name":"Fechando ciclos... - ANNA DE LE\u00c3O","isPartOf":{"@id":"https:\/\/annaleao.com.br\/site\/#website"},"primaryImageOfPage":{"@id":"https:\/\/annaleao.com.br\/site\/fechando-ciclos\/#primaryimage"},"image":{"@id":"https:\/\/annaleao.com.br\/site\/fechando-ciclos\/#primaryimage"},"thumbnailUrl":"https:\/\/annaleao.com.br\/site\/wp-content\/uploads\/2017\/03\/32221471-Ritratto-di-un-ragazzino-con-s-valigia-e-un-cane-di-peluche-in-attesa-di-una-stazione-ferroviaria-Archivio-Fotografico.jpg","datePublished":"2017-03-26T21:07:38+00:00","dateModified":"2019-02-08T14:55:03+00:00","author":{"@id":"https:\/\/annaleao.com.br\/site\/#\/schema\/person\/c61c763755650f8b56acd76d44c7bc8c"},"description":"O que seriam dos come\u00e7os se n\u00e3o fossem os finais? Quase sempre, para come\u00e7armos algo novo, precisamos promover um t\u00e9rmino, fechar ciclos.","breadcrumb":{"@id":"https:\/\/annaleao.com.br\/site\/fechando-ciclos\/#breadcrumb"},"inLanguage":"pt-BR","potentialAction":[{"@type":"ReadAction","target":["https:\/\/annaleao.com.br\/site\/fechando-ciclos\/"]}]},{"@type":"ImageObject","inLanguage":"pt-BR","@id":"https:\/\/annaleao.com.br\/site\/fechando-ciclos\/#primaryimage","url":"https:\/\/annaleao.com.br\/site\/wp-content\/uploads\/2017\/03\/32221471-Ritratto-di-un-ragazzino-con-s-valigia-e-un-cane-di-peluche-in-attesa-di-una-stazione-ferroviaria-Archivio-Fotografico.jpg","contentUrl":"https:\/\/annaleao.com.br\/site\/wp-content\/uploads\/2017\/03\/32221471-Ritratto-di-un-ragazzino-con-s-valigia-e-un-cane-di-peluche-in-attesa-di-una-stazione-ferroviaria-Archivio-Fotografico.jpg","width":1300,"height":866},{"@type":"BreadcrumbList","@id":"https:\/\/annaleao.com.br\/site\/fechando-ciclos\/#breadcrumb","itemListElement":[{"@type":"ListItem","position":1,"name":"In\u00edcio","item":"https:\/\/annaleao.com.br\/site\/"},{"@type":"ListItem","position":2,"name":"Fechando ciclos&#8230;"}]},{"@type":"WebSite","@id":"https:\/\/annaleao.com.br\/site\/#website","url":"https:\/\/annaleao.com.br\/site\/","name":"ANNA DE LE\u00c3O","description":" Escritora e Terapeuta","potentialAction":[{"@type":"SearchAction","target":{"@type":"EntryPoint","urlTemplate":"https:\/\/annaleao.com.br\/site\/?s={search_term_string}"},"query-input":{"@type":"PropertyValueSpecification","valueRequired":true,"valueName":"search_term_string"}}],"inLanguage":"pt-BR"},{"@type":"Person","@id":"https:\/\/annaleao.com.br\/site\/#\/schema\/person\/c61c763755650f8b56acd76d44c7bc8c","name":"Anna de Le\u00e3o","image":{"@type":"ImageObject","inLanguage":"pt-BR","@id":"https:\/\/annaleao.com.br\/site\/#\/schema\/person\/image\/","url":"https:\/\/secure.gravatar.com\/avatar\/e29860c6ef57760b67570c34e3948ba9de10eb9b2e2f20081d0061a7233daf60?s=96&d=blank&r=g","contentUrl":"https:\/\/secure.gravatar.com\/avatar\/e29860c6ef57760b67570c34e3948ba9de10eb9b2e2f20081d0061a7233daf60?s=96&d=blank&r=g","caption":"Anna de Le\u00e3o"},"sameAs":["http:\/\/www.annaleao.com.br","https:\/\/x.com\/https:\/\/www.instagram.com\/annadeleao"],"url":"https:\/\/annaleao.com.br\/site\/author\/anna\/"}]}},"jetpack_publicize_connections":[],"jetpack_featured_media_url":"https:\/\/annaleao.com.br\/site\/wp-content\/uploads\/2017\/03\/32221471-Ritratto-di-un-ragazzino-con-s-valigia-e-un-cane-di-peluche-in-attesa-di-una-stazione-ferroviaria-Archivio-Fotografico.jpg","jetpack_sharing_enabled":true,"jetpack_shortlink":"https:\/\/wp.me\/p8nt2H-53","jetpack-related-posts":[],"_links":{"self":[{"href":"https:\/\/annaleao.com.br\/site\/wp-json\/wp\/v2\/posts\/313","targetHints":{"allow":["GET"]}}],"collection":[{"href":"https:\/\/annaleao.com.br\/site\/wp-json\/wp\/v2\/posts"}],"about":[{"href":"https:\/\/annaleao.com.br\/site\/wp-json\/wp\/v2\/types\/post"}],"author":[{"embeddable":true,"href":"https:\/\/annaleao.com.br\/site\/wp-json\/wp\/v2\/users\/2"}],"replies":[{"embeddable":true,"href":"https:\/\/annaleao.com.br\/site\/wp-json\/wp\/v2\/comments?post=313"}],"version-history":[{"count":16,"href":"https:\/\/annaleao.com.br\/site\/wp-json\/wp\/v2\/posts\/313\/revisions"}],"predecessor-version":[{"id":2440,"href":"https:\/\/annaleao.com.br\/site\/wp-json\/wp\/v2\/posts\/313\/revisions\/2440"}],"wp:featuredmedia":[{"embeddable":true,"href":"https:\/\/annaleao.com.br\/site\/wp-json\/wp\/v2\/media\/314"}],"wp:attachment":[{"href":"https:\/\/annaleao.com.br\/site\/wp-json\/wp\/v2\/media?parent=313"}],"wp:term":[{"taxonomy":"category","embeddable":true,"href":"https:\/\/annaleao.com.br\/site\/wp-json\/wp\/v2\/categories?post=313"},{"taxonomy":"post_tag","embeddable":true,"href":"https:\/\/annaleao.com.br\/site\/wp-json\/wp\/v2\/tags?post=313"}],"curies":[{"name":"wp","href":"https:\/\/api.w.org\/{rel}","templated":true}]}}