{"id":367,"date":"2017-04-28T20:04:28","date_gmt":"2017-04-28T20:04:28","guid":{"rendered":"http:\/\/www.annaleao.com.br\/anna\/?p=367"},"modified":"2019-01-02T19:20:30","modified_gmt":"2019-01-02T19:20:30","slug":"mulher-na-janela","status":"publish","type":"post","link":"https:\/\/annaleao.com.br\/site\/mulher-na-janela\/","title":{"rendered":"A mulher na janela&#8230; Contemplando a natureza"},"content":{"rendered":"<p>Voc\u00ea j\u00e1 olhou o c\u00e9u estrelado e lhe deu vontade de sair voando? Adoro chegar \u00e0 minha janela, \u00e0 noite, e olhar o c\u00e9u. \u00c0s vezes estrelado, \u00e0s vezes coberto de nuvens\u2026 E a lua? Linda e majestosa quando cheia. Lua dourada, refletindo o brilho do sol, pois s\u00f3 assim conseguimos v\u00ea-lo sem doer nossos olhos.<\/p>\n<p>Sinto vontade de al\u00e7ar voo, e como lamento n\u00e3o poder voar. Muitas vezes tenho esperan\u00e7a de que vou sair levitando e me imagino planando e subindo rumo \u00e0s estrelas. Imagino isto t\u00e3o bem, que sinto a sensa\u00e7\u00e3o no meu corpo, na minha alma.<\/p>\n<p>Tamb\u00e9m gosto de olhar o c\u00e9u t\u00e3o azul de dia, e hoje, de repente, deparei-me com ela. L\u00e1 estava minha amiga, minha irm\u00e3, minha m\u00e3e lua, em seu quarto crescente, confundindo-se com as nuvens t\u00e3o brancas. Estou vendo-a daqui, da minha janela, convidando-me a sorrir e a sonhar, nesta tarde t\u00e3o linda.<\/p>\n<p>Quer mais inspira\u00e7\u00e3o do que a natureza pode dar? Dif\u00edcil\u2026<\/p>\n<h4>N\u00e3o precisa de muito para se sentir em paz, serena, feliz. A natureza traz a <a href=\"https:\/\/annaleao.com.br\/site\/magia-se-az-necessaria\/\">magia da vida<\/a>, o descanso necess\u00e1rio. \u00c9 t\u00e3o bom contempl\u00e1-la\u2026<\/h4>\n<p>Se voc\u00ea est\u00e1 um pouco deprimido, contemple uma montanha \u2013 que eu vejo daqui da minha outra janela \u2013 e se sentir\u00e1 mais centrada, mais firme e mais forte.<\/p>\n<p>Est\u00e1 muito ansioso, agitado? Contemple o mar que ele lhe acalmar\u00e1. Ou mesmo um rio, um lago ou uma lagoa, se voc\u00ea morar perto.<\/p>\n<p>Quer relaxar, viajar? Monte na sua vassoura e vamos voar juntos perto do c\u00e9u, das nuvens, da lua e das estrelas.<\/p>\n<p>Ah! E aqueles lindos raios e seus clar\u00f5es no c\u00e9u, em dia de tempestade? Eu adoro! Aproveite-os para colocar um pouco de emo\u00e7\u00e3o e intensidade na sua vida, quando estiver precisando de um est\u00edmulo maior.<\/p>\n<p>Quanto prazer com a natureza\u2026 Quanta satisfa\u00e7\u00e3o ela pode me dar! Com certeza \u00e9 melhor do que um shopping center.<\/p>\n<p>Quer recarregar-se, quer descarregar? A m\u00e3e natureza oferece todas as op\u00e7\u00f5es. N\u00e3o se esque\u00e7a, ela \u00e9 m\u00e3e! Ela \u00e9 a terra, ela \u00e9 o cosmos! Ela \u00e9 todo o universo!<\/p>\n<p>Oh! Acabo de receber a visita de um beija-flor. Neste instante\u2026 Falo s\u00e9rio! Desta vez ele n\u00e3o entrou, mas, \u00e0s vezes, eles entram no meu quarto. Onde moro? Aqui mesmo em Botafogo, na cidade maravilhosa, no Rio de Janeiro.<\/p>\n<h4>Mas consigo apreciar a <a href=\"https:\/\/annaleao.com.br\/site\/natureza-a-terceira-grande-virtude\/\">natureza<\/a> ao meu redor. Ela est\u00e1 em toda parte, ao nosso dispor, s\u00f3 precisamos olhar para ela.<\/h4>\n<p>Eu sou a mulher na janela&#8230; E voc\u00ea, j\u00e1 visitou a sua janela hoje?<\/p>\n<p>Anna Le\u00e3o (favor mencionar autoria e fonte ao reproduzir este artigo)<\/p>\n","protected":false},"excerpt":{"rendered":"<p>Voc\u00ea j\u00e1 olhou o c\u00e9u estrelado e lhe deu vontade de sair voando? Adoro chegar \u00e0 minha janela, \u00e0 noite, e olhar o c\u00e9u. \u00c0s vezes estrelado, \u00e0s vezes coberto de nuvens\u2026 E a lua? Linda e majestosa quando cheia. Lua dourada, refletindo o brilho do sol, pois s\u00f3 assim conseguimos v\u00ea-lo sem doer nossos olhos. Sinto vontade de al\u00e7ar &hellip; <\/p>\n","protected":false},"author":2,"featured_media":1726,"comment_status":"open","ping_status":"open","sticky":false,"template":"","format":"standard","meta":{"jetpack_post_was_ever_published":false,"_jetpack_newsletter_access":"","_jetpack_dont_email_post_to_subs":true,"_jetpack_newsletter_tier_id":0,"_jetpack_memberships_contains_paywalled_content":false,"_jetpack_memberships_contains_paid_content":false,"footnotes":"","jetpack_publicize_message":"","jetpack_publicize_feature_enabled":true,"jetpack_social_post_already_shared":true,"jetpack_social_options":{"image_generator_settings":{"template":"highway","enabled":false},"version":2}},"categories":[184,157],"tags":[67,59,65,68,66],"class_list":["post-367","post","type-post","status-publish","format-standard","has-post-thumbnail","hentry","category-blog-metamorfose","category-desenvolvimento-pessoal","tag-contemplacao","tag-meditacao","tag-meditation","tag-nature","tag-natureza"],"yoast_head":"<!-- This site is optimized with the Yoast SEO plugin v25.2 - https:\/\/yoast.com\/wordpress\/plugins\/seo\/ -->\n<title>A mulher na janela... Contemplando a natureza - ANNA DE LE\u00c3O<\/title>\n<meta name=\"description\" content=\"N\u00e3o precisa de muito para se sentir em paz, serena, feliz. A natureza traz a magia da vida, o descanso necess\u00e1rio. \u00c9 t\u00e3o bom contempl\u00e1-la\u2026\" \/>\n<meta name=\"robots\" content=\"index, follow, max-snippet:-1, max-image-preview:large, max-video-preview:-1\" \/>\n<link rel=\"canonical\" href=\"https:\/\/annaleao.com.br\/site\/mulher-na-janela\/\" \/>\n<meta property=\"og:locale\" content=\"pt_BR\" \/>\n<meta property=\"og:type\" content=\"article\" \/>\n<meta property=\"og:title\" content=\"A mulher na janela... Contemplando a natureza - ANNA DE LE\u00c3O\" \/>\n<meta property=\"og:description\" content=\"N\u00e3o precisa de muito para se sentir em paz, serena, feliz. A natureza traz a magia da vida, o descanso necess\u00e1rio. \u00c9 t\u00e3o bom contempl\u00e1-la\u2026\" \/>\n<meta property=\"og:url\" content=\"https:\/\/annaleao.com.br\/site\/mulher-na-janela\/\" \/>\n<meta property=\"og:site_name\" content=\"ANNA DE LE\u00c3O\" \/>\n<meta property=\"article:published_time\" content=\"2017-04-28T20:04:28+00:00\" \/>\n<meta property=\"article:modified_time\" content=\"2019-01-02T19:20:30+00:00\" \/>\n<meta property=\"og:image\" content=\"https:\/\/annaleao.com.br\/site\/wp-content\/uploads\/2008\/09\/img4c1a62f3a5fae.jpg\" \/>\n\t<meta property=\"og:image:width\" content=\"400\" \/>\n\t<meta property=\"og:image:height\" content=\"300\" \/>\n\t<meta property=\"og:image:type\" content=\"image\/jpeg\" \/>\n<meta name=\"author\" content=\"Anna de Le\u00e3o\" \/>\n<meta name=\"twitter:label1\" content=\"Escrito por\" \/>\n\t<meta name=\"twitter:data1\" content=\"Anna de Le\u00e3o\" \/>\n\t<meta name=\"twitter:label2\" content=\"Est. tempo de leitura\" \/>\n\t<meta name=\"twitter:data2\" content=\"2 minutos\" \/>\n<script type=\"application\/ld+json\" class=\"yoast-schema-graph\">{\"@context\":\"https:\/\/schema.org\",\"@graph\":[{\"@type\":\"WebPage\",\"@id\":\"https:\/\/annaleao.com.br\/site\/mulher-na-janela\/\",\"url\":\"https:\/\/annaleao.com.br\/site\/mulher-na-janela\/\",\"name\":\"A mulher na janela... Contemplando a natureza - ANNA DE LE\u00c3O\",\"isPartOf\":{\"@id\":\"https:\/\/annaleao.com.br\/site\/#website\"},\"primaryImageOfPage\":{\"@id\":\"https:\/\/annaleao.com.br\/site\/mulher-na-janela\/#primaryimage\"},\"image\":{\"@id\":\"https:\/\/annaleao.com.br\/site\/mulher-na-janela\/#primaryimage\"},\"thumbnailUrl\":\"https:\/\/annaleao.com.br\/site\/wp-content\/uploads\/2008\/09\/img4c1a62f3a5fae.jpg\",\"datePublished\":\"2017-04-28T20:04:28+00:00\",\"dateModified\":\"2019-01-02T19:20:30+00:00\",\"author\":{\"@id\":\"https:\/\/annaleao.com.br\/site\/#\/schema\/person\/c61c763755650f8b56acd76d44c7bc8c\"},\"description\":\"N\u00e3o precisa de muito para se sentir em paz, serena, feliz. A natureza traz a magia da vida, o descanso necess\u00e1rio. \u00c9 t\u00e3o bom contempl\u00e1-la\u2026\",\"breadcrumb\":{\"@id\":\"https:\/\/annaleao.com.br\/site\/mulher-na-janela\/#breadcrumb\"},\"inLanguage\":\"pt-BR\",\"potentialAction\":[{\"@type\":\"ReadAction\",\"target\":[\"https:\/\/annaleao.com.br\/site\/mulher-na-janela\/\"]}]},{\"@type\":\"ImageObject\",\"inLanguage\":\"pt-BR\",\"@id\":\"https:\/\/annaleao.com.br\/site\/mulher-na-janela\/#primaryimage\",\"url\":\"https:\/\/annaleao.com.br\/site\/wp-content\/uploads\/2008\/09\/img4c1a62f3a5fae.jpg\",\"contentUrl\":\"https:\/\/annaleao.com.br\/site\/wp-content\/uploads\/2008\/09\/img4c1a62f3a5fae.jpg\",\"width\":400,\"height\":300},{\"@type\":\"BreadcrumbList\",\"@id\":\"https:\/\/annaleao.com.br\/site\/mulher-na-janela\/#breadcrumb\",\"itemListElement\":[{\"@type\":\"ListItem\",\"position\":1,\"name\":\"In\u00edcio\",\"item\":\"https:\/\/annaleao.com.br\/site\/\"},{\"@type\":\"ListItem\",\"position\":2,\"name\":\"A mulher na janela&#8230; Contemplando a natureza\"}]},{\"@type\":\"WebSite\",\"@id\":\"https:\/\/annaleao.com.br\/site\/#website\",\"url\":\"https:\/\/annaleao.com.br\/site\/\",\"name\":\"ANNA DE LE\u00c3O\",\"description\":\" Escritora e Terapeuta\",\"potentialAction\":[{\"@type\":\"SearchAction\",\"target\":{\"@type\":\"EntryPoint\",\"urlTemplate\":\"https:\/\/annaleao.com.br\/site\/?s={search_term_string}\"},\"query-input\":{\"@type\":\"PropertyValueSpecification\",\"valueRequired\":true,\"valueName\":\"search_term_string\"}}],\"inLanguage\":\"pt-BR\"},{\"@type\":\"Person\",\"@id\":\"https:\/\/annaleao.com.br\/site\/#\/schema\/person\/c61c763755650f8b56acd76d44c7bc8c\",\"name\":\"Anna de Le\u00e3o\",\"image\":{\"@type\":\"ImageObject\",\"inLanguage\":\"pt-BR\",\"@id\":\"https:\/\/annaleao.com.br\/site\/#\/schema\/person\/image\/\",\"url\":\"https:\/\/secure.gravatar.com\/avatar\/e29860c6ef57760b67570c34e3948ba9de10eb9b2e2f20081d0061a7233daf60?s=96&d=blank&r=g\",\"contentUrl\":\"https:\/\/secure.gravatar.com\/avatar\/e29860c6ef57760b67570c34e3948ba9de10eb9b2e2f20081d0061a7233daf60?s=96&d=blank&r=g\",\"caption\":\"Anna de Le\u00e3o\"},\"sameAs\":[\"http:\/\/www.annaleao.com.br\",\"https:\/\/x.com\/https:\/\/www.instagram.com\/annadeleao\"],\"url\":\"https:\/\/annaleao.com.br\/site\/author\/anna\/\"}]}<\/script>\n<!-- \/ Yoast SEO plugin. -->","yoast_head_json":{"title":"A mulher na janela... Contemplando a natureza - ANNA DE LE\u00c3O","description":"N\u00e3o precisa de muito para se sentir em paz, serena, feliz. A natureza traz a magia da vida, o descanso necess\u00e1rio. \u00c9 t\u00e3o bom contempl\u00e1-la\u2026","robots":{"index":"index","follow":"follow","max-snippet":"max-snippet:-1","max-image-preview":"max-image-preview:large","max-video-preview":"max-video-preview:-1"},"canonical":"https:\/\/annaleao.com.br\/site\/mulher-na-janela\/","og_locale":"pt_BR","og_type":"article","og_title":"A mulher na janela... Contemplando a natureza - ANNA DE LE\u00c3O","og_description":"N\u00e3o precisa de muito para se sentir em paz, serena, feliz. A natureza traz a magia da vida, o descanso necess\u00e1rio. \u00c9 t\u00e3o bom contempl\u00e1-la\u2026","og_url":"https:\/\/annaleao.com.br\/site\/mulher-na-janela\/","og_site_name":"ANNA DE LE\u00c3O","article_published_time":"2017-04-28T20:04:28+00:00","article_modified_time":"2019-01-02T19:20:30+00:00","og_image":[{"width":400,"height":300,"url":"https:\/\/annaleao.com.br\/site\/wp-content\/uploads\/2008\/09\/img4c1a62f3a5fae.jpg","type":"image\/jpeg"}],"author":"Anna de Le\u00e3o","twitter_misc":{"Escrito por":"Anna de Le\u00e3o","Est. tempo de leitura":"2 minutos"},"schema":{"@context":"https:\/\/schema.org","@graph":[{"@type":"WebPage","@id":"https:\/\/annaleao.com.br\/site\/mulher-na-janela\/","url":"https:\/\/annaleao.com.br\/site\/mulher-na-janela\/","name":"A mulher na janela... Contemplando a natureza - ANNA DE LE\u00c3O","isPartOf":{"@id":"https:\/\/annaleao.com.br\/site\/#website"},"primaryImageOfPage":{"@id":"https:\/\/annaleao.com.br\/site\/mulher-na-janela\/#primaryimage"},"image":{"@id":"https:\/\/annaleao.com.br\/site\/mulher-na-janela\/#primaryimage"},"thumbnailUrl":"https:\/\/annaleao.com.br\/site\/wp-content\/uploads\/2008\/09\/img4c1a62f3a5fae.jpg","datePublished":"2017-04-28T20:04:28+00:00","dateModified":"2019-01-02T19:20:30+00:00","author":{"@id":"https:\/\/annaleao.com.br\/site\/#\/schema\/person\/c61c763755650f8b56acd76d44c7bc8c"},"description":"N\u00e3o precisa de muito para se sentir em paz, serena, feliz. A natureza traz a magia da vida, o descanso necess\u00e1rio. \u00c9 t\u00e3o bom contempl\u00e1-la\u2026","breadcrumb":{"@id":"https:\/\/annaleao.com.br\/site\/mulher-na-janela\/#breadcrumb"},"inLanguage":"pt-BR","potentialAction":[{"@type":"ReadAction","target":["https:\/\/annaleao.com.br\/site\/mulher-na-janela\/"]}]},{"@type":"ImageObject","inLanguage":"pt-BR","@id":"https:\/\/annaleao.com.br\/site\/mulher-na-janela\/#primaryimage","url":"https:\/\/annaleao.com.br\/site\/wp-content\/uploads\/2008\/09\/img4c1a62f3a5fae.jpg","contentUrl":"https:\/\/annaleao.com.br\/site\/wp-content\/uploads\/2008\/09\/img4c1a62f3a5fae.jpg","width":400,"height":300},{"@type":"BreadcrumbList","@id":"https:\/\/annaleao.com.br\/site\/mulher-na-janela\/#breadcrumb","itemListElement":[{"@type":"ListItem","position":1,"name":"In\u00edcio","item":"https:\/\/annaleao.com.br\/site\/"},{"@type":"ListItem","position":2,"name":"A mulher na janela&#8230; Contemplando a natureza"}]},{"@type":"WebSite","@id":"https:\/\/annaleao.com.br\/site\/#website","url":"https:\/\/annaleao.com.br\/site\/","name":"ANNA DE LE\u00c3O","description":" Escritora e Terapeuta","potentialAction":[{"@type":"SearchAction","target":{"@type":"EntryPoint","urlTemplate":"https:\/\/annaleao.com.br\/site\/?s={search_term_string}"},"query-input":{"@type":"PropertyValueSpecification","valueRequired":true,"valueName":"search_term_string"}}],"inLanguage":"pt-BR"},{"@type":"Person","@id":"https:\/\/annaleao.com.br\/site\/#\/schema\/person\/c61c763755650f8b56acd76d44c7bc8c","name":"Anna de Le\u00e3o","image":{"@type":"ImageObject","inLanguage":"pt-BR","@id":"https:\/\/annaleao.com.br\/site\/#\/schema\/person\/image\/","url":"https:\/\/secure.gravatar.com\/avatar\/e29860c6ef57760b67570c34e3948ba9de10eb9b2e2f20081d0061a7233daf60?s=96&d=blank&r=g","contentUrl":"https:\/\/secure.gravatar.com\/avatar\/e29860c6ef57760b67570c34e3948ba9de10eb9b2e2f20081d0061a7233daf60?s=96&d=blank&r=g","caption":"Anna de Le\u00e3o"},"sameAs":["http:\/\/www.annaleao.com.br","https:\/\/x.com\/https:\/\/www.instagram.com\/annadeleao"],"url":"https:\/\/annaleao.com.br\/site\/author\/anna\/"}]}},"jetpack_publicize_connections":[],"jetpack_featured_media_url":"https:\/\/annaleao.com.br\/site\/wp-content\/uploads\/2008\/09\/img4c1a62f3a5fae.jpg","jetpack_sharing_enabled":true,"jetpack_shortlink":"https:\/\/wp.me\/p8nt2H-5V","jetpack-related-posts":[],"_links":{"self":[{"href":"https:\/\/annaleao.com.br\/site\/wp-json\/wp\/v2\/posts\/367","targetHints":{"allow":["GET"]}}],"collection":[{"href":"https:\/\/annaleao.com.br\/site\/wp-json\/wp\/v2\/posts"}],"about":[{"href":"https:\/\/annaleao.com.br\/site\/wp-json\/wp\/v2\/types\/post"}],"author":[{"embeddable":true,"href":"https:\/\/annaleao.com.br\/site\/wp-json\/wp\/v2\/users\/2"}],"replies":[{"embeddable":true,"href":"https:\/\/annaleao.com.br\/site\/wp-json\/wp\/v2\/comments?post=367"}],"version-history":[{"count":9,"href":"https:\/\/annaleao.com.br\/site\/wp-json\/wp\/v2\/posts\/367\/revisions"}],"predecessor-version":[{"id":2304,"href":"https:\/\/annaleao.com.br\/site\/wp-json\/wp\/v2\/posts\/367\/revisions\/2304"}],"wp:featuredmedia":[{"embeddable":true,"href":"https:\/\/annaleao.com.br\/site\/wp-json\/wp\/v2\/media\/1726"}],"wp:attachment":[{"href":"https:\/\/annaleao.com.br\/site\/wp-json\/wp\/v2\/media?parent=367"}],"wp:term":[{"taxonomy":"category","embeddable":true,"href":"https:\/\/annaleao.com.br\/site\/wp-json\/wp\/v2\/categories?post=367"},{"taxonomy":"post_tag","embeddable":true,"href":"https:\/\/annaleao.com.br\/site\/wp-json\/wp\/v2\/tags?post=367"}],"curies":[{"name":"wp","href":"https:\/\/api.w.org\/{rel}","templated":true}]}}