{"id":376,"date":"2017-05-12T21:20:28","date_gmt":"2017-05-12T21:20:28","guid":{"rendered":"http:\/\/www.annaleao.com.br\/anna\/?p=376"},"modified":"2018-11-05T00:02:16","modified_gmt":"2018-11-05T00:02:16","slug":"maternidade","status":"publish","type":"post","link":"https:\/\/annaleao.com.br\/site\/maternidade\/","title":{"rendered":"Maternidade"},"content":{"rendered":"<p>A comemora\u00e7\u00e3o do Dia das M\u00e3es est\u00e1 chegando e trago para voc\u00eas as minhas reflex\u00f5es sobre a maternidade.<\/p>\n<p>N\u00e3o acho que toda mulher deva ou queira ser m\u00e3e. Acho que existem v\u00e1rios tipos de vidas, de mulheres, de produ\u00e7\u00f5es e cria\u00e7\u00f5es. Eu, pessoalmente, sempre quis ser m\u00e3e. Tenho um lado maternal muito forte. Desde pequena sonhava em ter muitos filhos. Acabei que tive duas filhas e as criei sem um pai presente. Sendo bem sincera, digo que nunca me importei com isto.<\/p>\n<p>Eu vejo a maternidade como uma miss\u00e3o. Algo que, infelizmente, est\u00e1 desvalorizado, banalizado, e muitas vezes deturpado. Neste mundo atual, que precisamos tanto fazer e acontecer, ser s\u00f3 m\u00e3e n\u00e3o d\u00e1 status. Mas a energia que despendemos, o tempo de que \u00a0precisamos para sermos uma m\u00e3e presente e atuante na educa\u00e7\u00e3o e cria\u00e7\u00e3o de nossos filhos, sem falar na responsabilidade que \u00e9, e a satisfa\u00e7\u00e3o que d\u00e1, j\u00e1 justifica uma exist\u00eancia. A saber, a nossa, que somos m\u00e3es.<\/p>\n<p>N\u00f3s produzimos, criamos, ensinamos, nos preocupamos, cuidamos, nutrimos, brincamos, brigamos, sentimos diversas emo\u00e7\u00f5es com e por nossos filhos, e ainda por cima, amamos. N\u00e3o est\u00e1 bom? Precisa de mais para sermos valorizadas como pessoas, como indiv\u00edduos?<\/p>\n<p>Claro que temos interesses pr\u00f3prios, e eles variam de mulher para mulher, tanto a quantidade, como o tipo desses interesses. Precisamos tamb\u00e9m de tempo e espa\u00e7o para n\u00f3s (Ah&#8230; E como eu preciso!). Por\u00e9m nada disso impede a maternidade, nem a maternidade impede tudo isso. O que precisamos \u00e9 nos conhecermos bem, saber at\u00e9 onde podemos ir. Conhecermos os nossos limites e decidirmos se d\u00e1 para ser a Mulher Maravilha ou n\u00e3o. Ali\u00e1s, n\u00e3o me lembro dela com filhos; para falar a verdade, de nenhum super-her\u00f3i. Ser\u00e1 que isto quer dizer alguma coisa? Pensemos\u2026<\/p>\n<p>Acho que n\u00e3o existe um tipo ideal de m\u00e3e. Cada mulher vai ser m\u00e3e do seu jeito, de acordo com a sua pr\u00f3pria natureza. Abaixo os estere\u00f3tipos e r\u00f3tulos. Agora, o que \u00e9 preciso \u00e9 estar inteira no que se faz, em tudo, inclusive, na maternidade. Falo isto porque me choca profundamente ver m\u00e3es de meninas pequenas, com bom padr\u00e3o de vida, que reclamam que v\u00e3o entrar de f\u00e9rias, puramente porque este fato implica que passar\u00e3o todo tempo com suas filhas. Outras dizem que n\u00e3o conseguem ser m\u00e3es 24 horas por dia; e as poucas horas que est\u00e3o fazendo um programa com suas meninas, est\u00e3o com cara de t\u00e9dio. Por que as trouxeram ao mundo? Para agradar ao marido, `a fam\u00edlia, \u00e0 sociedade, ou simplesmente, porque queriam mostrar que s\u00e3o mulheres completas?<\/p>\n<p>Tanta coisa est\u00e1 envolvida neste contexto, que se a gente for se aprofundar mais na quest\u00e3o, vamos encontrar mulheres perdidas em si mesmas e no mundo. Fruto de uma sociedade com valores t\u00e3o disparatados e truncados que confunde a todos. Ningu\u00e9m \u00e9 uma coisa s\u00f3, muito menos se consegue ser apenas uma coisa por 24 horas todos os dias. A quest\u00e3o \u00e9 como o assunto \u00e9 abordado: com uma frase clich\u00ea negando a import\u00e2ncia e o prazer da maternidade.<\/p>\n<p>O que fazer ent\u00e3o? Penso que se aprofundar em si mesma, buscar o autoconhecimento e a pr\u00f3pria verdade interior. Conhecer suas verdadeiras voca\u00e7\u00f5es. Eu, particularmente, acho isto t\u00e3o prazeroso! Conhecer nossos verdadeiros anseios, os nossos pr\u00f3prios sentimentos, os nossos pr\u00f3prios talentos e potenciais. E antes de tudo, n\u00e3o nos preocuparmos com as apar\u00eancias e sim com o que realmente nos traz satisfa\u00e7\u00e3o.<\/p>\n<p>Voc\u00ea pode ser uma excelente m\u00e3e de uma forma n\u00e3o convencional. Quando falo em ser excelente, entra aqui a dedica\u00e7\u00e3o e o prazer, pois n\u00e3o podemos ser excelentes em nada que n\u00e3o nos d\u00ea prazer. E quando temos prazer nos dedicamos. Voc\u00ea s\u00f3 precisa buscar a forma que combine com voc\u00ea para exercer plenamente a maternidade.<\/p>\n<p>Sonhei muitas coisas para a minha vida, uma delas foi ser m\u00e3e. Este sonho eu consegui concretizar. Ainda continuo sonhando muitas outras coisas e pretendo tamb\u00e9m realiz\u00e1-las. E percebo que n\u00e3o teria espa\u00e7o na minha vida, nem tempo, nem mesmo energia, para concretizar tudo que sonhei de uma vez s\u00f3. Algumas \u00e1reas ficariam capengas, porque n\u00e3o d\u00e1 pra ser tudo, pelo menos, n\u00e3o ao mesmo tempo. Hoje, mais madura, percebo que, contanto que me realize, prefiro estar inteira em poucas coisas, do que ser tudo pela metade.<\/p>\n<p>Por Anna Le\u00e3o (Favor mencionar autoria e fonte ao reproduzir este artigo)<\/p>\n","protected":false},"excerpt":{"rendered":"<p>A comemora\u00e7\u00e3o do Dia das M\u00e3es est\u00e1 chegando e trago para voc\u00eas as minhas reflex\u00f5es sobre a maternidade. N\u00e3o acho que toda mulher deva ou queira ser m\u00e3e. Acho que existem v\u00e1rios tipos de vidas, de mulheres, de produ\u00e7\u00f5es e cria\u00e7\u00f5es. Eu, pessoalmente, sempre quis ser m\u00e3e. Tenho um lado maternal muito forte. Desde pequena sonhava em ter muitos filhos. &hellip; <\/p>\n","protected":false},"author":2,"featured_media":377,"comment_status":"open","ping_status":"open","sticky":false,"template":"","format":"standard","meta":{"jetpack_post_was_ever_published":false,"_jetpack_newsletter_access":"","_jetpack_dont_email_post_to_subs":true,"_jetpack_newsletter_tier_id":0,"_jetpack_memberships_contains_paywalled_content":false,"_jetpack_memberships_contains_paid_content":false,"footnotes":"","jetpack_publicize_message":"","jetpack_publicize_feature_enabled":true,"jetpack_social_post_already_shared":true,"jetpack_social_options":{"image_generator_settings":{"template":"highway","enabled":false},"version":2}},"categories":[3],"tags":[10,70,69,71],"class_list":["post-376","post","type-post","status-publish","format-standard","has-post-thumbnail","hentry","category-artigos","tag-comportamento","tag-mae","tag-maternidade","tag-mulher"],"yoast_head":"<!-- This site is optimized with the Yoast SEO plugin v25.2 - https:\/\/yoast.com\/wordpress\/plugins\/seo\/ -->\n<title>Maternidade - ANNA DE LE\u00c3O<\/title>\n<meta name=\"robots\" content=\"index, follow, max-snippet:-1, max-image-preview:large, max-video-preview:-1\" \/>\n<link rel=\"canonical\" href=\"https:\/\/annaleao.com.br\/site\/maternidade\/\" \/>\n<meta property=\"og:locale\" content=\"pt_BR\" \/>\n<meta property=\"og:type\" content=\"article\" \/>\n<meta property=\"og:title\" content=\"Maternidade - ANNA DE LE\u00c3O\" \/>\n<meta property=\"og:description\" content=\"A comemora\u00e7\u00e3o do Dia das M\u00e3es est\u00e1 chegando e trago para voc\u00eas as minhas reflex\u00f5es sobre a maternidade. N\u00e3o acho que toda mulher deva ou queira ser m\u00e3e. Acho que existem v\u00e1rios tipos de vidas, de mulheres, de produ\u00e7\u00f5es e cria\u00e7\u00f5es. Eu, pessoalmente, sempre quis ser m\u00e3e. Tenho um lado maternal muito forte. Desde pequena sonhava em ter muitos filhos. &hellip;\" \/>\n<meta property=\"og:url\" content=\"https:\/\/annaleao.com.br\/site\/maternidade\/\" \/>\n<meta property=\"og:site_name\" content=\"ANNA DE LE\u00c3O\" \/>\n<meta property=\"article:published_time\" content=\"2017-05-12T21:20:28+00:00\" \/>\n<meta property=\"article:modified_time\" content=\"2018-11-05T00:02:16+00:00\" \/>\n<meta property=\"og:image\" content=\"https:\/\/annaleao.com.br\/site\/wp-content\/uploads\/2017\/05\/3609955435-mae.jpg\" \/>\n\t<meta property=\"og:image:width\" content=\"840\" \/>\n\t<meta property=\"og:image:height\" content=\"500\" \/>\n\t<meta property=\"og:image:type\" content=\"image\/jpeg\" \/>\n<meta name=\"author\" content=\"Anna de Le\u00e3o\" \/>\n<meta name=\"twitter:label1\" content=\"Escrito por\" \/>\n\t<meta name=\"twitter:data1\" content=\"Anna de Le\u00e3o\" \/>\n\t<meta name=\"twitter:label2\" content=\"Est. tempo de leitura\" \/>\n\t<meta name=\"twitter:data2\" content=\"4 minutos\" \/>\n<script type=\"application\/ld+json\" class=\"yoast-schema-graph\">{\"@context\":\"https:\/\/schema.org\",\"@graph\":[{\"@type\":\"WebPage\",\"@id\":\"https:\/\/annaleao.com.br\/site\/maternidade\/\",\"url\":\"https:\/\/annaleao.com.br\/site\/maternidade\/\",\"name\":\"Maternidade - ANNA DE LE\u00c3O\",\"isPartOf\":{\"@id\":\"https:\/\/annaleao.com.br\/site\/#website\"},\"primaryImageOfPage\":{\"@id\":\"https:\/\/annaleao.com.br\/site\/maternidade\/#primaryimage\"},\"image\":{\"@id\":\"https:\/\/annaleao.com.br\/site\/maternidade\/#primaryimage\"},\"thumbnailUrl\":\"https:\/\/annaleao.com.br\/site\/wp-content\/uploads\/2017\/05\/3609955435-mae.jpg\",\"datePublished\":\"2017-05-12T21:20:28+00:00\",\"dateModified\":\"2018-11-05T00:02:16+00:00\",\"author\":{\"@id\":\"https:\/\/annaleao.com.br\/site\/#\/schema\/person\/c61c763755650f8b56acd76d44c7bc8c\"},\"breadcrumb\":{\"@id\":\"https:\/\/annaleao.com.br\/site\/maternidade\/#breadcrumb\"},\"inLanguage\":\"pt-BR\",\"potentialAction\":[{\"@type\":\"ReadAction\",\"target\":[\"https:\/\/annaleao.com.br\/site\/maternidade\/\"]}]},{\"@type\":\"ImageObject\",\"inLanguage\":\"pt-BR\",\"@id\":\"https:\/\/annaleao.com.br\/site\/maternidade\/#primaryimage\",\"url\":\"https:\/\/annaleao.com.br\/site\/wp-content\/uploads\/2017\/05\/3609955435-mae.jpg\",\"contentUrl\":\"https:\/\/annaleao.com.br\/site\/wp-content\/uploads\/2017\/05\/3609955435-mae.jpg\",\"width\":840,\"height\":500},{\"@type\":\"BreadcrumbList\",\"@id\":\"https:\/\/annaleao.com.br\/site\/maternidade\/#breadcrumb\",\"itemListElement\":[{\"@type\":\"ListItem\",\"position\":1,\"name\":\"In\u00edcio\",\"item\":\"https:\/\/annaleao.com.br\/site\/\"},{\"@type\":\"ListItem\",\"position\":2,\"name\":\"Maternidade\"}]},{\"@type\":\"WebSite\",\"@id\":\"https:\/\/annaleao.com.br\/site\/#website\",\"url\":\"https:\/\/annaleao.com.br\/site\/\",\"name\":\"ANNA DE LE\u00c3O\",\"description\":\" Escritora e Terapeuta\",\"potentialAction\":[{\"@type\":\"SearchAction\",\"target\":{\"@type\":\"EntryPoint\",\"urlTemplate\":\"https:\/\/annaleao.com.br\/site\/?s={search_term_string}\"},\"query-input\":{\"@type\":\"PropertyValueSpecification\",\"valueRequired\":true,\"valueName\":\"search_term_string\"}}],\"inLanguage\":\"pt-BR\"},{\"@type\":\"Person\",\"@id\":\"https:\/\/annaleao.com.br\/site\/#\/schema\/person\/c61c763755650f8b56acd76d44c7bc8c\",\"name\":\"Anna de Le\u00e3o\",\"image\":{\"@type\":\"ImageObject\",\"inLanguage\":\"pt-BR\",\"@id\":\"https:\/\/annaleao.com.br\/site\/#\/schema\/person\/image\/\",\"url\":\"https:\/\/secure.gravatar.com\/avatar\/e29860c6ef57760b67570c34e3948ba9de10eb9b2e2f20081d0061a7233daf60?s=96&d=blank&r=g\",\"contentUrl\":\"https:\/\/secure.gravatar.com\/avatar\/e29860c6ef57760b67570c34e3948ba9de10eb9b2e2f20081d0061a7233daf60?s=96&d=blank&r=g\",\"caption\":\"Anna de Le\u00e3o\"},\"sameAs\":[\"http:\/\/www.annaleao.com.br\",\"https:\/\/x.com\/https:\/\/www.instagram.com\/annadeleao\"],\"url\":\"https:\/\/annaleao.com.br\/site\/author\/anna\/\"}]}<\/script>\n<!-- \/ Yoast SEO plugin. -->","yoast_head_json":{"title":"Maternidade - ANNA DE LE\u00c3O","robots":{"index":"index","follow":"follow","max-snippet":"max-snippet:-1","max-image-preview":"max-image-preview:large","max-video-preview":"max-video-preview:-1"},"canonical":"https:\/\/annaleao.com.br\/site\/maternidade\/","og_locale":"pt_BR","og_type":"article","og_title":"Maternidade - ANNA DE LE\u00c3O","og_description":"A comemora\u00e7\u00e3o do Dia das M\u00e3es est\u00e1 chegando e trago para voc\u00eas as minhas reflex\u00f5es sobre a maternidade. N\u00e3o acho que toda mulher deva ou queira ser m\u00e3e. Acho que existem v\u00e1rios tipos de vidas, de mulheres, de produ\u00e7\u00f5es e cria\u00e7\u00f5es. Eu, pessoalmente, sempre quis ser m\u00e3e. Tenho um lado maternal muito forte. Desde pequena sonhava em ter muitos filhos. &hellip;","og_url":"https:\/\/annaleao.com.br\/site\/maternidade\/","og_site_name":"ANNA DE LE\u00c3O","article_published_time":"2017-05-12T21:20:28+00:00","article_modified_time":"2018-11-05T00:02:16+00:00","og_image":[{"width":840,"height":500,"url":"https:\/\/annaleao.com.br\/site\/wp-content\/uploads\/2017\/05\/3609955435-mae.jpg","type":"image\/jpeg"}],"author":"Anna de Le\u00e3o","twitter_misc":{"Escrito por":"Anna de Le\u00e3o","Est. tempo de leitura":"4 minutos"},"schema":{"@context":"https:\/\/schema.org","@graph":[{"@type":"WebPage","@id":"https:\/\/annaleao.com.br\/site\/maternidade\/","url":"https:\/\/annaleao.com.br\/site\/maternidade\/","name":"Maternidade - ANNA DE LE\u00c3O","isPartOf":{"@id":"https:\/\/annaleao.com.br\/site\/#website"},"primaryImageOfPage":{"@id":"https:\/\/annaleao.com.br\/site\/maternidade\/#primaryimage"},"image":{"@id":"https:\/\/annaleao.com.br\/site\/maternidade\/#primaryimage"},"thumbnailUrl":"https:\/\/annaleao.com.br\/site\/wp-content\/uploads\/2017\/05\/3609955435-mae.jpg","datePublished":"2017-05-12T21:20:28+00:00","dateModified":"2018-11-05T00:02:16+00:00","author":{"@id":"https:\/\/annaleao.com.br\/site\/#\/schema\/person\/c61c763755650f8b56acd76d44c7bc8c"},"breadcrumb":{"@id":"https:\/\/annaleao.com.br\/site\/maternidade\/#breadcrumb"},"inLanguage":"pt-BR","potentialAction":[{"@type":"ReadAction","target":["https:\/\/annaleao.com.br\/site\/maternidade\/"]}]},{"@type":"ImageObject","inLanguage":"pt-BR","@id":"https:\/\/annaleao.com.br\/site\/maternidade\/#primaryimage","url":"https:\/\/annaleao.com.br\/site\/wp-content\/uploads\/2017\/05\/3609955435-mae.jpg","contentUrl":"https:\/\/annaleao.com.br\/site\/wp-content\/uploads\/2017\/05\/3609955435-mae.jpg","width":840,"height":500},{"@type":"BreadcrumbList","@id":"https:\/\/annaleao.com.br\/site\/maternidade\/#breadcrumb","itemListElement":[{"@type":"ListItem","position":1,"name":"In\u00edcio","item":"https:\/\/annaleao.com.br\/site\/"},{"@type":"ListItem","position":2,"name":"Maternidade"}]},{"@type":"WebSite","@id":"https:\/\/annaleao.com.br\/site\/#website","url":"https:\/\/annaleao.com.br\/site\/","name":"ANNA DE LE\u00c3O","description":" Escritora e Terapeuta","potentialAction":[{"@type":"SearchAction","target":{"@type":"EntryPoint","urlTemplate":"https:\/\/annaleao.com.br\/site\/?s={search_term_string}"},"query-input":{"@type":"PropertyValueSpecification","valueRequired":true,"valueName":"search_term_string"}}],"inLanguage":"pt-BR"},{"@type":"Person","@id":"https:\/\/annaleao.com.br\/site\/#\/schema\/person\/c61c763755650f8b56acd76d44c7bc8c","name":"Anna de Le\u00e3o","image":{"@type":"ImageObject","inLanguage":"pt-BR","@id":"https:\/\/annaleao.com.br\/site\/#\/schema\/person\/image\/","url":"https:\/\/secure.gravatar.com\/avatar\/e29860c6ef57760b67570c34e3948ba9de10eb9b2e2f20081d0061a7233daf60?s=96&d=blank&r=g","contentUrl":"https:\/\/secure.gravatar.com\/avatar\/e29860c6ef57760b67570c34e3948ba9de10eb9b2e2f20081d0061a7233daf60?s=96&d=blank&r=g","caption":"Anna de Le\u00e3o"},"sameAs":["http:\/\/www.annaleao.com.br","https:\/\/x.com\/https:\/\/www.instagram.com\/annadeleao"],"url":"https:\/\/annaleao.com.br\/site\/author\/anna\/"}]}},"jetpack_publicize_connections":[],"jetpack_featured_media_url":"https:\/\/annaleao.com.br\/site\/wp-content\/uploads\/2017\/05\/3609955435-mae.jpg","jetpack_sharing_enabled":true,"jetpack_shortlink":"https:\/\/wp.me\/p8nt2H-64","jetpack-related-posts":[],"_links":{"self":[{"href":"https:\/\/annaleao.com.br\/site\/wp-json\/wp\/v2\/posts\/376","targetHints":{"allow":["GET"]}}],"collection":[{"href":"https:\/\/annaleao.com.br\/site\/wp-json\/wp\/v2\/posts"}],"about":[{"href":"https:\/\/annaleao.com.br\/site\/wp-json\/wp\/v2\/types\/post"}],"author":[{"embeddable":true,"href":"https:\/\/annaleao.com.br\/site\/wp-json\/wp\/v2\/users\/2"}],"replies":[{"embeddable":true,"href":"https:\/\/annaleao.com.br\/site\/wp-json\/wp\/v2\/comments?post=376"}],"version-history":[{"count":4,"href":"https:\/\/annaleao.com.br\/site\/wp-json\/wp\/v2\/posts\/376\/revisions"}],"predecessor-version":[{"id":1767,"href":"https:\/\/annaleao.com.br\/site\/wp-json\/wp\/v2\/posts\/376\/revisions\/1767"}],"wp:featuredmedia":[{"embeddable":true,"href":"https:\/\/annaleao.com.br\/site\/wp-json\/wp\/v2\/media\/377"}],"wp:attachment":[{"href":"https:\/\/annaleao.com.br\/site\/wp-json\/wp\/v2\/media?parent=376"}],"wp:term":[{"taxonomy":"category","embeddable":true,"href":"https:\/\/annaleao.com.br\/site\/wp-json\/wp\/v2\/categories?post=376"},{"taxonomy":"post_tag","embeddable":true,"href":"https:\/\/annaleao.com.br\/site\/wp-json\/wp\/v2\/tags?post=376"}],"curies":[{"name":"wp","href":"https:\/\/api.w.org\/{rel}","templated":true}]}}