{"id":412,"date":"2017-06-24T20:35:14","date_gmt":"2017-06-24T20:35:14","guid":{"rendered":"http:\/\/www.annaleao.com.br\/anna\/?p=412"},"modified":"2019-07-13T17:55:21","modified_gmt":"2019-07-13T17:55:21","slug":"o-calor-inverno","status":"publish","type":"post","link":"https:\/\/annaleao.com.br\/site\/o-calor-inverno\/","title":{"rendered":"O calor do inverno"},"content":{"rendered":"<p>O calor do inverno<\/p>\n<p>O Solst\u00edcio de Inverno traz a noite mais longa do ano. A partir da\u00ed o sol come\u00e7a a ganhar for\u00e7a, bem devagarinho e aos poucos. O frio \u00e9 cortante, o tempo \u00e9 de introspec\u00e7\u00e3o, quietude, sil\u00eancio e medita\u00e7\u00e3o.\u00a0 Nos sentimos mais serenos e im\u00f3veis, com vontade de nos transformarmos em ursos para termos direito de ficarmos na toca, na caverna, por mais tempo do que o mundo externo permite.<\/p>\n<p>Quem se conecta aos ciclos da natureza, como um praticante do paganismo, por exemplo, sente com mais intensidade esta \u00e9poca do ano. Melhor ainda, percebe-a melhor e a compreende.<\/p>\n<p>Muitas vezes parece que tudo para\u00a0 e fica suspenso; esperando um melhor momento, esperando a pr\u00f3xima esta\u00e7\u00e3o, que n\u00e3o vem se manifestar somente a partir do Equin\u00f3cio da Primavera, mas sim, quando esta come\u00e7a a se anunciar, atrav\u00e9s do calor do sol, que timidamente aparece, e do degelo \u2013 nos pa\u00edses mais frios \u2013 que come\u00e7a a ocorrer. Esta \u00e9poca \u00e9 o Imbolc, que acontece no in\u00edcio de agosto no Hemisf\u00e9rio Sul.<\/p>\n<h4>Mas estamos agora adentrando o inverno, marcado por menos energia solar e mais energia da Terra, que est\u00e1 em seu \u00e1pice. \u00a0Imbolc ainda est\u00e1 por vir e podemos aproveitar este momento de quietude e interioriza\u00e7\u00e3o para nos conectarmos com nossa luz interna, a fim de faz\u00ea-la brilhar no momento certo, quando o inverno come\u00e7ar a dar os seus primeiros passos rumo a sua jornada no outro Hemisf\u00e9rio.<\/h4>\n<p>De nada adianta querermos nos sentir como no ver\u00e3o, por exemplo.\u00a0 \u00c9 uma quest\u00e3o de energia reinante. Equin\u00f3cios e Solst\u00edcios s\u00e3o portais de energias. Se nos conectamos com elas, tudo flui de modo harm\u00f4nico, como s\u00e3o os ciclos da natureza.<\/p>\n<p>Mas se come\u00e7amos a nos atropelar, a nos for\u00e7ar, acabamos por nos desconectar de n\u00f3s mesmos, correndo o risco de adoecermos ou ficarmos desequilibrados. Devemos ter aten\u00e7\u00e3o, pois infelizmente o mundo atual nos exige uma const\u00e2ncia artificial que vai contra os ciclos naturais.<\/p>\n<p>O inverno \u00e9 momento oportuno para um trabalho de autoconhecimento atrav\u00e9s de mergulhos profundos em n\u00f3s mesmos, por\u00e9m de uma forma suave, prazerosa.\u00a0 Podemos fazer isto de v\u00e1rias formas como atrav\u00e9s de medita\u00e7\u00f5es, jornadas xam\u00e2nicas, contato com nosso animal de poder e aliados, or\u00e1culos e o que mais a sua criatividade lhe sugerir.<\/p>\n<h4>Por falar em nossa criatividade, ela est\u00e1 bem de sa\u00fade, est\u00e1 mais l\u00e2nguida, mas presente, e vai se manifestar de uma forma mais di\u00e1fana, podemos dizer assim, o que \u00e0s vezes, pode at\u00e9 ser melhor.<\/h4>\n<p>O Solst\u00edcio de Inverno , no entanto, nos traz uma mensagem de esperan\u00e7a, pois aos poucos e gradativamente, a luz vai aumentando na Terra. Com isto, aproveitamos para nos curarmos e despertarmos nossa crian\u00e7a interior.<\/p>\n<p>Como na lua minguante, o inverno \u00e9 momento de limpeza, cura e transforma\u00e7\u00e3o. Por\u00e9m, \u00e9 diferente, pois ele anuncia o crescimento da luz solar. Isto nos d\u00e1 uma sensa\u00e7\u00e3o de preenchimento e plenitude, diferente do que acontece na lua minguante que ruma para o vazio.<\/p>\n<h4>Quando conectados a n\u00f3s mesmos, neste per\u00edodo do ano, por mais frio que esteja l\u00e1 fora, sentimos o aconchego proveniente do calor de nossa luz interior. E com o passar dos dias desta esta\u00e7\u00e3o, ao mesmo tempo em que a luz solar vai ganhando for\u00e7a, a nossa luz interna tamb\u00e9m vai se intensificando, anunciando o nascimento de um novo ciclo.<\/h4>\n<p>Anna de Le\u00e3o (Favor mencionar autoria e fonte ao reproduzir este artigo).<\/p>\n<p>&nbsp;<\/p>\n","protected":false},"excerpt":{"rendered":"<p>O calor do inverno O Solst\u00edcio de Inverno traz a noite mais longa do ano. A partir da\u00ed o sol come\u00e7a a ganhar for\u00e7a, bem devagarinho e aos poucos. O frio \u00e9 cortante, o tempo \u00e9 de introspec\u00e7\u00e3o, quietude, sil\u00eancio e medita\u00e7\u00e3o.\u00a0 Nos sentimos mais serenos e im\u00f3veis, com vontade de nos transformarmos em ursos para termos direito de ficarmos &hellip; <\/p>\n","protected":false},"author":2,"featured_media":413,"comment_status":"open","ping_status":"open","sticky":false,"template":"","format":"standard","meta":{"jetpack_post_was_ever_published":false,"_jetpack_newsletter_access":"","_jetpack_dont_email_post_to_subs":false,"_jetpack_newsletter_tier_id":0,"_jetpack_memberships_contains_paywalled_content":false,"_jetpack_memberships_contains_paid_content":false,"footnotes":"","jetpack_publicize_message":"","jetpack_publicize_feature_enabled":true,"jetpack_social_post_already_shared":true,"jetpack_social_options":{"image_generator_settings":{"template":"highway","enabled":false},"version":2}},"categories":[3,184],"tags":[89,91,88,87,85,57,84,86,90],"class_list":["post-412","post","type-post","status-publish","format-standard","has-post-thumbnail","hentry","category-artigos","category-blog-metamorfose","tag-aconchego","tag-ciclos-da-natureza","tag-crianca-interior","tag-esperancas","tag-frio","tag-introspeccao","tag-inverno","tag-recolhimento","tag-winter"],"yoast_head":"<!-- This site is optimized with the Yoast SEO plugin v25.2 - https:\/\/yoast.com\/wordpress\/plugins\/seo\/ -->\n<title>O calor do inverno - ANNA DE LE\u00c3O<\/title>\n<meta name=\"description\" content=\"O calor do invernoO Solst\u00edcio de Inverno traz a noite mais longa do ano. A partir da\u00ed o sol come\u00e7a a ganhar for\u00e7a, bem devagarinho e aos poucos.\" \/>\n<meta name=\"robots\" content=\"index, follow, max-snippet:-1, max-image-preview:large, max-video-preview:-1\" \/>\n<link rel=\"canonical\" href=\"https:\/\/annaleao.com.br\/site\/o-calor-inverno\/\" \/>\n<meta property=\"og:locale\" content=\"pt_BR\" \/>\n<meta property=\"og:type\" content=\"article\" \/>\n<meta property=\"og:title\" content=\"O calor do inverno - ANNA DE LE\u00c3O\" \/>\n<meta property=\"og:description\" content=\"O calor do invernoO Solst\u00edcio de Inverno traz a noite mais longa do ano. A partir da\u00ed o sol come\u00e7a a ganhar for\u00e7a, bem devagarinho e aos poucos.\" \/>\n<meta property=\"og:url\" content=\"https:\/\/annaleao.com.br\/site\/o-calor-inverno\/\" \/>\n<meta property=\"og:site_name\" content=\"ANNA DE LE\u00c3O\" \/>\n<meta property=\"article:published_time\" content=\"2017-06-24T20:35:14+00:00\" \/>\n<meta property=\"article:modified_time\" content=\"2019-07-13T17:55:21+00:00\" \/>\n<meta property=\"og:image\" content=\"https:\/\/annaleao.com.br\/site\/wp-content\/uploads\/2017\/06\/lareira.jpg\" \/>\n\t<meta property=\"og:image:width\" content=\"320\" \/>\n\t<meta property=\"og:image:height\" content=\"254\" \/>\n\t<meta property=\"og:image:type\" content=\"image\/jpeg\" \/>\n<meta name=\"author\" content=\"Anna de Le\u00e3o\" \/>\n<meta name=\"twitter:label1\" content=\"Escrito por\" \/>\n\t<meta name=\"twitter:data1\" content=\"Anna de Le\u00e3o\" \/>\n\t<meta name=\"twitter:label2\" content=\"Est. tempo de leitura\" \/>\n\t<meta name=\"twitter:data2\" content=\"3 minutos\" \/>\n<script type=\"application\/ld+json\" class=\"yoast-schema-graph\">{\"@context\":\"https:\/\/schema.org\",\"@graph\":[{\"@type\":\"WebPage\",\"@id\":\"https:\/\/annaleao.com.br\/site\/o-calor-inverno\/\",\"url\":\"https:\/\/annaleao.com.br\/site\/o-calor-inverno\/\",\"name\":\"O calor do inverno - ANNA DE LE\u00c3O\",\"isPartOf\":{\"@id\":\"https:\/\/annaleao.com.br\/site\/#website\"},\"primaryImageOfPage\":{\"@id\":\"https:\/\/annaleao.com.br\/site\/o-calor-inverno\/#primaryimage\"},\"image\":{\"@id\":\"https:\/\/annaleao.com.br\/site\/o-calor-inverno\/#primaryimage\"},\"thumbnailUrl\":\"https:\/\/annaleao.com.br\/site\/wp-content\/uploads\/2017\/06\/lareira.jpg\",\"datePublished\":\"2017-06-24T20:35:14+00:00\",\"dateModified\":\"2019-07-13T17:55:21+00:00\",\"author\":{\"@id\":\"https:\/\/annaleao.com.br\/site\/#\/schema\/person\/c61c763755650f8b56acd76d44c7bc8c\"},\"description\":\"O calor do invernoO Solst\u00edcio de Inverno traz a noite mais longa do ano. A partir da\u00ed o sol come\u00e7a a ganhar for\u00e7a, bem devagarinho e aos poucos.\",\"breadcrumb\":{\"@id\":\"https:\/\/annaleao.com.br\/site\/o-calor-inverno\/#breadcrumb\"},\"inLanguage\":\"pt-BR\",\"potentialAction\":[{\"@type\":\"ReadAction\",\"target\":[\"https:\/\/annaleao.com.br\/site\/o-calor-inverno\/\"]}]},{\"@type\":\"ImageObject\",\"inLanguage\":\"pt-BR\",\"@id\":\"https:\/\/annaleao.com.br\/site\/o-calor-inverno\/#primaryimage\",\"url\":\"https:\/\/annaleao.com.br\/site\/wp-content\/uploads\/2017\/06\/lareira.jpg\",\"contentUrl\":\"https:\/\/annaleao.com.br\/site\/wp-content\/uploads\/2017\/06\/lareira.jpg\",\"width\":320,\"height\":254},{\"@type\":\"BreadcrumbList\",\"@id\":\"https:\/\/annaleao.com.br\/site\/o-calor-inverno\/#breadcrumb\",\"itemListElement\":[{\"@type\":\"ListItem\",\"position\":1,\"name\":\"In\u00edcio\",\"item\":\"https:\/\/annaleao.com.br\/site\/\"},{\"@type\":\"ListItem\",\"position\":2,\"name\":\"O calor do inverno\"}]},{\"@type\":\"WebSite\",\"@id\":\"https:\/\/annaleao.com.br\/site\/#website\",\"url\":\"https:\/\/annaleao.com.br\/site\/\",\"name\":\"ANNA DE LE\u00c3O\",\"description\":\" Escritora e Terapeuta\",\"potentialAction\":[{\"@type\":\"SearchAction\",\"target\":{\"@type\":\"EntryPoint\",\"urlTemplate\":\"https:\/\/annaleao.com.br\/site\/?s={search_term_string}\"},\"query-input\":{\"@type\":\"PropertyValueSpecification\",\"valueRequired\":true,\"valueName\":\"search_term_string\"}}],\"inLanguage\":\"pt-BR\"},{\"@type\":\"Person\",\"@id\":\"https:\/\/annaleao.com.br\/site\/#\/schema\/person\/c61c763755650f8b56acd76d44c7bc8c\",\"name\":\"Anna de Le\u00e3o\",\"image\":{\"@type\":\"ImageObject\",\"inLanguage\":\"pt-BR\",\"@id\":\"https:\/\/annaleao.com.br\/site\/#\/schema\/person\/image\/\",\"url\":\"https:\/\/secure.gravatar.com\/avatar\/e29860c6ef57760b67570c34e3948ba9de10eb9b2e2f20081d0061a7233daf60?s=96&d=blank&r=g\",\"contentUrl\":\"https:\/\/secure.gravatar.com\/avatar\/e29860c6ef57760b67570c34e3948ba9de10eb9b2e2f20081d0061a7233daf60?s=96&d=blank&r=g\",\"caption\":\"Anna de Le\u00e3o\"},\"sameAs\":[\"http:\/\/www.annaleao.com.br\",\"https:\/\/x.com\/https:\/\/www.instagram.com\/annadeleao\"],\"url\":\"https:\/\/annaleao.com.br\/site\/author\/anna\/\"}]}<\/script>\n<!-- \/ Yoast SEO plugin. -->","yoast_head_json":{"title":"O calor do inverno - ANNA DE LE\u00c3O","description":"O calor do invernoO Solst\u00edcio de Inverno traz a noite mais longa do ano. A partir da\u00ed o sol come\u00e7a a ganhar for\u00e7a, bem devagarinho e aos poucos.","robots":{"index":"index","follow":"follow","max-snippet":"max-snippet:-1","max-image-preview":"max-image-preview:large","max-video-preview":"max-video-preview:-1"},"canonical":"https:\/\/annaleao.com.br\/site\/o-calor-inverno\/","og_locale":"pt_BR","og_type":"article","og_title":"O calor do inverno - ANNA DE LE\u00c3O","og_description":"O calor do invernoO Solst\u00edcio de Inverno traz a noite mais longa do ano. A partir da\u00ed o sol come\u00e7a a ganhar for\u00e7a, bem devagarinho e aos poucos.","og_url":"https:\/\/annaleao.com.br\/site\/o-calor-inverno\/","og_site_name":"ANNA DE LE\u00c3O","article_published_time":"2017-06-24T20:35:14+00:00","article_modified_time":"2019-07-13T17:55:21+00:00","og_image":[{"width":320,"height":254,"url":"https:\/\/annaleao.com.br\/site\/wp-content\/uploads\/2017\/06\/lareira.jpg","type":"image\/jpeg"}],"author":"Anna de Le\u00e3o","twitter_misc":{"Escrito por":"Anna de Le\u00e3o","Est. tempo de leitura":"3 minutos"},"schema":{"@context":"https:\/\/schema.org","@graph":[{"@type":"WebPage","@id":"https:\/\/annaleao.com.br\/site\/o-calor-inverno\/","url":"https:\/\/annaleao.com.br\/site\/o-calor-inverno\/","name":"O calor do inverno - ANNA DE LE\u00c3O","isPartOf":{"@id":"https:\/\/annaleao.com.br\/site\/#website"},"primaryImageOfPage":{"@id":"https:\/\/annaleao.com.br\/site\/o-calor-inverno\/#primaryimage"},"image":{"@id":"https:\/\/annaleao.com.br\/site\/o-calor-inverno\/#primaryimage"},"thumbnailUrl":"https:\/\/annaleao.com.br\/site\/wp-content\/uploads\/2017\/06\/lareira.jpg","datePublished":"2017-06-24T20:35:14+00:00","dateModified":"2019-07-13T17:55:21+00:00","author":{"@id":"https:\/\/annaleao.com.br\/site\/#\/schema\/person\/c61c763755650f8b56acd76d44c7bc8c"},"description":"O calor do invernoO Solst\u00edcio de Inverno traz a noite mais longa do ano. A partir da\u00ed o sol come\u00e7a a ganhar for\u00e7a, bem devagarinho e aos poucos.","breadcrumb":{"@id":"https:\/\/annaleao.com.br\/site\/o-calor-inverno\/#breadcrumb"},"inLanguage":"pt-BR","potentialAction":[{"@type":"ReadAction","target":["https:\/\/annaleao.com.br\/site\/o-calor-inverno\/"]}]},{"@type":"ImageObject","inLanguage":"pt-BR","@id":"https:\/\/annaleao.com.br\/site\/o-calor-inverno\/#primaryimage","url":"https:\/\/annaleao.com.br\/site\/wp-content\/uploads\/2017\/06\/lareira.jpg","contentUrl":"https:\/\/annaleao.com.br\/site\/wp-content\/uploads\/2017\/06\/lareira.jpg","width":320,"height":254},{"@type":"BreadcrumbList","@id":"https:\/\/annaleao.com.br\/site\/o-calor-inverno\/#breadcrumb","itemListElement":[{"@type":"ListItem","position":1,"name":"In\u00edcio","item":"https:\/\/annaleao.com.br\/site\/"},{"@type":"ListItem","position":2,"name":"O calor do inverno"}]},{"@type":"WebSite","@id":"https:\/\/annaleao.com.br\/site\/#website","url":"https:\/\/annaleao.com.br\/site\/","name":"ANNA DE LE\u00c3O","description":" Escritora e Terapeuta","potentialAction":[{"@type":"SearchAction","target":{"@type":"EntryPoint","urlTemplate":"https:\/\/annaleao.com.br\/site\/?s={search_term_string}"},"query-input":{"@type":"PropertyValueSpecification","valueRequired":true,"valueName":"search_term_string"}}],"inLanguage":"pt-BR"},{"@type":"Person","@id":"https:\/\/annaleao.com.br\/site\/#\/schema\/person\/c61c763755650f8b56acd76d44c7bc8c","name":"Anna de Le\u00e3o","image":{"@type":"ImageObject","inLanguage":"pt-BR","@id":"https:\/\/annaleao.com.br\/site\/#\/schema\/person\/image\/","url":"https:\/\/secure.gravatar.com\/avatar\/e29860c6ef57760b67570c34e3948ba9de10eb9b2e2f20081d0061a7233daf60?s=96&d=blank&r=g","contentUrl":"https:\/\/secure.gravatar.com\/avatar\/e29860c6ef57760b67570c34e3948ba9de10eb9b2e2f20081d0061a7233daf60?s=96&d=blank&r=g","caption":"Anna de Le\u00e3o"},"sameAs":["http:\/\/www.annaleao.com.br","https:\/\/x.com\/https:\/\/www.instagram.com\/annadeleao"],"url":"https:\/\/annaleao.com.br\/site\/author\/anna\/"}]}},"jetpack_publicize_connections":[],"jetpack_featured_media_url":"https:\/\/annaleao.com.br\/site\/wp-content\/uploads\/2017\/06\/lareira.jpg","jetpack_sharing_enabled":true,"jetpack_shortlink":"https:\/\/wp.me\/p8nt2H-6E","jetpack-related-posts":[],"_links":{"self":[{"href":"https:\/\/annaleao.com.br\/site\/wp-json\/wp\/v2\/posts\/412","targetHints":{"allow":["GET"]}}],"collection":[{"href":"https:\/\/annaleao.com.br\/site\/wp-json\/wp\/v2\/posts"}],"about":[{"href":"https:\/\/annaleao.com.br\/site\/wp-json\/wp\/v2\/types\/post"}],"author":[{"embeddable":true,"href":"https:\/\/annaleao.com.br\/site\/wp-json\/wp\/v2\/users\/2"}],"replies":[{"embeddable":true,"href":"https:\/\/annaleao.com.br\/site\/wp-json\/wp\/v2\/comments?post=412"}],"version-history":[{"count":4,"href":"https:\/\/annaleao.com.br\/site\/wp-json\/wp\/v2\/posts\/412\/revisions"}],"predecessor-version":[{"id":2771,"href":"https:\/\/annaleao.com.br\/site\/wp-json\/wp\/v2\/posts\/412\/revisions\/2771"}],"wp:featuredmedia":[{"embeddable":true,"href":"https:\/\/annaleao.com.br\/site\/wp-json\/wp\/v2\/media\/413"}],"wp:attachment":[{"href":"https:\/\/annaleao.com.br\/site\/wp-json\/wp\/v2\/media?parent=412"}],"wp:term":[{"taxonomy":"category","embeddable":true,"href":"https:\/\/annaleao.com.br\/site\/wp-json\/wp\/v2\/categories?post=412"},{"taxonomy":"post_tag","embeddable":true,"href":"https:\/\/annaleao.com.br\/site\/wp-json\/wp\/v2\/tags?post=412"}],"curies":[{"name":"wp","href":"https:\/\/api.w.org\/{rel}","templated":true}]}}