{"id":493,"date":"2018-03-15T17:55:18","date_gmt":"2018-03-15T17:55:18","guid":{"rendered":"http:\/\/www.annaleao.com.br\/anna\/?p=493"},"modified":"2019-05-13T19:45:32","modified_gmt":"2019-05-13T19:45:32","slug":"o-prazer-de-se-cuidar","status":"publish","type":"post","link":"https:\/\/annaleao.com.br\/site\/o-prazer-de-se-cuidar\/","title":{"rendered":"O prazer de cuidar de si mesma"},"content":{"rendered":"<p>Outro dia acordei cedo morrendo de sono achando que n\u00e3o teria pique para nada durante o dia. Este \u00e9 o resultado de sono atrasado! A princ\u00edpio, devido \u00e0 moleza, pensei em colocar uma roupa qualquer e sair. Mas pensei bem e resolvi n\u00e3o sair de qualquer jeito.<\/p>\n<p>Escolhi cuidadosamente a roupa, maquiei-me, perfumei-me e, de repente, estava com outro \u00e2nimo. Aquela vontade de n\u00e3o fazer nada passou e me vi entusiasmada, tecendo mil possibilidades para aquele dia.<\/p>\n<h4>Tirando o exagero da vaidade e a obsess\u00e3o pela<a href=\"https:\/\/annaleao.com.br\/site\/o-culto-a-forma-perfeita\/\"> forma perfeita<\/a>, \u00e9 muito bom cuidarmos da gente. S\u00e3o de vital import\u00e2ncia nos arrumarmos e nos sentirmos bonitas. Isto faz uma diferen\u00e7a! \u00c9 um presente que damos a n\u00f3s mesmas. Isto eleva a nossa energia, a nossa frequ\u00eancia vibracional, e contribui demais para a nossa autoestima.<\/h4>\n<p>N\u00e3o somos s\u00f3 um corpo, mas somos tamb\u00e9m um corpo. E assim como cuidamos de nossa mente e emo\u00e7\u00f5es (pelo menos assim deveria ser), precisamos cuidar tamb\u00e9m de nossa apar\u00eancia, pois faz parte do nosso ser. Somos um conjunto de diversas partes, podemos dizer. Todos os nossos aspectos devem ser valorizados. O desequil\u00edbrio se d\u00e1 quando negligenciamos ou valorizamos em demasia um aspecto em rela\u00e7\u00e3o a outros. \u00c9 claro que muitas vezes precisamos dar mais aten\u00e7\u00e3o a uma parte de n\u00f3s que esteja capenga, mas isso \u00e9 feito exatamente para nos equilibrarmos.<\/p>\n<p>Nossa apar\u00eancia n\u00e3o deve ser menosprezada. Assim como aprimoramos um talento, evolu\u00edmos espiritualmente atrav\u00e9s do autoconhecimento, cuidamos de nossa sa\u00fade, estudamos assuntos que nos interessam, para nos aperfei\u00e7oarmos em nosso trabalho, ou mesmo em nossa vida, tamb\u00e9m cuidamos de nosso corpo, de nossa apar\u00eancia. Este autocuidado tanto reflete, como conquista a autoestima.<\/p>\n<p>N\u00e3o digo para voc\u00ea ser quem voc\u00ea n\u00e3o \u00e9. Mas dentro da sua pr\u00f3pria autenticidade, tire o melhor de voc\u00ea. Mime-se, cuide de voc\u00ea inteira, se sinta bonita. N\u00e3o negligencie a sua apar\u00eancia porque acha sup\u00e9rfluo, ou n\u00e3o tem tempo, ou mesmo n\u00e3o se acha bonita. Todas n\u00f3s somos bonitas, e esta beleza \u00e9 sentida e externada quando gostamos de n\u00f3s por inteiro, quando valorizamos e cuidamos de cada aspecto nosso.<\/p>\n<h4>Ser mulher \u00e9 sin\u00f4nimo de <a href=\"https:\/\/annaleao.com.br\/site\/a-beleza-de-uma-mulher\/\">beleza<\/a>, e n\u00e3o h\u00e1 vergonha nenhuma nisso, pelo contr\u00e1rio. Todos procuram a beleza no seu sentido mais amplo e abrangente: a beleza na natureza, nas artes, at\u00e9 mesmo num prato de comida. Embora ligada \u00e0 est\u00e9tica, ela a transcende, ali\u00e1s, ela \u00e9 transcendente. Beleza \u00e9 harmonia e equil\u00edbrio, e principalmente amor. Portanto, se ame. Se ame por inteira! Fa\u00e7a isso n\u00e3o se esquecendo de nenhuma parte de si mesma.<\/h4>\n<p>Beleza \u00e9 o que faz nossos olhos brilharem. Por que n\u00e3o se sentir bela, ent\u00e3o? Por que n\u00e3o proporcionar aos outros um pouco de beleza? Por que n\u00e3o se inspirar pela beleza alheia e permitir aos outros que se inspirem tamb\u00e9m com a sua beleza? Assim como eu posso ficar horas apreciando uma obra de arte, ou a beleza do mar com suas \u00e1guas cristalinas, eu tamb\u00e9m me vejo apreciando um homem ou mulher que me encante com sua beleza, sem nenhuma conota\u00e7\u00e3o sexual. Isto \u00e9 outra hist\u00f3ria, e passa por outros canais, podemos dizer assim&#8230;<\/p>\n<p>Voc\u00ea n\u00e3o precisa ser uma beldade, mas a sua pele aveludada, que voc\u00ea resolveu cuidar, ou mesmo o par de brincos que colocou podem dar um colorido todo especial ao dia de algu\u00e9m que n\u00e3o estava muito bem, e a viu passar na rua. E sem sombra de d\u00favida, dar\u00e1 um colorido especial ao seu pr\u00f3prio dia. Experimente fazer isso!<\/p>\n<p>Anna de Le\u00e3o (Favor mencionar autoria e fonte ao reproduzir este artigo)<\/p>\n<p>&nbsp;<\/p>\n","protected":false},"excerpt":{"rendered":"<p>Outro dia acordei cedo morrendo de sono achando que n\u00e3o teria pique para nada durante o dia. Este \u00e9 o resultado de sono atrasado! A princ\u00edpio, devido \u00e0 moleza, pensei em colocar uma roupa qualquer e sair. Mas pensei bem e resolvi n\u00e3o sair de qualquer jeito. Escolhi cuidadosamente a roupa, maquiei-me, perfumei-me e, de repente, estava com outro \u00e2nimo. &hellip; <\/p>\n","protected":false},"author":2,"featured_media":1302,"comment_status":"open","ping_status":"open","sticky":false,"template":"","format":"standard","meta":{"jetpack_post_was_ever_published":false,"_jetpack_newsletter_access":"","_jetpack_dont_email_post_to_subs":false,"_jetpack_newsletter_tier_id":0,"_jetpack_memberships_contains_paywalled_content":false,"_jetpack_memberships_contains_paid_content":false,"footnotes":"","jetpack_publicize_message":"","jetpack_publicize_feature_enabled":true,"jetpack_social_post_already_shared":true,"jetpack_social_options":{"image_generator_settings":{"template":"highway","enabled":false},"version":2}},"categories":[184,157],"tags":[14,137,136,71,138],"class_list":["post-493","post","type-post","status-publish","format-standard","has-post-thumbnail","hentry","category-blog-metamorfose","category-desenvolvimento-pessoal","tag-autoestima","tag-beleza","tag-motivacao","tag-mulher","tag-woman"],"yoast_head":"<!-- This site is optimized with the Yoast SEO plugin v25.2 - https:\/\/yoast.com\/wordpress\/plugins\/seo\/ -->\n<title>O prazer de cuidar de si mesma - ANNA DE LE\u00c3O<\/title>\n<meta name=\"description\" content=\"Cuidar de si mesma - Escolhi cuidadosamente a roupa, maquiei-me, perfumei-me e, de repente, estava com outro \u00e2nimo. Aquela vontade de n\u00e3o fazer nada passou\" \/>\n<meta name=\"robots\" content=\"index, follow, max-snippet:-1, max-image-preview:large, max-video-preview:-1\" \/>\n<link rel=\"canonical\" href=\"https:\/\/annaleao.com.br\/site\/o-prazer-de-se-cuidar\/\" \/>\n<meta property=\"og:locale\" content=\"pt_BR\" \/>\n<meta property=\"og:type\" content=\"article\" \/>\n<meta property=\"og:title\" content=\"O prazer de cuidar de si mesma - ANNA DE LE\u00c3O\" \/>\n<meta property=\"og:description\" content=\"Cuidar de si mesma - Escolhi cuidadosamente a roupa, maquiei-me, perfumei-me e, de repente, estava com outro \u00e2nimo. Aquela vontade de n\u00e3o fazer nada passou\" \/>\n<meta property=\"og:url\" content=\"https:\/\/annaleao.com.br\/site\/o-prazer-de-se-cuidar\/\" \/>\n<meta property=\"og:site_name\" content=\"ANNA DE LE\u00c3O\" \/>\n<meta property=\"article:published_time\" content=\"2018-03-15T17:55:18+00:00\" \/>\n<meta property=\"article:modified_time\" content=\"2019-05-13T19:45:32+00:00\" \/>\n<meta property=\"og:image\" content=\"https:\/\/annaleao.com.br\/site\/wp-content\/uploads\/2018\/01\/EQ_KellyMirror.jpg\" \/>\n\t<meta property=\"og:image:width\" content=\"299\" \/>\n\t<meta property=\"og:image:height\" content=\"400\" \/>\n\t<meta property=\"og:image:type\" content=\"image\/jpeg\" \/>\n<meta name=\"author\" content=\"Anna de Le\u00e3o\" \/>\n<meta name=\"twitter:label1\" content=\"Escrito por\" \/>\n\t<meta name=\"twitter:data1\" content=\"Anna de Le\u00e3o\" \/>\n\t<meta name=\"twitter:label2\" content=\"Est. tempo de leitura\" \/>\n\t<meta name=\"twitter:data2\" content=\"3 minutos\" \/>\n<script type=\"application\/ld+json\" class=\"yoast-schema-graph\">{\"@context\":\"https:\/\/schema.org\",\"@graph\":[{\"@type\":\"WebPage\",\"@id\":\"https:\/\/annaleao.com.br\/site\/o-prazer-de-se-cuidar\/\",\"url\":\"https:\/\/annaleao.com.br\/site\/o-prazer-de-se-cuidar\/\",\"name\":\"O prazer de cuidar de si mesma - ANNA DE LE\u00c3O\",\"isPartOf\":{\"@id\":\"https:\/\/annaleao.com.br\/site\/#website\"},\"primaryImageOfPage\":{\"@id\":\"https:\/\/annaleao.com.br\/site\/o-prazer-de-se-cuidar\/#primaryimage\"},\"image\":{\"@id\":\"https:\/\/annaleao.com.br\/site\/o-prazer-de-se-cuidar\/#primaryimage\"},\"thumbnailUrl\":\"https:\/\/annaleao.com.br\/site\/wp-content\/uploads\/2018\/01\/EQ_KellyMirror.jpg\",\"datePublished\":\"2018-03-15T17:55:18+00:00\",\"dateModified\":\"2019-05-13T19:45:32+00:00\",\"author\":{\"@id\":\"https:\/\/annaleao.com.br\/site\/#\/schema\/person\/c61c763755650f8b56acd76d44c7bc8c\"},\"description\":\"Cuidar de si mesma - Escolhi cuidadosamente a roupa, maquiei-me, perfumei-me e, de repente, estava com outro \u00e2nimo. Aquela vontade de n\u00e3o fazer nada passou\",\"breadcrumb\":{\"@id\":\"https:\/\/annaleao.com.br\/site\/o-prazer-de-se-cuidar\/#breadcrumb\"},\"inLanguage\":\"pt-BR\",\"potentialAction\":[{\"@type\":\"ReadAction\",\"target\":[\"https:\/\/annaleao.com.br\/site\/o-prazer-de-se-cuidar\/\"]}]},{\"@type\":\"ImageObject\",\"inLanguage\":\"pt-BR\",\"@id\":\"https:\/\/annaleao.com.br\/site\/o-prazer-de-se-cuidar\/#primaryimage\",\"url\":\"https:\/\/annaleao.com.br\/site\/wp-content\/uploads\/2018\/01\/EQ_KellyMirror.jpg\",\"contentUrl\":\"https:\/\/annaleao.com.br\/site\/wp-content\/uploads\/2018\/01\/EQ_KellyMirror.jpg\",\"width\":299,\"height\":400},{\"@type\":\"BreadcrumbList\",\"@id\":\"https:\/\/annaleao.com.br\/site\/o-prazer-de-se-cuidar\/#breadcrumb\",\"itemListElement\":[{\"@type\":\"ListItem\",\"position\":1,\"name\":\"In\u00edcio\",\"item\":\"https:\/\/annaleao.com.br\/site\/\"},{\"@type\":\"ListItem\",\"position\":2,\"name\":\"O prazer de cuidar de si mesma\"}]},{\"@type\":\"WebSite\",\"@id\":\"https:\/\/annaleao.com.br\/site\/#website\",\"url\":\"https:\/\/annaleao.com.br\/site\/\",\"name\":\"ANNA DE LE\u00c3O\",\"description\":\" Escritora e Terapeuta\",\"potentialAction\":[{\"@type\":\"SearchAction\",\"target\":{\"@type\":\"EntryPoint\",\"urlTemplate\":\"https:\/\/annaleao.com.br\/site\/?s={search_term_string}\"},\"query-input\":{\"@type\":\"PropertyValueSpecification\",\"valueRequired\":true,\"valueName\":\"search_term_string\"}}],\"inLanguage\":\"pt-BR\"},{\"@type\":\"Person\",\"@id\":\"https:\/\/annaleao.com.br\/site\/#\/schema\/person\/c61c763755650f8b56acd76d44c7bc8c\",\"name\":\"Anna de Le\u00e3o\",\"image\":{\"@type\":\"ImageObject\",\"inLanguage\":\"pt-BR\",\"@id\":\"https:\/\/annaleao.com.br\/site\/#\/schema\/person\/image\/\",\"url\":\"https:\/\/secure.gravatar.com\/avatar\/e29860c6ef57760b67570c34e3948ba9de10eb9b2e2f20081d0061a7233daf60?s=96&d=blank&r=g\",\"contentUrl\":\"https:\/\/secure.gravatar.com\/avatar\/e29860c6ef57760b67570c34e3948ba9de10eb9b2e2f20081d0061a7233daf60?s=96&d=blank&r=g\",\"caption\":\"Anna de Le\u00e3o\"},\"sameAs\":[\"http:\/\/www.annaleao.com.br\",\"https:\/\/x.com\/https:\/\/www.instagram.com\/annadeleao\"],\"url\":\"https:\/\/annaleao.com.br\/site\/author\/anna\/\"}]}<\/script>\n<!-- \/ Yoast SEO plugin. -->","yoast_head_json":{"title":"O prazer de cuidar de si mesma - ANNA DE LE\u00c3O","description":"Cuidar de si mesma - Escolhi cuidadosamente a roupa, maquiei-me, perfumei-me e, de repente, estava com outro \u00e2nimo. Aquela vontade de n\u00e3o fazer nada passou","robots":{"index":"index","follow":"follow","max-snippet":"max-snippet:-1","max-image-preview":"max-image-preview:large","max-video-preview":"max-video-preview:-1"},"canonical":"https:\/\/annaleao.com.br\/site\/o-prazer-de-se-cuidar\/","og_locale":"pt_BR","og_type":"article","og_title":"O prazer de cuidar de si mesma - ANNA DE LE\u00c3O","og_description":"Cuidar de si mesma - Escolhi cuidadosamente a roupa, maquiei-me, perfumei-me e, de repente, estava com outro \u00e2nimo. Aquela vontade de n\u00e3o fazer nada passou","og_url":"https:\/\/annaleao.com.br\/site\/o-prazer-de-se-cuidar\/","og_site_name":"ANNA DE LE\u00c3O","article_published_time":"2018-03-15T17:55:18+00:00","article_modified_time":"2019-05-13T19:45:32+00:00","og_image":[{"width":299,"height":400,"url":"https:\/\/annaleao.com.br\/site\/wp-content\/uploads\/2018\/01\/EQ_KellyMirror.jpg","type":"image\/jpeg"}],"author":"Anna de Le\u00e3o","twitter_misc":{"Escrito por":"Anna de Le\u00e3o","Est. tempo de leitura":"3 minutos"},"schema":{"@context":"https:\/\/schema.org","@graph":[{"@type":"WebPage","@id":"https:\/\/annaleao.com.br\/site\/o-prazer-de-se-cuidar\/","url":"https:\/\/annaleao.com.br\/site\/o-prazer-de-se-cuidar\/","name":"O prazer de cuidar de si mesma - ANNA DE LE\u00c3O","isPartOf":{"@id":"https:\/\/annaleao.com.br\/site\/#website"},"primaryImageOfPage":{"@id":"https:\/\/annaleao.com.br\/site\/o-prazer-de-se-cuidar\/#primaryimage"},"image":{"@id":"https:\/\/annaleao.com.br\/site\/o-prazer-de-se-cuidar\/#primaryimage"},"thumbnailUrl":"https:\/\/annaleao.com.br\/site\/wp-content\/uploads\/2018\/01\/EQ_KellyMirror.jpg","datePublished":"2018-03-15T17:55:18+00:00","dateModified":"2019-05-13T19:45:32+00:00","author":{"@id":"https:\/\/annaleao.com.br\/site\/#\/schema\/person\/c61c763755650f8b56acd76d44c7bc8c"},"description":"Cuidar de si mesma - Escolhi cuidadosamente a roupa, maquiei-me, perfumei-me e, de repente, estava com outro \u00e2nimo. Aquela vontade de n\u00e3o fazer nada passou","breadcrumb":{"@id":"https:\/\/annaleao.com.br\/site\/o-prazer-de-se-cuidar\/#breadcrumb"},"inLanguage":"pt-BR","potentialAction":[{"@type":"ReadAction","target":["https:\/\/annaleao.com.br\/site\/o-prazer-de-se-cuidar\/"]}]},{"@type":"ImageObject","inLanguage":"pt-BR","@id":"https:\/\/annaleao.com.br\/site\/o-prazer-de-se-cuidar\/#primaryimage","url":"https:\/\/annaleao.com.br\/site\/wp-content\/uploads\/2018\/01\/EQ_KellyMirror.jpg","contentUrl":"https:\/\/annaleao.com.br\/site\/wp-content\/uploads\/2018\/01\/EQ_KellyMirror.jpg","width":299,"height":400},{"@type":"BreadcrumbList","@id":"https:\/\/annaleao.com.br\/site\/o-prazer-de-se-cuidar\/#breadcrumb","itemListElement":[{"@type":"ListItem","position":1,"name":"In\u00edcio","item":"https:\/\/annaleao.com.br\/site\/"},{"@type":"ListItem","position":2,"name":"O prazer de cuidar de si mesma"}]},{"@type":"WebSite","@id":"https:\/\/annaleao.com.br\/site\/#website","url":"https:\/\/annaleao.com.br\/site\/","name":"ANNA DE LE\u00c3O","description":" Escritora e Terapeuta","potentialAction":[{"@type":"SearchAction","target":{"@type":"EntryPoint","urlTemplate":"https:\/\/annaleao.com.br\/site\/?s={search_term_string}"},"query-input":{"@type":"PropertyValueSpecification","valueRequired":true,"valueName":"search_term_string"}}],"inLanguage":"pt-BR"},{"@type":"Person","@id":"https:\/\/annaleao.com.br\/site\/#\/schema\/person\/c61c763755650f8b56acd76d44c7bc8c","name":"Anna de Le\u00e3o","image":{"@type":"ImageObject","inLanguage":"pt-BR","@id":"https:\/\/annaleao.com.br\/site\/#\/schema\/person\/image\/","url":"https:\/\/secure.gravatar.com\/avatar\/e29860c6ef57760b67570c34e3948ba9de10eb9b2e2f20081d0061a7233daf60?s=96&d=blank&r=g","contentUrl":"https:\/\/secure.gravatar.com\/avatar\/e29860c6ef57760b67570c34e3948ba9de10eb9b2e2f20081d0061a7233daf60?s=96&d=blank&r=g","caption":"Anna de Le\u00e3o"},"sameAs":["http:\/\/www.annaleao.com.br","https:\/\/x.com\/https:\/\/www.instagram.com\/annadeleao"],"url":"https:\/\/annaleao.com.br\/site\/author\/anna\/"}]}},"jetpack_publicize_connections":[],"jetpack_featured_media_url":"https:\/\/annaleao.com.br\/site\/wp-content\/uploads\/2018\/01\/EQ_KellyMirror.jpg","jetpack_sharing_enabled":true,"jetpack_shortlink":"https:\/\/wp.me\/p8nt2H-7X","jetpack-related-posts":[],"_links":{"self":[{"href":"https:\/\/annaleao.com.br\/site\/wp-json\/wp\/v2\/posts\/493","targetHints":{"allow":["GET"]}}],"collection":[{"href":"https:\/\/annaleao.com.br\/site\/wp-json\/wp\/v2\/posts"}],"about":[{"href":"https:\/\/annaleao.com.br\/site\/wp-json\/wp\/v2\/types\/post"}],"author":[{"embeddable":true,"href":"https:\/\/annaleao.com.br\/site\/wp-json\/wp\/v2\/users\/2"}],"replies":[{"embeddable":true,"href":"https:\/\/annaleao.com.br\/site\/wp-json\/wp\/v2\/comments?post=493"}],"version-history":[{"count":8,"href":"https:\/\/annaleao.com.br\/site\/wp-json\/wp\/v2\/posts\/493\/revisions"}],"predecessor-version":[{"id":2700,"href":"https:\/\/annaleao.com.br\/site\/wp-json\/wp\/v2\/posts\/493\/revisions\/2700"}],"wp:featuredmedia":[{"embeddable":true,"href":"https:\/\/annaleao.com.br\/site\/wp-json\/wp\/v2\/media\/1302"}],"wp:attachment":[{"href":"https:\/\/annaleao.com.br\/site\/wp-json\/wp\/v2\/media?parent=493"}],"wp:term":[{"taxonomy":"category","embeddable":true,"href":"https:\/\/annaleao.com.br\/site\/wp-json\/wp\/v2\/categories?post=493"},{"taxonomy":"post_tag","embeddable":true,"href":"https:\/\/annaleao.com.br\/site\/wp-json\/wp\/v2\/tags?post=493"}],"curies":[{"name":"wp","href":"https:\/\/api.w.org\/{rel}","templated":true}]}}