{"id":699,"date":"2017-06-11T20:21:00","date_gmt":"2017-06-11T20:21:00","guid":{"rendered":"https:\/\/annaleao.com.br\/site\/rabiscos-de-anna\/"},"modified":"2018-11-07T19:11:55","modified_gmt":"2018-11-07T19:11:55","slug":"rabiscos-de-anna","status":"publish","type":"post","link":"https:\/\/annaleao.com.br\/site\/rabiscos-de-anna\/","title":{"rendered":"Sinto que estou mudando&#8230;"},"content":{"rendered":"<div style=\"clear: both; text-align: center;\"><\/div>\n<div style=\"background: white; text-align: justify;\">\n<p>Sinto que estou mudando. Aquela transforma\u00e7\u00e3o sutil, que come\u00e7a do nada, e que, de repente, voc\u00ea olha e se v\u00ea completamente mudada.\u00a0 Sinto-me confort\u00e1vel com esta mudan\u00e7a. Retornando a um lugar onde j\u00e1 estive antes\u2026 S\u00e3o os t\u00e3o falados ciclos\u2026 Mas como nada \u00e9 igual, como a vida evolui e a gente cresce com ela, esses ciclos acontecem em uma oitava superior. S\u00e3o novos tempos, depois de novas viv\u00eancias, de in\u00fameras experi\u00eancias que contribuem para a nossa maturidade.<\/p>\n<p>N\u00e3o acho que ela aconte\u00e7a por fatores ou situa\u00e7\u00f5es externas. A maturidade brota de dentro e induz\u00a0 mais paci\u00eancia, compreens\u00e3o, sabedoria e introspec\u00e7\u00e3o. Esta \u00faltima \u00e9 importante no momento, muito importante. Para o meu trabalho de cria\u00e7\u00e3o, para o meu foco e a minha determina\u00e7\u00e3o. \u00c0s vezes, confesso, tenho me questionado um pouco sobre ela. Talvez com receio de ficar nela para sempre, repetir viv\u00eancias, ciclos. Mas no fundo sei que este tolo receio n\u00e3o \u00e9 real, pois h\u00e1 muito n\u00e3o voltava para casa, para mim mesma. E isto\u00a0\u00a0\u00e9 necess\u00e1rio e natural neste momento.<\/p>\n<p>Sei que estou num ano de prepara\u00e7\u00e3o, de aprimoramento e de total dedica\u00e7\u00e3o a minha arte, a minha escrita, ao meu trabalho. E mergulho nisso com tanto prazer, como mergulho em mim mesma. Claro, somos uma coisa s\u00f3, eu e a minha express\u00e3o.<\/p>\n<p>Muitas coisas t\u00eam ficado em segundo plano. Outras coisas eu estou deixando para tr\u00e1s ou pelo menos em suspens\u00e3o neste momento. Mas \u00e9 preciso. \u00c9 o momento de transi\u00e7\u00e3o, talvez de incuba\u00e7\u00e3o. H\u00e1 muito eu vinha atuando bastante no externo. Est\u00e1 sendo gostosa esta volta para casa. E quero aproveitar o m\u00e1ximo poss\u00edvel, pois sei que depois vir\u00e1 novamente a expans\u00e3o, vou sair para o mundo de novo. Mas dessa vez, munida de cria\u00e7\u00f5es, exportando arte para o mundo, brilhando como o sol que me rege e aquecendo cora\u00e7\u00f5es com o calor das minhas paix\u00f5es.<\/p>\n<div style=\"background-attachment: initial; background-clip: initial; background-image: initial; background-origin: initial; background-position: initial; background-repeat: initial; background-size: initial;\"><span style=\"color: #222222; font-family: inherit;\">\u00a0<\/span><span style=\"color: #222222; font-family: inherit;\">A. L.<\/span><\/div>\n<div style=\"background-attachment: initial; background-clip: initial; background-image: initial; background-origin: initial; background-position: initial; background-repeat: initial; background-size: initial;\"><span style=\"color: #222222; font-family: inherit;\">\u00a0<\/span><\/div>\n<div style=\"background-attachment: initial; background-clip: initial; background-image: initial; background-origin: initial; background-position: initial; background-repeat: initial; background-size: initial;\"><span style=\"color: #222222; font-family: 'arial' , sans-serif;\">\u00a0<\/span><\/div>\n<\/div>\n<div style=\"background: white;\"><span style=\"color: #222222; font-family: 'arial' , 'sans-serif'; font-size: 9.5pt;\"><br \/>\n<\/span><span style=\"color: #222222; font-family: 'arial' , 'sans-serif'; font-size: 9.5pt;\"><br \/>\n<\/span><\/div>\n","protected":false},"excerpt":{"rendered":"<p>Sinto que estou mudando. Aquela transforma\u00e7\u00e3o sutil, que come\u00e7a do nada, e que, de repente, voc\u00ea olha e se v\u00ea completamente mudada.\u00a0 Sinto-me confort\u00e1vel com esta mudan\u00e7a. Retornando a um lugar onde j\u00e1 estive antes\u2026 S\u00e3o os t\u00e3o falados ciclos\u2026 Mas como nada \u00e9 igual, como a vida evolui e a gente cresce com ela, esses ciclos acontecem em uma &hellip; <\/p>\n","protected":false},"author":2,"featured_media":1750,"comment_status":"open","ping_status":"open","sticky":false,"template":"","format":"standard","meta":{"jetpack_post_was_ever_published":false,"_jetpack_newsletter_access":"","_jetpack_dont_email_post_to_subs":false,"_jetpack_newsletter_tier_id":0,"_jetpack_memberships_contains_paywalled_content":false,"_jetpack_memberships_contains_paid_content":false,"footnotes":"","jetpack_publicize_message":"","jetpack_publicize_feature_enabled":true,"jetpack_social_post_already_shared":true,"jetpack_social_options":{"image_generator_settings":{"template":"highway","enabled":false},"version":2}},"categories":[282],"tags":[965,1026,1027,1028,1029,57,1030,86],"class_list":["post-699","post","type-post","status-publish","format-standard","has-post-thumbnail","hentry","category-rabiscos-de-anna","tag-anna-leao","tag-arte","tag-criatividade","tag-escrita","tag-incubacao","tag-introspeccao","tag-rabiscos-de-anna","tag-recolhimento"],"yoast_head":"<!-- This site is optimized with the Yoast SEO plugin v25.2 - https:\/\/yoast.com\/wordpress\/plugins\/seo\/ -->\n<title>Sinto que estou mudando... - ANNA DE LE\u00c3O<\/title>\n<meta name=\"robots\" content=\"index, follow, max-snippet:-1, max-image-preview:large, max-video-preview:-1\" \/>\n<link rel=\"canonical\" href=\"https:\/\/annaleao.com.br\/site\/rabiscos-de-anna\/\" \/>\n<meta property=\"og:locale\" content=\"pt_BR\" \/>\n<meta property=\"og:type\" content=\"article\" \/>\n<meta property=\"og:title\" content=\"Sinto que estou mudando... - ANNA DE LE\u00c3O\" \/>\n<meta property=\"og:description\" content=\"Sinto que estou mudando. Aquela transforma\u00e7\u00e3o sutil, que come\u00e7a do nada, e que, de repente, voc\u00ea olha e se v\u00ea completamente mudada.\u00a0 Sinto-me confort\u00e1vel com esta mudan\u00e7a. Retornando a um lugar onde j\u00e1 estive antes\u2026 S\u00e3o os t\u00e3o falados ciclos\u2026 Mas como nada \u00e9 igual, como a vida evolui e a gente cresce com ela, esses ciclos acontecem em uma &hellip;\" \/>\n<meta property=\"og:url\" content=\"https:\/\/annaleao.com.br\/site\/rabiscos-de-anna\/\" \/>\n<meta property=\"og:site_name\" content=\"ANNA DE LE\u00c3O\" \/>\n<meta property=\"article:published_time\" content=\"2017-06-11T20:21:00+00:00\" \/>\n<meta property=\"article:modified_time\" content=\"2018-11-07T19:11:55+00:00\" \/>\n<meta property=\"og:image\" content=\"https:\/\/annaleao.com.br\/site\/wp-content\/uploads\/2017\/06\/205557_464012153644610_464447070_n.jpg\" \/>\n\t<meta property=\"og:image:width\" content=\"236\" \/>\n\t<meta property=\"og:image:height\" content=\"320\" \/>\n\t<meta property=\"og:image:type\" content=\"image\/jpeg\" \/>\n<meta name=\"author\" content=\"Anna de Le\u00e3o\" \/>\n<meta name=\"twitter:label1\" content=\"Escrito por\" \/>\n\t<meta name=\"twitter:data1\" content=\"Anna de Le\u00e3o\" \/>\n\t<meta name=\"twitter:label2\" content=\"Est. tempo de leitura\" \/>\n\t<meta name=\"twitter:data2\" content=\"2 minutos\" \/>\n<script type=\"application\/ld+json\" class=\"yoast-schema-graph\">{\"@context\":\"https:\/\/schema.org\",\"@graph\":[{\"@type\":\"WebPage\",\"@id\":\"https:\/\/annaleao.com.br\/site\/rabiscos-de-anna\/\",\"url\":\"https:\/\/annaleao.com.br\/site\/rabiscos-de-anna\/\",\"name\":\"Sinto que estou mudando... - ANNA DE LE\u00c3O\",\"isPartOf\":{\"@id\":\"https:\/\/annaleao.com.br\/site\/#website\"},\"primaryImageOfPage\":{\"@id\":\"https:\/\/annaleao.com.br\/site\/rabiscos-de-anna\/#primaryimage\"},\"image\":{\"@id\":\"https:\/\/annaleao.com.br\/site\/rabiscos-de-anna\/#primaryimage\"},\"thumbnailUrl\":\"https:\/\/annaleao.com.br\/site\/wp-content\/uploads\/2017\/06\/205557_464012153644610_464447070_n.jpg\",\"datePublished\":\"2017-06-11T20:21:00+00:00\",\"dateModified\":\"2018-11-07T19:11:55+00:00\",\"author\":{\"@id\":\"https:\/\/annaleao.com.br\/site\/#\/schema\/person\/c61c763755650f8b56acd76d44c7bc8c\"},\"breadcrumb\":{\"@id\":\"https:\/\/annaleao.com.br\/site\/rabiscos-de-anna\/#breadcrumb\"},\"inLanguage\":\"pt-BR\",\"potentialAction\":[{\"@type\":\"ReadAction\",\"target\":[\"https:\/\/annaleao.com.br\/site\/rabiscos-de-anna\/\"]}]},{\"@type\":\"ImageObject\",\"inLanguage\":\"pt-BR\",\"@id\":\"https:\/\/annaleao.com.br\/site\/rabiscos-de-anna\/#primaryimage\",\"url\":\"https:\/\/annaleao.com.br\/site\/wp-content\/uploads\/2017\/06\/205557_464012153644610_464447070_n.jpg\",\"contentUrl\":\"https:\/\/annaleao.com.br\/site\/wp-content\/uploads\/2017\/06\/205557_464012153644610_464447070_n.jpg\",\"width\":236,\"height\":320},{\"@type\":\"BreadcrumbList\",\"@id\":\"https:\/\/annaleao.com.br\/site\/rabiscos-de-anna\/#breadcrumb\",\"itemListElement\":[{\"@type\":\"ListItem\",\"position\":1,\"name\":\"In\u00edcio\",\"item\":\"https:\/\/annaleao.com.br\/site\/\"},{\"@type\":\"ListItem\",\"position\":2,\"name\":\"Sinto que estou mudando&#8230;\"}]},{\"@type\":\"WebSite\",\"@id\":\"https:\/\/annaleao.com.br\/site\/#website\",\"url\":\"https:\/\/annaleao.com.br\/site\/\",\"name\":\"ANNA DE LE\u00c3O\",\"description\":\" Escritora e Terapeuta\",\"potentialAction\":[{\"@type\":\"SearchAction\",\"target\":{\"@type\":\"EntryPoint\",\"urlTemplate\":\"https:\/\/annaleao.com.br\/site\/?s={search_term_string}\"},\"query-input\":{\"@type\":\"PropertyValueSpecification\",\"valueRequired\":true,\"valueName\":\"search_term_string\"}}],\"inLanguage\":\"pt-BR\"},{\"@type\":\"Person\",\"@id\":\"https:\/\/annaleao.com.br\/site\/#\/schema\/person\/c61c763755650f8b56acd76d44c7bc8c\",\"name\":\"Anna de Le\u00e3o\",\"image\":{\"@type\":\"ImageObject\",\"inLanguage\":\"pt-BR\",\"@id\":\"https:\/\/annaleao.com.br\/site\/#\/schema\/person\/image\/\",\"url\":\"https:\/\/secure.gravatar.com\/avatar\/e29860c6ef57760b67570c34e3948ba9de10eb9b2e2f20081d0061a7233daf60?s=96&d=blank&r=g\",\"contentUrl\":\"https:\/\/secure.gravatar.com\/avatar\/e29860c6ef57760b67570c34e3948ba9de10eb9b2e2f20081d0061a7233daf60?s=96&d=blank&r=g\",\"caption\":\"Anna de Le\u00e3o\"},\"sameAs\":[\"http:\/\/www.annaleao.com.br\",\"https:\/\/x.com\/https:\/\/www.instagram.com\/annadeleao\"],\"url\":\"https:\/\/annaleao.com.br\/site\/author\/anna\/\"}]}<\/script>\n<!-- \/ Yoast SEO plugin. -->","yoast_head_json":{"title":"Sinto que estou mudando... - ANNA DE LE\u00c3O","robots":{"index":"index","follow":"follow","max-snippet":"max-snippet:-1","max-image-preview":"max-image-preview:large","max-video-preview":"max-video-preview:-1"},"canonical":"https:\/\/annaleao.com.br\/site\/rabiscos-de-anna\/","og_locale":"pt_BR","og_type":"article","og_title":"Sinto que estou mudando... - ANNA DE LE\u00c3O","og_description":"Sinto que estou mudando. Aquela transforma\u00e7\u00e3o sutil, que come\u00e7a do nada, e que, de repente, voc\u00ea olha e se v\u00ea completamente mudada.\u00a0 Sinto-me confort\u00e1vel com esta mudan\u00e7a. Retornando a um lugar onde j\u00e1 estive antes\u2026 S\u00e3o os t\u00e3o falados ciclos\u2026 Mas como nada \u00e9 igual, como a vida evolui e a gente cresce com ela, esses ciclos acontecem em uma &hellip;","og_url":"https:\/\/annaleao.com.br\/site\/rabiscos-de-anna\/","og_site_name":"ANNA DE LE\u00c3O","article_published_time":"2017-06-11T20:21:00+00:00","article_modified_time":"2018-11-07T19:11:55+00:00","og_image":[{"width":236,"height":320,"url":"https:\/\/annaleao.com.br\/site\/wp-content\/uploads\/2017\/06\/205557_464012153644610_464447070_n.jpg","type":"image\/jpeg"}],"author":"Anna de Le\u00e3o","twitter_misc":{"Escrito por":"Anna de Le\u00e3o","Est. tempo de leitura":"2 minutos"},"schema":{"@context":"https:\/\/schema.org","@graph":[{"@type":"WebPage","@id":"https:\/\/annaleao.com.br\/site\/rabiscos-de-anna\/","url":"https:\/\/annaleao.com.br\/site\/rabiscos-de-anna\/","name":"Sinto que estou mudando... - ANNA DE LE\u00c3O","isPartOf":{"@id":"https:\/\/annaleao.com.br\/site\/#website"},"primaryImageOfPage":{"@id":"https:\/\/annaleao.com.br\/site\/rabiscos-de-anna\/#primaryimage"},"image":{"@id":"https:\/\/annaleao.com.br\/site\/rabiscos-de-anna\/#primaryimage"},"thumbnailUrl":"https:\/\/annaleao.com.br\/site\/wp-content\/uploads\/2017\/06\/205557_464012153644610_464447070_n.jpg","datePublished":"2017-06-11T20:21:00+00:00","dateModified":"2018-11-07T19:11:55+00:00","author":{"@id":"https:\/\/annaleao.com.br\/site\/#\/schema\/person\/c61c763755650f8b56acd76d44c7bc8c"},"breadcrumb":{"@id":"https:\/\/annaleao.com.br\/site\/rabiscos-de-anna\/#breadcrumb"},"inLanguage":"pt-BR","potentialAction":[{"@type":"ReadAction","target":["https:\/\/annaleao.com.br\/site\/rabiscos-de-anna\/"]}]},{"@type":"ImageObject","inLanguage":"pt-BR","@id":"https:\/\/annaleao.com.br\/site\/rabiscos-de-anna\/#primaryimage","url":"https:\/\/annaleao.com.br\/site\/wp-content\/uploads\/2017\/06\/205557_464012153644610_464447070_n.jpg","contentUrl":"https:\/\/annaleao.com.br\/site\/wp-content\/uploads\/2017\/06\/205557_464012153644610_464447070_n.jpg","width":236,"height":320},{"@type":"BreadcrumbList","@id":"https:\/\/annaleao.com.br\/site\/rabiscos-de-anna\/#breadcrumb","itemListElement":[{"@type":"ListItem","position":1,"name":"In\u00edcio","item":"https:\/\/annaleao.com.br\/site\/"},{"@type":"ListItem","position":2,"name":"Sinto que estou mudando&#8230;"}]},{"@type":"WebSite","@id":"https:\/\/annaleao.com.br\/site\/#website","url":"https:\/\/annaleao.com.br\/site\/","name":"ANNA DE LE\u00c3O","description":" Escritora e Terapeuta","potentialAction":[{"@type":"SearchAction","target":{"@type":"EntryPoint","urlTemplate":"https:\/\/annaleao.com.br\/site\/?s={search_term_string}"},"query-input":{"@type":"PropertyValueSpecification","valueRequired":true,"valueName":"search_term_string"}}],"inLanguage":"pt-BR"},{"@type":"Person","@id":"https:\/\/annaleao.com.br\/site\/#\/schema\/person\/c61c763755650f8b56acd76d44c7bc8c","name":"Anna de Le\u00e3o","image":{"@type":"ImageObject","inLanguage":"pt-BR","@id":"https:\/\/annaleao.com.br\/site\/#\/schema\/person\/image\/","url":"https:\/\/secure.gravatar.com\/avatar\/e29860c6ef57760b67570c34e3948ba9de10eb9b2e2f20081d0061a7233daf60?s=96&d=blank&r=g","contentUrl":"https:\/\/secure.gravatar.com\/avatar\/e29860c6ef57760b67570c34e3948ba9de10eb9b2e2f20081d0061a7233daf60?s=96&d=blank&r=g","caption":"Anna de Le\u00e3o"},"sameAs":["http:\/\/www.annaleao.com.br","https:\/\/x.com\/https:\/\/www.instagram.com\/annadeleao"],"url":"https:\/\/annaleao.com.br\/site\/author\/anna\/"}]}},"jetpack_publicize_connections":[],"jetpack_featured_media_url":"https:\/\/annaleao.com.br\/site\/wp-content\/uploads\/2017\/06\/205557_464012153644610_464447070_n.jpg","jetpack_sharing_enabled":true,"jetpack_shortlink":"https:\/\/wp.me\/p8nt2H-bh","jetpack-related-posts":[],"_links":{"self":[{"href":"https:\/\/annaleao.com.br\/site\/wp-json\/wp\/v2\/posts\/699","targetHints":{"allow":["GET"]}}],"collection":[{"href":"https:\/\/annaleao.com.br\/site\/wp-json\/wp\/v2\/posts"}],"about":[{"href":"https:\/\/annaleao.com.br\/site\/wp-json\/wp\/v2\/types\/post"}],"author":[{"embeddable":true,"href":"https:\/\/annaleao.com.br\/site\/wp-json\/wp\/v2\/users\/2"}],"replies":[{"embeddable":true,"href":"https:\/\/annaleao.com.br\/site\/wp-json\/wp\/v2\/comments?post=699"}],"version-history":[{"count":6,"href":"https:\/\/annaleao.com.br\/site\/wp-json\/wp\/v2\/posts\/699\/revisions"}],"predecessor-version":[{"id":1866,"href":"https:\/\/annaleao.com.br\/site\/wp-json\/wp\/v2\/posts\/699\/revisions\/1866"}],"wp:featuredmedia":[{"embeddable":true,"href":"https:\/\/annaleao.com.br\/site\/wp-json\/wp\/v2\/media\/1750"}],"wp:attachment":[{"href":"https:\/\/annaleao.com.br\/site\/wp-json\/wp\/v2\/media?parent=699"}],"wp:term":[{"taxonomy":"category","embeddable":true,"href":"https:\/\/annaleao.com.br\/site\/wp-json\/wp\/v2\/categories?post=699"},{"taxonomy":"post_tag","embeddable":true,"href":"https:\/\/annaleao.com.br\/site\/wp-json\/wp\/v2\/tags?post=699"}],"curies":[{"name":"wp","href":"https:\/\/api.w.org\/{rel}","templated":true}]}}