{"id":735,"date":"2013-07-21T18:08:00","date_gmt":"2013-07-21T18:08:00","guid":{"rendered":"https:\/\/annaleao.com.br\/site\/meu-mundo-onirico\/"},"modified":"2018-11-08T18:21:08","modified_gmt":"2018-11-08T18:21:08","slug":"meu-mundo-onirico","status":"publish","type":"post","link":"https:\/\/annaleao.com.br\/site\/meu-mundo-onirico\/","title":{"rendered":"Meu mundo on\u00edrico&#8230;"},"content":{"rendered":"<div style=\"clear: both; text-align: center;\"><\/div>\n<div><\/div>\n<div><\/div>\n<div style=\"text-align: center;\">\u00c9 t\u00e3o bom sonhar&#8230;<\/div>\n<div style=\"text-align: center;\">Me libertar dos afazeres, dos desprazeres, das preocupa\u00e7\u00f5es que a via nos traz<\/div>\n<div style=\"text-align: center;\">Prefiro adentrar o mundo dos sonhos<\/div>\n<div style=\"text-align: center;\">Deixar as imagens virem,\u00a0 as ideias brotarem, o cora\u00e7\u00e3o falar e as l\u00e1grimas escorrerem<\/div>\n<div style=\"text-align: center;\"><\/div>\n<div style=\"text-align: center;\">Prefiro imaginar a vida perfeita, o homem perfeito, a rela\u00e7\u00e3o perfeita<\/div>\n<div style=\"text-align: center;\">Mesmo sabendo que nada disso existe<\/div>\n<div style=\"text-align: center;\">Prefiro dan\u00e7ar com as sombras e com a luz e abra\u00e7\u00e1-las plenamente<\/div>\n<div style=\"text-align: center;\">Sabendo que elas s\u00e3o eu, est\u00e3o em mim, me fazem existir<\/div>\n<div style=\"text-align: center;\"><\/div>\n<div style=\"text-align: center;\">\u00c9 t\u00e3o bom sonhar&#8230;e relaxar<\/div>\n<div style=\"text-align: center;\">Vibrar, derreter-me, libertar-me<\/div>\n<div style=\"text-align: center;\">E caminhar pelo meu mundo, aquele que s\u00f3 eu conhe\u00e7o<\/div>\n<div style=\"text-align: center;\">Aquele que \u00e9 s\u00f3 meu e de mais ningu\u00e9m<\/div>\n<div style=\"text-align: center;\">Aquele que me faz sentir mais viva do que nunca,<\/div>\n<div style=\"text-align: center;\">Atemporal, magistral, espiritual<\/div>\n<div style=\"text-align: center;\"><\/div>\n<div style=\"text-align: center;\">Meu mundo interno<\/div>\n<div style=\"text-align: center;\">Meu mundo dos sonhos<\/div>\n<div style=\"text-align: center;\">Meu mundo de amor<\/div>\n<div style=\"text-align: center;\"><\/div>\n<div><\/div>\n<div style=\"text-align: center;\">Anna Le\u00e3o (favor mencionar a autoria ao reproduzir esse poema)<\/div>\n","protected":false},"excerpt":{"rendered":"<p>\u00c9 t\u00e3o bom sonhar&#8230; Me libertar dos afazeres, dos desprazeres, das preocupa\u00e7\u00f5es que a via nos traz Prefiro adentrar o mundo dos sonhos Deixar as imagens virem,\u00a0 as ideias brotarem, o cora\u00e7\u00e3o falar e as l\u00e1grimas escorrerem Prefiro imaginar a vida perfeita, o homem perfeito, a rela\u00e7\u00e3o perfeita Mesmo sabendo que nada disso existe Prefiro dan\u00e7ar com as sombras e &hellip; <\/p>\n","protected":false},"author":2,"featured_media":1712,"comment_status":"open","ping_status":"open","sticky":false,"template":"","format":"standard","meta":{"jetpack_post_was_ever_published":false,"_jetpack_newsletter_access":"","_jetpack_dont_email_post_to_subs":false,"_jetpack_newsletter_tier_id":0,"_jetpack_memberships_contains_paywalled_content":false,"_jetpack_memberships_contains_paid_content":false,"footnotes":"","jetpack_publicize_message":"","jetpack_publicize_feature_enabled":true,"jetpack_social_post_already_shared":true,"jetpack_social_options":{"image_generator_settings":{"template":"highway","enabled":false},"version":2}},"categories":[183],"tags":[965,977,976,973,974,1018,975,978],"class_list":["post-735","post","type-post","status-publish","format-standard","has-post-thumbnail","hentry","category-poema","tag-anna-leao","tag-blog-metamorfose","tag-poem","tag-poema","tag-poesia","tag-poetas","tag-poetisa","tag-poetry"],"yoast_head":"<!-- This site is optimized with the Yoast SEO plugin v25.2 - https:\/\/yoast.com\/wordpress\/plugins\/seo\/ -->\n<title>Meu mundo on\u00edrico... - ANNA DE LE\u00c3O<\/title>\n<meta name=\"robots\" content=\"index, follow, max-snippet:-1, max-image-preview:large, max-video-preview:-1\" \/>\n<link rel=\"canonical\" href=\"https:\/\/annaleao.com.br\/site\/meu-mundo-onirico\/\" \/>\n<meta property=\"og:locale\" content=\"pt_BR\" \/>\n<meta property=\"og:type\" content=\"article\" \/>\n<meta property=\"og:title\" content=\"Meu mundo on\u00edrico... - ANNA DE LE\u00c3O\" \/>\n<meta property=\"og:description\" content=\"\u00c9 t\u00e3o bom sonhar&#8230; Me libertar dos afazeres, dos desprazeres, das preocupa\u00e7\u00f5es que a via nos traz Prefiro adentrar o mundo dos sonhos Deixar as imagens virem,\u00a0 as ideias brotarem, o cora\u00e7\u00e3o falar e as l\u00e1grimas escorrerem Prefiro imaginar a vida perfeita, o homem perfeito, a rela\u00e7\u00e3o perfeita Mesmo sabendo que nada disso existe Prefiro dan\u00e7ar com as sombras e &hellip;\" \/>\n<meta property=\"og:url\" content=\"https:\/\/annaleao.com.br\/site\/meu-mundo-onirico\/\" \/>\n<meta property=\"og:site_name\" content=\"ANNA DE LE\u00c3O\" \/>\n<meta property=\"article:published_time\" content=\"2013-07-21T18:08:00+00:00\" \/>\n<meta property=\"article:modified_time\" content=\"2018-11-08T18:21:08+00:00\" \/>\n<meta property=\"og:image\" content=\"https:\/\/annaleao.com.br\/site\/wp-content\/uploads\/2013\/07\/sonhos.jpg\" \/>\n\t<meta property=\"og:image:width\" content=\"400\" \/>\n\t<meta property=\"og:image:height\" content=\"317\" \/>\n\t<meta property=\"og:image:type\" content=\"image\/jpeg\" \/>\n<meta name=\"author\" content=\"Anna de Le\u00e3o\" \/>\n<meta name=\"twitter:label1\" content=\"Escrito por\" \/>\n\t<meta name=\"twitter:data1\" content=\"Anna de Le\u00e3o\" \/>\n\t<meta name=\"twitter:label2\" content=\"Est. tempo de leitura\" \/>\n\t<meta name=\"twitter:data2\" content=\"1 minuto\" \/>\n<script type=\"application\/ld+json\" class=\"yoast-schema-graph\">{\"@context\":\"https:\/\/schema.org\",\"@graph\":[{\"@type\":\"WebPage\",\"@id\":\"https:\/\/annaleao.com.br\/site\/meu-mundo-onirico\/\",\"url\":\"https:\/\/annaleao.com.br\/site\/meu-mundo-onirico\/\",\"name\":\"Meu mundo on\u00edrico... - ANNA DE LE\u00c3O\",\"isPartOf\":{\"@id\":\"https:\/\/annaleao.com.br\/site\/#website\"},\"primaryImageOfPage\":{\"@id\":\"https:\/\/annaleao.com.br\/site\/meu-mundo-onirico\/#primaryimage\"},\"image\":{\"@id\":\"https:\/\/annaleao.com.br\/site\/meu-mundo-onirico\/#primaryimage\"},\"thumbnailUrl\":\"https:\/\/annaleao.com.br\/site\/wp-content\/uploads\/2013\/07\/sonhos.jpg\",\"datePublished\":\"2013-07-21T18:08:00+00:00\",\"dateModified\":\"2018-11-08T18:21:08+00:00\",\"author\":{\"@id\":\"https:\/\/annaleao.com.br\/site\/#\/schema\/person\/c61c763755650f8b56acd76d44c7bc8c\"},\"breadcrumb\":{\"@id\":\"https:\/\/annaleao.com.br\/site\/meu-mundo-onirico\/#breadcrumb\"},\"inLanguage\":\"pt-BR\",\"potentialAction\":[{\"@type\":\"ReadAction\",\"target\":[\"https:\/\/annaleao.com.br\/site\/meu-mundo-onirico\/\"]}]},{\"@type\":\"ImageObject\",\"inLanguage\":\"pt-BR\",\"@id\":\"https:\/\/annaleao.com.br\/site\/meu-mundo-onirico\/#primaryimage\",\"url\":\"https:\/\/annaleao.com.br\/site\/wp-content\/uploads\/2013\/07\/sonhos.jpg\",\"contentUrl\":\"https:\/\/annaleao.com.br\/site\/wp-content\/uploads\/2013\/07\/sonhos.jpg\",\"width\":400,\"height\":317},{\"@type\":\"BreadcrumbList\",\"@id\":\"https:\/\/annaleao.com.br\/site\/meu-mundo-onirico\/#breadcrumb\",\"itemListElement\":[{\"@type\":\"ListItem\",\"position\":1,\"name\":\"In\u00edcio\",\"item\":\"https:\/\/annaleao.com.br\/site\/\"},{\"@type\":\"ListItem\",\"position\":2,\"name\":\"Meu mundo on\u00edrico&#8230;\"}]},{\"@type\":\"WebSite\",\"@id\":\"https:\/\/annaleao.com.br\/site\/#website\",\"url\":\"https:\/\/annaleao.com.br\/site\/\",\"name\":\"ANNA DE LE\u00c3O\",\"description\":\" Escritora e Terapeuta\",\"potentialAction\":[{\"@type\":\"SearchAction\",\"target\":{\"@type\":\"EntryPoint\",\"urlTemplate\":\"https:\/\/annaleao.com.br\/site\/?s={search_term_string}\"},\"query-input\":{\"@type\":\"PropertyValueSpecification\",\"valueRequired\":true,\"valueName\":\"search_term_string\"}}],\"inLanguage\":\"pt-BR\"},{\"@type\":\"Person\",\"@id\":\"https:\/\/annaleao.com.br\/site\/#\/schema\/person\/c61c763755650f8b56acd76d44c7bc8c\",\"name\":\"Anna de Le\u00e3o\",\"image\":{\"@type\":\"ImageObject\",\"inLanguage\":\"pt-BR\",\"@id\":\"https:\/\/annaleao.com.br\/site\/#\/schema\/person\/image\/\",\"url\":\"https:\/\/secure.gravatar.com\/avatar\/e29860c6ef57760b67570c34e3948ba9de10eb9b2e2f20081d0061a7233daf60?s=96&d=blank&r=g\",\"contentUrl\":\"https:\/\/secure.gravatar.com\/avatar\/e29860c6ef57760b67570c34e3948ba9de10eb9b2e2f20081d0061a7233daf60?s=96&d=blank&r=g\",\"caption\":\"Anna de Le\u00e3o\"},\"sameAs\":[\"http:\/\/www.annaleao.com.br\",\"https:\/\/x.com\/https:\/\/www.instagram.com\/annadeleao\"],\"url\":\"https:\/\/annaleao.com.br\/site\/author\/anna\/\"}]}<\/script>\n<!-- \/ Yoast SEO plugin. -->","yoast_head_json":{"title":"Meu mundo on\u00edrico... - ANNA DE LE\u00c3O","robots":{"index":"index","follow":"follow","max-snippet":"max-snippet:-1","max-image-preview":"max-image-preview:large","max-video-preview":"max-video-preview:-1"},"canonical":"https:\/\/annaleao.com.br\/site\/meu-mundo-onirico\/","og_locale":"pt_BR","og_type":"article","og_title":"Meu mundo on\u00edrico... - ANNA DE LE\u00c3O","og_description":"\u00c9 t\u00e3o bom sonhar&#8230; Me libertar dos afazeres, dos desprazeres, das preocupa\u00e7\u00f5es que a via nos traz Prefiro adentrar o mundo dos sonhos Deixar as imagens virem,\u00a0 as ideias brotarem, o cora\u00e7\u00e3o falar e as l\u00e1grimas escorrerem Prefiro imaginar a vida perfeita, o homem perfeito, a rela\u00e7\u00e3o perfeita Mesmo sabendo que nada disso existe Prefiro dan\u00e7ar com as sombras e &hellip;","og_url":"https:\/\/annaleao.com.br\/site\/meu-mundo-onirico\/","og_site_name":"ANNA DE LE\u00c3O","article_published_time":"2013-07-21T18:08:00+00:00","article_modified_time":"2018-11-08T18:21:08+00:00","og_image":[{"width":400,"height":317,"url":"https:\/\/annaleao.com.br\/site\/wp-content\/uploads\/2013\/07\/sonhos.jpg","type":"image\/jpeg"}],"author":"Anna de Le\u00e3o","twitter_misc":{"Escrito por":"Anna de Le\u00e3o","Est. tempo de leitura":"1 minuto"},"schema":{"@context":"https:\/\/schema.org","@graph":[{"@type":"WebPage","@id":"https:\/\/annaleao.com.br\/site\/meu-mundo-onirico\/","url":"https:\/\/annaleao.com.br\/site\/meu-mundo-onirico\/","name":"Meu mundo on\u00edrico... - ANNA DE LE\u00c3O","isPartOf":{"@id":"https:\/\/annaleao.com.br\/site\/#website"},"primaryImageOfPage":{"@id":"https:\/\/annaleao.com.br\/site\/meu-mundo-onirico\/#primaryimage"},"image":{"@id":"https:\/\/annaleao.com.br\/site\/meu-mundo-onirico\/#primaryimage"},"thumbnailUrl":"https:\/\/annaleao.com.br\/site\/wp-content\/uploads\/2013\/07\/sonhos.jpg","datePublished":"2013-07-21T18:08:00+00:00","dateModified":"2018-11-08T18:21:08+00:00","author":{"@id":"https:\/\/annaleao.com.br\/site\/#\/schema\/person\/c61c763755650f8b56acd76d44c7bc8c"},"breadcrumb":{"@id":"https:\/\/annaleao.com.br\/site\/meu-mundo-onirico\/#breadcrumb"},"inLanguage":"pt-BR","potentialAction":[{"@type":"ReadAction","target":["https:\/\/annaleao.com.br\/site\/meu-mundo-onirico\/"]}]},{"@type":"ImageObject","inLanguage":"pt-BR","@id":"https:\/\/annaleao.com.br\/site\/meu-mundo-onirico\/#primaryimage","url":"https:\/\/annaleao.com.br\/site\/wp-content\/uploads\/2013\/07\/sonhos.jpg","contentUrl":"https:\/\/annaleao.com.br\/site\/wp-content\/uploads\/2013\/07\/sonhos.jpg","width":400,"height":317},{"@type":"BreadcrumbList","@id":"https:\/\/annaleao.com.br\/site\/meu-mundo-onirico\/#breadcrumb","itemListElement":[{"@type":"ListItem","position":1,"name":"In\u00edcio","item":"https:\/\/annaleao.com.br\/site\/"},{"@type":"ListItem","position":2,"name":"Meu mundo on\u00edrico&#8230;"}]},{"@type":"WebSite","@id":"https:\/\/annaleao.com.br\/site\/#website","url":"https:\/\/annaleao.com.br\/site\/","name":"ANNA DE LE\u00c3O","description":" Escritora e Terapeuta","potentialAction":[{"@type":"SearchAction","target":{"@type":"EntryPoint","urlTemplate":"https:\/\/annaleao.com.br\/site\/?s={search_term_string}"},"query-input":{"@type":"PropertyValueSpecification","valueRequired":true,"valueName":"search_term_string"}}],"inLanguage":"pt-BR"},{"@type":"Person","@id":"https:\/\/annaleao.com.br\/site\/#\/schema\/person\/c61c763755650f8b56acd76d44c7bc8c","name":"Anna de Le\u00e3o","image":{"@type":"ImageObject","inLanguage":"pt-BR","@id":"https:\/\/annaleao.com.br\/site\/#\/schema\/person\/image\/","url":"https:\/\/secure.gravatar.com\/avatar\/e29860c6ef57760b67570c34e3948ba9de10eb9b2e2f20081d0061a7233daf60?s=96&d=blank&r=g","contentUrl":"https:\/\/secure.gravatar.com\/avatar\/e29860c6ef57760b67570c34e3948ba9de10eb9b2e2f20081d0061a7233daf60?s=96&d=blank&r=g","caption":"Anna de Le\u00e3o"},"sameAs":["http:\/\/www.annaleao.com.br","https:\/\/x.com\/https:\/\/www.instagram.com\/annadeleao"],"url":"https:\/\/annaleao.com.br\/site\/author\/anna\/"}]}},"jetpack_publicize_connections":[],"jetpack_featured_media_url":"https:\/\/annaleao.com.br\/site\/wp-content\/uploads\/2013\/07\/sonhos.jpg","jetpack_sharing_enabled":true,"jetpack_shortlink":"https:\/\/wp.me\/p8nt2H-bR","jetpack-related-posts":[],"_links":{"self":[{"href":"https:\/\/annaleao.com.br\/site\/wp-json\/wp\/v2\/posts\/735","targetHints":{"allow":["GET"]}}],"collection":[{"href":"https:\/\/annaleao.com.br\/site\/wp-json\/wp\/v2\/posts"}],"about":[{"href":"https:\/\/annaleao.com.br\/site\/wp-json\/wp\/v2\/types\/post"}],"author":[{"embeddable":true,"href":"https:\/\/annaleao.com.br\/site\/wp-json\/wp\/v2\/users\/2"}],"replies":[{"embeddable":true,"href":"https:\/\/annaleao.com.br\/site\/wp-json\/wp\/v2\/comments?post=735"}],"version-history":[{"count":3,"href":"https:\/\/annaleao.com.br\/site\/wp-json\/wp\/v2\/posts\/735\/revisions"}],"predecessor-version":[{"id":1714,"href":"https:\/\/annaleao.com.br\/site\/wp-json\/wp\/v2\/posts\/735\/revisions\/1714"}],"wp:featuredmedia":[{"embeddable":true,"href":"https:\/\/annaleao.com.br\/site\/wp-json\/wp\/v2\/media\/1712"}],"wp:attachment":[{"href":"https:\/\/annaleao.com.br\/site\/wp-json\/wp\/v2\/media?parent=735"}],"wp:term":[{"taxonomy":"category","embeddable":true,"href":"https:\/\/annaleao.com.br\/site\/wp-json\/wp\/v2\/categories?post=735"},{"taxonomy":"post_tag","embeddable":true,"href":"https:\/\/annaleao.com.br\/site\/wp-json\/wp\/v2\/tags?post=735"}],"curies":[{"name":"wp","href":"https:\/\/api.w.org\/{rel}","templated":true}]}}