{"id":749,"date":"2012-11-21T19:44:00","date_gmt":"2012-11-21T19:44:00","guid":{"rendered":"https:\/\/annaleao.com.br\/site\/a-rainha-da-floresta-2013\/"},"modified":"2019-03-13T21:09:45","modified_gmt":"2019-03-13T21:09:45","slug":"a-rainha-da-floresta-2013","status":"publish","type":"post","link":"https:\/\/annaleao.com.br\/site\/a-rainha-da-floresta-2013\/","title":{"rendered":"A Rainha da Floresta &#8211; 2013"},"content":{"rendered":"<h4>Em primeira m\u00e3o, a capa de &#8220;A Rainha da Floresta&#8221;, que ser\u00e1 lan\u00e7ado em 2013 pela MODO Editora Tradicional. A trilogia reunida em um \u00fanico volume!!!<\/h4>\n<div>Esta \u00e9 a hist\u00f3ria de Ana\u00eds, a princesa herdeira do Reino das Joias, que se descobre uma bruxa. Por conta disso, ela se v\u00ea obrigada a fugir do reino no dia de seu noivado, refugiando-se na Floresta da Lua, v\u00edtima de uma antiga maldi\u00e7\u00e3o que secou a floresta transformando-a num lugar sombrio e sem magia. Ana\u00eds era a \u00fanica que poderia quebrar a maldi\u00e7\u00e3o e era h\u00e1 muito tempo esperada pelo povo da floresta.<\/div>\n<p>&nbsp;<br \/>\nNa floresta da Lua, nossa hero\u00edna inicia uma grande aventura indo do Reino da Terra ao Reino do C\u00e9u e conhecendo a magia do verdadeiro amor. Todo seu poder \u00e9 posto \u00e0 prova quando uma luta \u00e9 travada entre ela e a enigm\u00e1tica Fri\u00faza, em meio \u00e0 invas\u00e3o da floresta pelos soldados do Reino das Joias.<br \/>\n&nbsp;<br \/>\nA obra \u00e9 a reuni\u00e3o da trilogia que neste volume \u00fanico est\u00e1 dividida em tr\u00eas Tomos: A Floresta da Lua, A Deusa da Terra e O Casamento Sagrado.<br \/>\n&nbsp;<br \/>\nMais informa\u00e7\u00f5es sobre a obra clique<a href=\"https:\/\/annaleao.com.br\/site\/livro-de-fantasia-a-rainha-da-floresta\/\"> AQUI<\/a><\/p>\n<p>&nbsp;<\/p>\n","protected":false},"excerpt":{"rendered":"<p>Em primeira m\u00e3o, a capa de &#8220;A Rainha da Floresta&#8221;, que ser\u00e1 lan\u00e7ado em 2013 pela MODO Editora Tradicional. A trilogia reunida em um \u00fanico volume!!! Esta \u00e9 a hist\u00f3ria de Ana\u00eds, a princesa herdeira do Reino das Joias, que se descobre uma bruxa. Por conta disso, ela se v\u00ea obrigada a fugir do reino no dia de seu noivado, &hellip; <\/p>\n","protected":false},"author":2,"featured_media":169,"comment_status":"open","ping_status":"open","sticky":false,"template":"","format":"standard","meta":{"jetpack_post_was_ever_published":false,"_jetpack_newsletter_access":"","_jetpack_dont_email_post_to_subs":false,"_jetpack_newsletter_tier_id":0,"_jetpack_memberships_contains_paywalled_content":false,"_jetpack_memberships_contains_paid_content":false,"footnotes":"","jetpack_publicize_message":"","jetpack_publicize_feature_enabled":true,"jetpack_social_post_already_shared":true,"jetpack_social_options":{"image_generator_settings":{"template":"highway","enabled":false},"version":2}},"categories":[174,1161],"tags":[],"class_list":["post-749","post","type-post","status-publish","format-standard","has-post-thumbnail","hentry","category-a-rainha-da-floresta","category-anna-de-leao"],"yoast_head":"<!-- This site is optimized with the Yoast SEO plugin v25.2 - https:\/\/yoast.com\/wordpress\/plugins\/seo\/ -->\n<title>A Rainha da Floresta - 2013 - ANNA DE LE\u00c3O<\/title>\n<meta name=\"description\" content=\"Em primeira m\u00e3o, a capa de &quot;A Rainha da Floresta&quot;, que ser\u00e1 lan\u00e7ado em 2013 pela MODO Editora Tradicional. A trilogia reunida em um \u00fanico volume!!!\" \/>\n<meta name=\"robots\" content=\"index, follow, max-snippet:-1, max-image-preview:large, max-video-preview:-1\" \/>\n<link rel=\"canonical\" href=\"https:\/\/annaleao.com.br\/site\/a-rainha-da-floresta-2013\/\" \/>\n<meta property=\"og:locale\" content=\"pt_BR\" \/>\n<meta property=\"og:type\" content=\"article\" \/>\n<meta property=\"og:title\" content=\"A Rainha da Floresta - 2013 - ANNA DE LE\u00c3O\" \/>\n<meta property=\"og:description\" content=\"Em primeira m\u00e3o, a capa de &quot;A Rainha da Floresta&quot;, que ser\u00e1 lan\u00e7ado em 2013 pela MODO Editora Tradicional. A trilogia reunida em um \u00fanico volume!!!\" \/>\n<meta property=\"og:url\" content=\"https:\/\/annaleao.com.br\/site\/a-rainha-da-floresta-2013\/\" \/>\n<meta property=\"og:site_name\" content=\"ANNA DE LE\u00c3O\" \/>\n<meta property=\"article:published_time\" content=\"2012-11-21T19:44:00+00:00\" \/>\n<meta property=\"article:modified_time\" content=\"2019-03-13T21:09:45+00:00\" \/>\n<meta property=\"og:image\" content=\"https:\/\/annaleao.com.br\/site\/wp-content\/uploads\/2017\/02\/saga.jpg\" \/>\n\t<meta property=\"og:image:width\" content=\"200\" \/>\n\t<meta property=\"og:image:height\" content=\"300\" \/>\n\t<meta property=\"og:image:type\" content=\"image\/jpeg\" \/>\n<meta name=\"author\" content=\"Anna de Le\u00e3o\" \/>\n<meta name=\"twitter:label1\" content=\"Escrito por\" \/>\n\t<meta name=\"twitter:data1\" content=\"Anna de Le\u00e3o\" \/>\n\t<meta name=\"twitter:label2\" content=\"Est. tempo de leitura\" \/>\n\t<meta name=\"twitter:data2\" content=\"1 minuto\" \/>\n<script type=\"application\/ld+json\" class=\"yoast-schema-graph\">{\"@context\":\"https:\/\/schema.org\",\"@graph\":[{\"@type\":\"WebPage\",\"@id\":\"https:\/\/annaleao.com.br\/site\/a-rainha-da-floresta-2013\/\",\"url\":\"https:\/\/annaleao.com.br\/site\/a-rainha-da-floresta-2013\/\",\"name\":\"A Rainha da Floresta - 2013 - ANNA DE LE\u00c3O\",\"isPartOf\":{\"@id\":\"https:\/\/annaleao.com.br\/site\/#website\"},\"primaryImageOfPage\":{\"@id\":\"https:\/\/annaleao.com.br\/site\/a-rainha-da-floresta-2013\/#primaryimage\"},\"image\":{\"@id\":\"https:\/\/annaleao.com.br\/site\/a-rainha-da-floresta-2013\/#primaryimage\"},\"thumbnailUrl\":\"https:\/\/annaleao.com.br\/site\/wp-content\/uploads\/2017\/02\/saga.jpg\",\"datePublished\":\"2012-11-21T19:44:00+00:00\",\"dateModified\":\"2019-03-13T21:09:45+00:00\",\"author\":{\"@id\":\"https:\/\/annaleao.com.br\/site\/#\/schema\/person\/c61c763755650f8b56acd76d44c7bc8c\"},\"description\":\"Em primeira m\u00e3o, a capa de \\\"A Rainha da Floresta\\\", que ser\u00e1 lan\u00e7ado em 2013 pela MODO Editora Tradicional. A trilogia reunida em um \u00fanico volume!!!\",\"breadcrumb\":{\"@id\":\"https:\/\/annaleao.com.br\/site\/a-rainha-da-floresta-2013\/#breadcrumb\"},\"inLanguage\":\"pt-BR\",\"potentialAction\":[{\"@type\":\"ReadAction\",\"target\":[\"https:\/\/annaleao.com.br\/site\/a-rainha-da-floresta-2013\/\"]}]},{\"@type\":\"ImageObject\",\"inLanguage\":\"pt-BR\",\"@id\":\"https:\/\/annaleao.com.br\/site\/a-rainha-da-floresta-2013\/#primaryimage\",\"url\":\"https:\/\/annaleao.com.br\/site\/wp-content\/uploads\/2017\/02\/saga.jpg\",\"contentUrl\":\"https:\/\/annaleao.com.br\/site\/wp-content\/uploads\/2017\/02\/saga.jpg\",\"width\":200,\"height\":300,\"caption\":\"A Saga da Rainha\"},{\"@type\":\"BreadcrumbList\",\"@id\":\"https:\/\/annaleao.com.br\/site\/a-rainha-da-floresta-2013\/#breadcrumb\",\"itemListElement\":[{\"@type\":\"ListItem\",\"position\":1,\"name\":\"In\u00edcio\",\"item\":\"https:\/\/annaleao.com.br\/site\/\"},{\"@type\":\"ListItem\",\"position\":2,\"name\":\"A Rainha da Floresta &#8211; 2013\"}]},{\"@type\":\"WebSite\",\"@id\":\"https:\/\/annaleao.com.br\/site\/#website\",\"url\":\"https:\/\/annaleao.com.br\/site\/\",\"name\":\"ANNA DE LE\u00c3O\",\"description\":\" Escritora e Terapeuta\",\"potentialAction\":[{\"@type\":\"SearchAction\",\"target\":{\"@type\":\"EntryPoint\",\"urlTemplate\":\"https:\/\/annaleao.com.br\/site\/?s={search_term_string}\"},\"query-input\":{\"@type\":\"PropertyValueSpecification\",\"valueRequired\":true,\"valueName\":\"search_term_string\"}}],\"inLanguage\":\"pt-BR\"},{\"@type\":\"Person\",\"@id\":\"https:\/\/annaleao.com.br\/site\/#\/schema\/person\/c61c763755650f8b56acd76d44c7bc8c\",\"name\":\"Anna de Le\u00e3o\",\"image\":{\"@type\":\"ImageObject\",\"inLanguage\":\"pt-BR\",\"@id\":\"https:\/\/annaleao.com.br\/site\/#\/schema\/person\/image\/\",\"url\":\"https:\/\/secure.gravatar.com\/avatar\/e29860c6ef57760b67570c34e3948ba9de10eb9b2e2f20081d0061a7233daf60?s=96&d=blank&r=g\",\"contentUrl\":\"https:\/\/secure.gravatar.com\/avatar\/e29860c6ef57760b67570c34e3948ba9de10eb9b2e2f20081d0061a7233daf60?s=96&d=blank&r=g\",\"caption\":\"Anna de Le\u00e3o\"},\"sameAs\":[\"http:\/\/www.annaleao.com.br\",\"https:\/\/x.com\/https:\/\/www.instagram.com\/annadeleao\"],\"url\":\"https:\/\/annaleao.com.br\/site\/author\/anna\/\"}]}<\/script>\n<!-- \/ Yoast SEO plugin. -->","yoast_head_json":{"title":"A Rainha da Floresta - 2013 - ANNA DE LE\u00c3O","description":"Em primeira m\u00e3o, a capa de \"A Rainha da Floresta\", que ser\u00e1 lan\u00e7ado em 2013 pela MODO Editora Tradicional. A trilogia reunida em um \u00fanico volume!!!","robots":{"index":"index","follow":"follow","max-snippet":"max-snippet:-1","max-image-preview":"max-image-preview:large","max-video-preview":"max-video-preview:-1"},"canonical":"https:\/\/annaleao.com.br\/site\/a-rainha-da-floresta-2013\/","og_locale":"pt_BR","og_type":"article","og_title":"A Rainha da Floresta - 2013 - ANNA DE LE\u00c3O","og_description":"Em primeira m\u00e3o, a capa de \"A Rainha da Floresta\", que ser\u00e1 lan\u00e7ado em 2013 pela MODO Editora Tradicional. A trilogia reunida em um \u00fanico volume!!!","og_url":"https:\/\/annaleao.com.br\/site\/a-rainha-da-floresta-2013\/","og_site_name":"ANNA DE LE\u00c3O","article_published_time":"2012-11-21T19:44:00+00:00","article_modified_time":"2019-03-13T21:09:45+00:00","og_image":[{"width":200,"height":300,"url":"https:\/\/annaleao.com.br\/site\/wp-content\/uploads\/2017\/02\/saga.jpg","type":"image\/jpeg"}],"author":"Anna de Le\u00e3o","twitter_misc":{"Escrito por":"Anna de Le\u00e3o","Est. tempo de leitura":"1 minuto"},"schema":{"@context":"https:\/\/schema.org","@graph":[{"@type":"WebPage","@id":"https:\/\/annaleao.com.br\/site\/a-rainha-da-floresta-2013\/","url":"https:\/\/annaleao.com.br\/site\/a-rainha-da-floresta-2013\/","name":"A Rainha da Floresta - 2013 - ANNA DE LE\u00c3O","isPartOf":{"@id":"https:\/\/annaleao.com.br\/site\/#website"},"primaryImageOfPage":{"@id":"https:\/\/annaleao.com.br\/site\/a-rainha-da-floresta-2013\/#primaryimage"},"image":{"@id":"https:\/\/annaleao.com.br\/site\/a-rainha-da-floresta-2013\/#primaryimage"},"thumbnailUrl":"https:\/\/annaleao.com.br\/site\/wp-content\/uploads\/2017\/02\/saga.jpg","datePublished":"2012-11-21T19:44:00+00:00","dateModified":"2019-03-13T21:09:45+00:00","author":{"@id":"https:\/\/annaleao.com.br\/site\/#\/schema\/person\/c61c763755650f8b56acd76d44c7bc8c"},"description":"Em primeira m\u00e3o, a capa de \"A Rainha da Floresta\", que ser\u00e1 lan\u00e7ado em 2013 pela MODO Editora Tradicional. A trilogia reunida em um \u00fanico volume!!!","breadcrumb":{"@id":"https:\/\/annaleao.com.br\/site\/a-rainha-da-floresta-2013\/#breadcrumb"},"inLanguage":"pt-BR","potentialAction":[{"@type":"ReadAction","target":["https:\/\/annaleao.com.br\/site\/a-rainha-da-floresta-2013\/"]}]},{"@type":"ImageObject","inLanguage":"pt-BR","@id":"https:\/\/annaleao.com.br\/site\/a-rainha-da-floresta-2013\/#primaryimage","url":"https:\/\/annaleao.com.br\/site\/wp-content\/uploads\/2017\/02\/saga.jpg","contentUrl":"https:\/\/annaleao.com.br\/site\/wp-content\/uploads\/2017\/02\/saga.jpg","width":200,"height":300,"caption":"A Saga da Rainha"},{"@type":"BreadcrumbList","@id":"https:\/\/annaleao.com.br\/site\/a-rainha-da-floresta-2013\/#breadcrumb","itemListElement":[{"@type":"ListItem","position":1,"name":"In\u00edcio","item":"https:\/\/annaleao.com.br\/site\/"},{"@type":"ListItem","position":2,"name":"A Rainha da Floresta &#8211; 2013"}]},{"@type":"WebSite","@id":"https:\/\/annaleao.com.br\/site\/#website","url":"https:\/\/annaleao.com.br\/site\/","name":"ANNA DE LE\u00c3O","description":" Escritora e Terapeuta","potentialAction":[{"@type":"SearchAction","target":{"@type":"EntryPoint","urlTemplate":"https:\/\/annaleao.com.br\/site\/?s={search_term_string}"},"query-input":{"@type":"PropertyValueSpecification","valueRequired":true,"valueName":"search_term_string"}}],"inLanguage":"pt-BR"},{"@type":"Person","@id":"https:\/\/annaleao.com.br\/site\/#\/schema\/person\/c61c763755650f8b56acd76d44c7bc8c","name":"Anna de Le\u00e3o","image":{"@type":"ImageObject","inLanguage":"pt-BR","@id":"https:\/\/annaleao.com.br\/site\/#\/schema\/person\/image\/","url":"https:\/\/secure.gravatar.com\/avatar\/e29860c6ef57760b67570c34e3948ba9de10eb9b2e2f20081d0061a7233daf60?s=96&d=blank&r=g","contentUrl":"https:\/\/secure.gravatar.com\/avatar\/e29860c6ef57760b67570c34e3948ba9de10eb9b2e2f20081d0061a7233daf60?s=96&d=blank&r=g","caption":"Anna de Le\u00e3o"},"sameAs":["http:\/\/www.annaleao.com.br","https:\/\/x.com\/https:\/\/www.instagram.com\/annadeleao"],"url":"https:\/\/annaleao.com.br\/site\/author\/anna\/"}]}},"jetpack_publicize_connections":[],"jetpack_featured_media_url":"https:\/\/annaleao.com.br\/site\/wp-content\/uploads\/2017\/02\/saga.jpg","jetpack_sharing_enabled":true,"jetpack_shortlink":"https:\/\/wp.me\/p8nt2H-c5","jetpack-related-posts":[],"_links":{"self":[{"href":"https:\/\/annaleao.com.br\/site\/wp-json\/wp\/v2\/posts\/749","targetHints":{"allow":["GET"]}}],"collection":[{"href":"https:\/\/annaleao.com.br\/site\/wp-json\/wp\/v2\/posts"}],"about":[{"href":"https:\/\/annaleao.com.br\/site\/wp-json\/wp\/v2\/types\/post"}],"author":[{"embeddable":true,"href":"https:\/\/annaleao.com.br\/site\/wp-json\/wp\/v2\/users\/2"}],"replies":[{"embeddable":true,"href":"https:\/\/annaleao.com.br\/site\/wp-json\/wp\/v2\/comments?post=749"}],"version-history":[{"count":7,"href":"https:\/\/annaleao.com.br\/site\/wp-json\/wp\/v2\/posts\/749\/revisions"}],"predecessor-version":[{"id":2563,"href":"https:\/\/annaleao.com.br\/site\/wp-json\/wp\/v2\/posts\/749\/revisions\/2563"}],"wp:featuredmedia":[{"embeddable":true,"href":"https:\/\/annaleao.com.br\/site\/wp-json\/wp\/v2\/media\/169"}],"wp:attachment":[{"href":"https:\/\/annaleao.com.br\/site\/wp-json\/wp\/v2\/media?parent=749"}],"wp:term":[{"taxonomy":"category","embeddable":true,"href":"https:\/\/annaleao.com.br\/site\/wp-json\/wp\/v2\/categories?post=749"},{"taxonomy":"post_tag","embeddable":true,"href":"https:\/\/annaleao.com.br\/site\/wp-json\/wp\/v2\/tags?post=749"}],"curies":[{"name":"wp","href":"https:\/\/api.w.org\/{rel}","templated":true}]}}