{"id":782,"date":"2011-11-21T13:34:00","date_gmt":"2011-11-21T13:34:00","guid":{"rendered":"https:\/\/annaleao.com.br\/site\/uma-fada-pousou-nas-minhas-costas\/"},"modified":"2011-11-21T13:34:00","modified_gmt":"2011-11-21T13:34:00","slug":"uma-fada-pousou-nas-minhas-costas","status":"publish","type":"post","link":"https:\/\/annaleao.com.br\/site\/uma-fada-pousou-nas-minhas-costas\/","title":{"rendered":"Uma fada pousou nas minhas costas&#8230;"},"content":{"rendered":"<div style=\"clear: both; text-align: center;\"><a href=\"http:\/\/1.bp.blogspot.com\/-PP4U6EIe368\/TspRZhQXilI\/AAAAAAAACG8\/fYYVnjclPRI\/s1600\/321900_2006388087874_1488814988_1619928_458398764_o+%25281%2529.jpg\" style=\"margin-left: 1em; margin-right: 1em;\"><img fetchpriority=\"high\" decoding=\"async\" border=\"0\" height=\"316\" src=\"https:\/\/1.bp.blogspot.com\/-PP4U6EIe368\/TspRZhQXilI\/AAAAAAAACG8\/fYYVnjclPRI\/s400\/321900_2006388087874_1488814988_1619928_458398764_o+%25281%2529.jpg\" width=\"400\" \/><\/a><\/div>\n<div style=\"text-align: justify;\"><\/div>\n<div style=\"text-align: justify;\">Uma fada pousou nas minhas costas!<\/div>\n<div style=\"text-align: justify;\">Sim! No quadrante direito superior, como voc\u00eas podem ver na foto acima.<\/div>\n<div style=\"text-align: justify;\"><\/div>\n<div style=\"text-align: justify;\">H\u00e1 muito tempo eu queria fazer uma tatuagem de fada, mas ia deixando a ideia congelada, at\u00e9 porque eu n\u00e3o queria uma \u201cfadinha qualquer\u201d e nem pequena. Sempre me senti no mundo das fadas, ou do mundo das fadas, vai saber&#8230;<\/div>\n<div style=\"text-align: justify;\"><\/div>\n<div style=\"text-align: justify;\">Mesmo assim, outras tattoos vieram antes dela, que sabiamente esperou pelo momento certo (ou fui eu quem esperou pelo toque dela?). Sol e lua, serpente e runa j\u00e1 haviam sido entalhadas em minha carne branca e delicada antes da fada. <\/div>\n<div style=\"text-align: justify;\"><\/div>\n<div style=\"text-align: justify;\">A dor? N\u00e3o&#8230;Sempre senti um certo prazer pela dor infringida pelas tatuagens. Mas a fada me trouxe uma surpresa. De t\u00e3o majestosa ela precisou de v\u00e1rias sess\u00f5es. Precisei usar adesivos anest\u00e9sicos porque sentia bastante a dor (Ah, e eles funcionam sim!). Acho que o tamanho, o preenchimento com cor e os v\u00e1rios detalhes fizeram da fada a tatuagem mais elaborada que habita meu corpo.<\/div>\n<div style=\"text-align: justify;\"><\/div>\n<div style=\"text-align: justify;\">Todo o processo de cria\u00e7\u00e3o desta tatuagem foi bem interessante e diferente das outras minhas tattoos.Quando procurei o tatuador &#8211; o <b>Marco Tattoo<\/b>, do est\u00fadio <b>An\u00fabis Tattoo<\/b> \u2013 eu levei um desenho j\u00e1 pronto de uma fada, retirado da internet, depois de muito buscar \u201ca fada ideal\u201d.O Marco me aconselhou a mudar algumas coisas para n\u00e3o ficar igual a outras, j\u00e1 que era uma imagem que circulava na internet. Eu queria tamb\u00e9m um <b>triskle<\/b> saindo das m\u00e3os da fada, sustentado por ela.<\/div>\n<div style=\"text-align: justify;\"><\/div>\n<div style=\"clear: both; text-align: center;\"><a href=\"http:\/\/3.bp.blogspot.com\/-z9aqcz_nWdc\/TspS4uLkWsI\/AAAAAAAACHE\/fYpDbf6joek\/s1600\/artwork_images_424121842_202362_alphonse-mucha.jpg\" style=\"clear: right; float: right; margin-bottom: 1em; margin-left: 1em;\"><img decoding=\"async\" border=\"0\" height=\"172\" src=\"https:\/\/3.bp.blogspot.com\/-z9aqcz_nWdc\/TspS4uLkWsI\/AAAAAAAACHE\/fYpDbf6joek\/s320\/artwork_images_424121842_202362_alphonse-mucha.jpg\" width=\"320\" \/><\/a><\/div>\n<div style=\"text-align: justify;\">Come\u00e7amos a elaborar a imagem e o Marco se inspirou em um desenho do artista theco <span><span style=\"color: #222222;\"><b>Alfhonse Mucha&nbsp;<\/b><\/span><\/span><span style=\"color: #222222;\">(foto ao lado)&nbsp;<\/span><span style=\"color: #222222;\">para construir a \u201cminha\u201d fada. Engra\u00e7ado que um outro tatuador j\u00e1 havia me sugerido para eu fazer uma tattoo de algum desenho desse ilustrador. Partindo do desenho de Mucha, colocamos as asas e soltamos o cabelo \u201cda modelo\u201d. O Marco deu a ideia de que a fada estivesse deitada em uma cama de flores ou nuvens. Eu optei pelas flores (Nas nuvens j\u00e1 basta eu!) e escolhi rosas azuis. H\u00e1 muito eu tinha vontade de tatuar uma rosa azul, e essa era uma oportunidade perfeita de mais uma tattoo desejada se materializar em meu corpo.<\/span><\/div>\n<div style=\"text-align: justify;\"><\/div>\n<div style=\"text-align: justify;\"><span><span style=\"color: #222222;\">Por que rosas azuis?<o:p><\/o:p><\/span><\/span><\/div>\n<div style=\"text-align: justify;\"><span><span style=\"color: #222222;\">Ah, talvez porque elas sejam lindas e raras como as fadas (bom, pelo menos neste nosso mundo&#8230;).<o:p><\/o:p><\/span><\/span><\/div>\n<div style=\"text-align: justify;\"><\/div>\n<div style=\"text-align: justify;\"><span><span style=\"color: #222222;\">De in\u00edcio eu queria cores solares nas asas e os cabelos vermelhos. Depois do desenho pronto, come\u00e7amos a colorir primeiramente as rosas, depois as asas (que ficou um lindo degrad\u00e9 de cores solares), at\u00e9 chegarmos no tecido que escolhi vermelho. Pronto, com isto o cabelo vermelho que eu havia pensado para a fada n\u00e3o se destacaria. Tive que mudar, poderia optar pelo castanho, mas optei pelo loiro ( Sempre fui loira de alma! rsrsrs). <o:p><\/o:p><\/span><\/span><\/div>\n<div style=\"text-align: justify;\"><\/div>\n<div style=\"text-align: justify;\"><span><span style=\"color: #222222;\">Mas nada \u00e9 por acaso, pois embora desde o in\u00edcio a minha mente quisesse que a fada fosse ruiva, eu a sentia loira. E percebi que nisto havia o toque da <b>Deusa celta Aine<\/b>, Rainha das Fadas,&nbsp; de cabelos dourados, Deusa Solar, filha de <b>Manann\u00e1n Mac Lir<\/b> \u2013 Deus do Mar e guardi\u00e3o do Outro Mundo celta. Me senti aben\u00e7oada por Aine! Tenho muito a ver com ela, e como dizia o Marco , \u201c A tattoo vai ganhando vida&#8230;\u201d<o:p><\/o:p><\/span><\/span><\/div>\n<div style=\"text-align: justify;\"><\/div>\n<div style=\"text-align: justify;\"><span><span style=\"color: #222222;\">Mas a coisa toda n\u00e3o parou por a\u00ed. Para arrematar, o triskle de Aine foi imbu\u00eddo de magia formando uma linda mandala solar ao seu redor. Mandalas, n\u00f3s sabemos, s\u00e3o s\u00edmbolos do Cosmos.<o:p><\/o:p><\/span><\/span><\/div>\n<div style=\"text-align: justify;\"><\/div>\n<div style=\"text-align: justify;\"><span><span style=\"color: #222222;\">Depois de um tempo percebi que al\u00e9m do triskle que simboliza os tr\u00eas reinos celtas ( o C\u00e9u, a Terra e o Mar), a pr\u00f3pria tattoo inteira representava os tr\u00eas reinos: a Terra (as rosas), o Mar (Aine, filha do Deus do Mar) e o C\u00e9u (a Mandala). <o:p><\/o:p><\/span><\/span><\/div>\n<div style=\"text-align: justify;\"><\/div>\n<div style=\"text-align: justify;\"><span><span style=\"color: #222222;\">Na verdade as simbologias s\u00e3o muito extensas e profundas, e podemos atribuir v\u00e1rias interpreta\u00e7\u00f5es, at\u00e9 porque as coisas n\u00e3o s\u00e3o uma coisa s\u00f3 e, muito menos, com o rigor cartesiano. Aine, por exemplo, representa tamb\u00e9m o Reino dos C\u00e9us j\u00e1 que \u00e9 uma Deusa, ainda mais Solar.<o:p><\/o:p><\/span><\/span><\/div>\n<div style=\"text-align: justify;\"><\/div>\n<div style=\"text-align: justify;\"><span><span style=\"color: #222222;\">Os s\u00edmbolos (imortais) v\u00e3o chegando a n\u00f3s nos momentos certos e \u00e9 preciso muita coragem e, principalmente, certeza, para darmos vida a eles em nossos corpos (mortais).<o:p><\/o:p><\/span><\/span><\/div>\n<div style=\"text-align: justify;\"><\/div>\n<div style=\"text-align: justify;\"><span><span style=\"color: #222222;\">F\u00e0ilte!<o:p><\/o:p><\/span><\/span><\/div>\n<div style=\"text-align: justify;\"><\/div>\n<div style=\"text-align: justify;\"><span><span style=\"color: #222222;\"><b>Nota: Triskle<\/b>: s\u00edmbolo celta de prote\u00e7\u00e3o, representando os tr\u00eas reinos celtas; copro, mente, alma; os ciclos eternos da natureza; harmonia e equil\u00edbrio; movimento; s\u00edmbolo solar.<o:p><\/o:p><\/span><\/span><\/div>\n<div style=\"text-align: justify;\"><\/div>\n<div style=\"text-align: justify;\"><span style=\"color: #222222;\">Anna Le\u00e3o<\/span><\/div>\n","protected":false},"excerpt":{"rendered":"<p>Uma fada pousou nas minhas costas! Sim! No quadrante direito superior, como voc\u00eas podem ver na foto acima. H\u00e1 muito tempo eu queria fazer uma tatuagem de fada, mas ia deixando a ideia congelada, at\u00e9 porque eu n\u00e3o queria uma \u201cfadinha qualquer\u201d e nem pequena. Sempre me senti no mundo das fadas, ou do mundo das fadas, vai saber&#8230; Mesmo &hellip; <\/p>\n","protected":false},"author":2,"featured_media":0,"comment_status":"open","ping_status":"open","sticky":false,"template":"","format":"standard","meta":{"jetpack_post_was_ever_published":false,"_jetpack_newsletter_access":"","_jetpack_dont_email_post_to_subs":false,"_jetpack_newsletter_tier_id":0,"_jetpack_memberships_contains_paywalled_content":false,"_jetpack_memberships_contains_paid_content":false,"footnotes":"","jetpack_publicize_message":"","jetpack_publicize_feature_enabled":true,"jetpack_social_post_already_shared":true,"jetpack_social_options":{"image_generator_settings":{"template":"highway","enabled":false},"version":2}},"categories":[414,413,408,354,411,410,310,412,409],"tags":[],"class_list":["post-782","post","type-post","status-publish","format-standard","hentry","category-alphonse-mucha","category-deusa-aine","category-deuses-celtas","category-fadas","category-manannan-mac-lir","category-marco-tattoo","category-simbolos","category-tattoo","category-tatuagem"],"yoast_head":"<!-- This site is optimized with the Yoast SEO plugin v25.2 - https:\/\/yoast.com\/wordpress\/plugins\/seo\/ -->\n<title>Uma fada pousou nas minhas costas... - ANNA DE LE\u00c3O<\/title>\n<meta name=\"robots\" content=\"index, follow, max-snippet:-1, max-image-preview:large, max-video-preview:-1\" \/>\n<link rel=\"canonical\" href=\"https:\/\/annaleao.com.br\/site\/uma-fada-pousou-nas-minhas-costas\/\" \/>\n<meta property=\"og:locale\" content=\"pt_BR\" \/>\n<meta property=\"og:type\" content=\"article\" \/>\n<meta property=\"og:title\" content=\"Uma fada pousou nas minhas costas... - ANNA DE LE\u00c3O\" \/>\n<meta property=\"og:description\" content=\"Uma fada pousou nas minhas costas! Sim! No quadrante direito superior, como voc\u00eas podem ver na foto acima. H\u00e1 muito tempo eu queria fazer uma tatuagem de fada, mas ia deixando a ideia congelada, at\u00e9 porque eu n\u00e3o queria uma \u201cfadinha qualquer\u201d e nem pequena. Sempre me senti no mundo das fadas, ou do mundo das fadas, vai saber&#8230; Mesmo &hellip;\" \/>\n<meta property=\"og:url\" content=\"https:\/\/annaleao.com.br\/site\/uma-fada-pousou-nas-minhas-costas\/\" \/>\n<meta property=\"og:site_name\" content=\"ANNA DE LE\u00c3O\" \/>\n<meta property=\"article:published_time\" content=\"2011-11-21T13:34:00+00:00\" \/>\n<meta property=\"og:image\" content=\"https:\/\/1.bp.blogspot.com\/-PP4U6EIe368\/TspRZhQXilI\/AAAAAAAACG8\/fYYVnjclPRI\/s400\/321900_2006388087874_1488814988_1619928_458398764_o+%25281%2529.jpg\" \/>\n<meta name=\"author\" content=\"Anna de Le\u00e3o\" \/>\n<meta name=\"twitter:label1\" content=\"Escrito por\" \/>\n\t<meta name=\"twitter:data1\" content=\"Anna de Le\u00e3o\" \/>\n\t<meta name=\"twitter:label2\" content=\"Est. tempo de leitura\" \/>\n\t<meta name=\"twitter:data2\" content=\"4 minutos\" \/>\n<script type=\"application\/ld+json\" class=\"yoast-schema-graph\">{\"@context\":\"https:\/\/schema.org\",\"@graph\":[{\"@type\":\"WebPage\",\"@id\":\"https:\/\/annaleao.com.br\/site\/uma-fada-pousou-nas-minhas-costas\/\",\"url\":\"https:\/\/annaleao.com.br\/site\/uma-fada-pousou-nas-minhas-costas\/\",\"name\":\"Uma fada pousou nas minhas costas... - ANNA DE LE\u00c3O\",\"isPartOf\":{\"@id\":\"https:\/\/annaleao.com.br\/site\/#website\"},\"primaryImageOfPage\":{\"@id\":\"https:\/\/annaleao.com.br\/site\/uma-fada-pousou-nas-minhas-costas\/#primaryimage\"},\"image\":{\"@id\":\"https:\/\/annaleao.com.br\/site\/uma-fada-pousou-nas-minhas-costas\/#primaryimage\"},\"thumbnailUrl\":\"https:\/\/1.bp.blogspot.com\/-PP4U6EIe368\/TspRZhQXilI\/AAAAAAAACG8\/fYYVnjclPRI\/s400\/321900_2006388087874_1488814988_1619928_458398764_o+%25281%2529.jpg\",\"datePublished\":\"2011-11-21T13:34:00+00:00\",\"author\":{\"@id\":\"https:\/\/annaleao.com.br\/site\/#\/schema\/person\/c61c763755650f8b56acd76d44c7bc8c\"},\"breadcrumb\":{\"@id\":\"https:\/\/annaleao.com.br\/site\/uma-fada-pousou-nas-minhas-costas\/#breadcrumb\"},\"inLanguage\":\"pt-BR\",\"potentialAction\":[{\"@type\":\"ReadAction\",\"target\":[\"https:\/\/annaleao.com.br\/site\/uma-fada-pousou-nas-minhas-costas\/\"]}]},{\"@type\":\"ImageObject\",\"inLanguage\":\"pt-BR\",\"@id\":\"https:\/\/annaleao.com.br\/site\/uma-fada-pousou-nas-minhas-costas\/#primaryimage\",\"url\":\"https:\/\/1.bp.blogspot.com\/-PP4U6EIe368\/TspRZhQXilI\/AAAAAAAACG8\/fYYVnjclPRI\/s400\/321900_2006388087874_1488814988_1619928_458398764_o+%25281%2529.jpg\",\"contentUrl\":\"https:\/\/1.bp.blogspot.com\/-PP4U6EIe368\/TspRZhQXilI\/AAAAAAAACG8\/fYYVnjclPRI\/s400\/321900_2006388087874_1488814988_1619928_458398764_o+%25281%2529.jpg\"},{\"@type\":\"BreadcrumbList\",\"@id\":\"https:\/\/annaleao.com.br\/site\/uma-fada-pousou-nas-minhas-costas\/#breadcrumb\",\"itemListElement\":[{\"@type\":\"ListItem\",\"position\":1,\"name\":\"In\u00edcio\",\"item\":\"https:\/\/annaleao.com.br\/site\/\"},{\"@type\":\"ListItem\",\"position\":2,\"name\":\"Uma fada pousou nas minhas costas&#8230;\"}]},{\"@type\":\"WebSite\",\"@id\":\"https:\/\/annaleao.com.br\/site\/#website\",\"url\":\"https:\/\/annaleao.com.br\/site\/\",\"name\":\"ANNA DE LE\u00c3O\",\"description\":\" Escritora e Terapeuta\",\"potentialAction\":[{\"@type\":\"SearchAction\",\"target\":{\"@type\":\"EntryPoint\",\"urlTemplate\":\"https:\/\/annaleao.com.br\/site\/?s={search_term_string}\"},\"query-input\":{\"@type\":\"PropertyValueSpecification\",\"valueRequired\":true,\"valueName\":\"search_term_string\"}}],\"inLanguage\":\"pt-BR\"},{\"@type\":\"Person\",\"@id\":\"https:\/\/annaleao.com.br\/site\/#\/schema\/person\/c61c763755650f8b56acd76d44c7bc8c\",\"name\":\"Anna de Le\u00e3o\",\"image\":{\"@type\":\"ImageObject\",\"inLanguage\":\"pt-BR\",\"@id\":\"https:\/\/annaleao.com.br\/site\/#\/schema\/person\/image\/\",\"url\":\"https:\/\/secure.gravatar.com\/avatar\/e29860c6ef57760b67570c34e3948ba9de10eb9b2e2f20081d0061a7233daf60?s=96&d=blank&r=g\",\"contentUrl\":\"https:\/\/secure.gravatar.com\/avatar\/e29860c6ef57760b67570c34e3948ba9de10eb9b2e2f20081d0061a7233daf60?s=96&d=blank&r=g\",\"caption\":\"Anna de Le\u00e3o\"},\"sameAs\":[\"http:\/\/www.annaleao.com.br\",\"https:\/\/x.com\/https:\/\/www.instagram.com\/annadeleao\"],\"url\":\"https:\/\/annaleao.com.br\/site\/author\/anna\/\"}]}<\/script>\n<!-- \/ Yoast SEO plugin. -->","yoast_head_json":{"title":"Uma fada pousou nas minhas costas... - ANNA DE LE\u00c3O","robots":{"index":"index","follow":"follow","max-snippet":"max-snippet:-1","max-image-preview":"max-image-preview:large","max-video-preview":"max-video-preview:-1"},"canonical":"https:\/\/annaleao.com.br\/site\/uma-fada-pousou-nas-minhas-costas\/","og_locale":"pt_BR","og_type":"article","og_title":"Uma fada pousou nas minhas costas... - ANNA DE LE\u00c3O","og_description":"Uma fada pousou nas minhas costas! Sim! No quadrante direito superior, como voc\u00eas podem ver na foto acima. H\u00e1 muito tempo eu queria fazer uma tatuagem de fada, mas ia deixando a ideia congelada, at\u00e9 porque eu n\u00e3o queria uma \u201cfadinha qualquer\u201d e nem pequena. Sempre me senti no mundo das fadas, ou do mundo das fadas, vai saber&#8230; Mesmo &hellip;","og_url":"https:\/\/annaleao.com.br\/site\/uma-fada-pousou-nas-minhas-costas\/","og_site_name":"ANNA DE LE\u00c3O","article_published_time":"2011-11-21T13:34:00+00:00","og_image":[{"url":"https:\/\/1.bp.blogspot.com\/-PP4U6EIe368\/TspRZhQXilI\/AAAAAAAACG8\/fYYVnjclPRI\/s400\/321900_2006388087874_1488814988_1619928_458398764_o+%25281%2529.jpg","type":"","width":"","height":""}],"author":"Anna de Le\u00e3o","twitter_misc":{"Escrito por":"Anna de Le\u00e3o","Est. tempo de leitura":"4 minutos"},"schema":{"@context":"https:\/\/schema.org","@graph":[{"@type":"WebPage","@id":"https:\/\/annaleao.com.br\/site\/uma-fada-pousou-nas-minhas-costas\/","url":"https:\/\/annaleao.com.br\/site\/uma-fada-pousou-nas-minhas-costas\/","name":"Uma fada pousou nas minhas costas... - ANNA DE LE\u00c3O","isPartOf":{"@id":"https:\/\/annaleao.com.br\/site\/#website"},"primaryImageOfPage":{"@id":"https:\/\/annaleao.com.br\/site\/uma-fada-pousou-nas-minhas-costas\/#primaryimage"},"image":{"@id":"https:\/\/annaleao.com.br\/site\/uma-fada-pousou-nas-minhas-costas\/#primaryimage"},"thumbnailUrl":"https:\/\/1.bp.blogspot.com\/-PP4U6EIe368\/TspRZhQXilI\/AAAAAAAACG8\/fYYVnjclPRI\/s400\/321900_2006388087874_1488814988_1619928_458398764_o+%25281%2529.jpg","datePublished":"2011-11-21T13:34:00+00:00","author":{"@id":"https:\/\/annaleao.com.br\/site\/#\/schema\/person\/c61c763755650f8b56acd76d44c7bc8c"},"breadcrumb":{"@id":"https:\/\/annaleao.com.br\/site\/uma-fada-pousou-nas-minhas-costas\/#breadcrumb"},"inLanguage":"pt-BR","potentialAction":[{"@type":"ReadAction","target":["https:\/\/annaleao.com.br\/site\/uma-fada-pousou-nas-minhas-costas\/"]}]},{"@type":"ImageObject","inLanguage":"pt-BR","@id":"https:\/\/annaleao.com.br\/site\/uma-fada-pousou-nas-minhas-costas\/#primaryimage","url":"https:\/\/1.bp.blogspot.com\/-PP4U6EIe368\/TspRZhQXilI\/AAAAAAAACG8\/fYYVnjclPRI\/s400\/321900_2006388087874_1488814988_1619928_458398764_o+%25281%2529.jpg","contentUrl":"https:\/\/1.bp.blogspot.com\/-PP4U6EIe368\/TspRZhQXilI\/AAAAAAAACG8\/fYYVnjclPRI\/s400\/321900_2006388087874_1488814988_1619928_458398764_o+%25281%2529.jpg"},{"@type":"BreadcrumbList","@id":"https:\/\/annaleao.com.br\/site\/uma-fada-pousou-nas-minhas-costas\/#breadcrumb","itemListElement":[{"@type":"ListItem","position":1,"name":"In\u00edcio","item":"https:\/\/annaleao.com.br\/site\/"},{"@type":"ListItem","position":2,"name":"Uma fada pousou nas minhas costas&#8230;"}]},{"@type":"WebSite","@id":"https:\/\/annaleao.com.br\/site\/#website","url":"https:\/\/annaleao.com.br\/site\/","name":"ANNA DE LE\u00c3O","description":" Escritora e Terapeuta","potentialAction":[{"@type":"SearchAction","target":{"@type":"EntryPoint","urlTemplate":"https:\/\/annaleao.com.br\/site\/?s={search_term_string}"},"query-input":{"@type":"PropertyValueSpecification","valueRequired":true,"valueName":"search_term_string"}}],"inLanguage":"pt-BR"},{"@type":"Person","@id":"https:\/\/annaleao.com.br\/site\/#\/schema\/person\/c61c763755650f8b56acd76d44c7bc8c","name":"Anna de Le\u00e3o","image":{"@type":"ImageObject","inLanguage":"pt-BR","@id":"https:\/\/annaleao.com.br\/site\/#\/schema\/person\/image\/","url":"https:\/\/secure.gravatar.com\/avatar\/e29860c6ef57760b67570c34e3948ba9de10eb9b2e2f20081d0061a7233daf60?s=96&d=blank&r=g","contentUrl":"https:\/\/secure.gravatar.com\/avatar\/e29860c6ef57760b67570c34e3948ba9de10eb9b2e2f20081d0061a7233daf60?s=96&d=blank&r=g","caption":"Anna de Le\u00e3o"},"sameAs":["http:\/\/www.annaleao.com.br","https:\/\/x.com\/https:\/\/www.instagram.com\/annadeleao"],"url":"https:\/\/annaleao.com.br\/site\/author\/anna\/"}]}},"jetpack_publicize_connections":[],"jetpack_featured_media_url":"","jetpack_sharing_enabled":true,"jetpack_shortlink":"https:\/\/wp.me\/p8nt2H-cC","jetpack-related-posts":[],"_links":{"self":[{"href":"https:\/\/annaleao.com.br\/site\/wp-json\/wp\/v2\/posts\/782","targetHints":{"allow":["GET"]}}],"collection":[{"href":"https:\/\/annaleao.com.br\/site\/wp-json\/wp\/v2\/posts"}],"about":[{"href":"https:\/\/annaleao.com.br\/site\/wp-json\/wp\/v2\/types\/post"}],"author":[{"embeddable":true,"href":"https:\/\/annaleao.com.br\/site\/wp-json\/wp\/v2\/users\/2"}],"replies":[{"embeddable":true,"href":"https:\/\/annaleao.com.br\/site\/wp-json\/wp\/v2\/comments?post=782"}],"version-history":[{"count":0,"href":"https:\/\/annaleao.com.br\/site\/wp-json\/wp\/v2\/posts\/782\/revisions"}],"wp:attachment":[{"href":"https:\/\/annaleao.com.br\/site\/wp-json\/wp\/v2\/media?parent=782"}],"wp:term":[{"taxonomy":"category","embeddable":true,"href":"https:\/\/annaleao.com.br\/site\/wp-json\/wp\/v2\/categories?post=782"},{"taxonomy":"post_tag","embeddable":true,"href":"https:\/\/annaleao.com.br\/site\/wp-json\/wp\/v2\/tags?post=782"}],"curies":[{"name":"wp","href":"https:\/\/api.w.org\/{rel}","templated":true}]}}