{"id":790,"date":"2011-09-29T19:06:00","date_gmt":"2011-09-29T19:06:00","guid":{"rendered":"https:\/\/annaleao.com.br\/site\/novidades\/"},"modified":"2011-09-29T19:06:00","modified_gmt":"2011-09-29T19:06:00","slug":"novidades","status":"publish","type":"post","link":"https:\/\/annaleao.com.br\/site\/novidades\/","title":{"rendered":"Novidades!"},"content":{"rendered":"<p>A saga de A Rainha da Floresta foi convidada por Adriana Vargas para integrar o Clube de Novo Autores (<a href=\"http:\/\/clubnovosautores.blogspot.com\/\">http:\/\/clubnovosautores.blogspot.com\/<\/a>). Come\u00e7amos a trabalhar com o volume 1, A Rainha da Floresta, que est\u00e1 &nbsp;participando de v\u00e1rias promo\u00e7\u00f5es e parcerias, entre elas o booktour, que consiste em uma lista de blogs liter\u00e1rios que l\u00eaem o livro e fazem a sua resenha.<\/p>\n<p>Segue a primeira resenha do booktour, feita pelo blog Leitora Fashion (<a href=\"http:\/\/www.leitorafashion.com.br\/2011\/09\/resenha-rainha-da-floresta.html\">http:\/\/www.leitorafashion.com.br\/2011\/09\/resenha-rainha-da-floresta.html<\/a>)<\/p>\n<p><\/p>\n<h3 style=\"color: #2198a6; font-family: Arial, Tahoma, Helvetica, FreeSans, sans-serif; font-size: 13px; font: normal normal normal 24px\/normal Lobster; line-height: 18px; margin-bottom: 0px; margin-left: 0px; margin-right: 0px; margin-top: 0px; position: relative;\">Resenha: A rainha da floresta<\/h3>\n<div style=\"color: #666666; font-family: Arial, Tahoma, Helvetica, FreeSans, sans-serif; font-size: 13px; line-height: 1.6; margin-bottom: 1.5em; margin-left: 0px; margin-right: 0px; margin-top: 0px;\">\n<div><\/div>\n<\/div>\n<div style=\"line-height: 1.4; width: 530px;\">\n<div style=\"clear: both; color: #666666; font-family: Arial, Tahoma, Helvetica, FreeSans, sans-serif; font-size: 13px; text-align: center;\"><a href=\"http:\/\/1.bp.blogspot.com\/-3xKSL5GrZ8A\/ToIWynYB2GI\/AAAAAAAAA1U\/N4_dnwNQdcw\/s1600\/Rainha_da_Flo_bx.JPG\" style=\"clear: left; color: #0b5394; float: left; margin-bottom: 1em; margin-right: 1em; text-decoration: none;\"><img fetchpriority=\"high\" decoding=\"async\" border=\"0\" height=\"320\" kca=\"true\" src=\"https:\/\/1.bp.blogspot.com\/-3xKSL5GrZ8A\/ToIWynYB2GI\/AAAAAAAAA1U\/N4_dnwNQdcw\/s320\/Rainha_da_Flo_bx.JPG\" style=\"border-bottom-style: none; border-color: initial; border-left-style: none; border-right-style: none; border-top-style: none; border-width: initial; padding-bottom: 8px; padding-left: 8px; padding-right: 8px; padding-top: 8px; position: relative;\" width=\"214\" \/><\/a><\/div>\n<div style=\"color: #666666; font-family: 'Trebuchet MS', sans-serif; font-size: 13px; text-align: justify;\"><span style=\"font-family: &quot;verdana&quot; , sans-serif;\"><strong>Livro:<\/strong>&nbsp;A Rainha da Floresta<\/span><\/div>\n<div style=\"color: #666666; font-family: 'Trebuchet MS', sans-serif; font-size: 13px; text-align: justify;\"><span style=\"font-family: &quot;verdana&quot; , sans-serif;\"><strong>Autora:&nbsp;<\/strong>Anna Le\u00e3o<strong>&nbsp;<\/strong><\/span><\/div>\n<div style=\"color: #666666; font-family: 'Trebuchet MS', sans-serif; font-size: 13px; text-align: justify;\"><span style=\"font-family: &quot;verdana&quot; , sans-serif;\"><strong>Editora:<\/strong>&nbsp;ScorTecci<\/span><\/div>\n<div style=\"color: #666666; font-family: 'Trebuchet MS', sans-serif; font-size: 13px; text-align: justify;\"><\/div>\n<div style=\"color: #666666; font-family: 'Trebuchet MS', sans-serif; font-size: 13px; text-align: justify;\"><span style=\"font-family: &quot;verdana&quot; , sans-serif;\"><strong>Sinopse:<\/strong><\/span><\/div>\n<div style=\"color: #666666; font-family: 'Trebuchet MS', sans-serif; font-size: 13px; text-align: justify;\"><span style=\"font-family: &quot;verdana&quot; , sans-serif;\"><span style=\"font-family: &quot;times&quot; , &quot;times new roman&quot; , serif;\">A Rainha da Floresta conta a hist\u00f3ria da princesa Ana\u00eds, herdeira do Reino das Joias, que se descobre uma bruxa. Obrigada a fugir do reino no dia do seu noivado, ela se refugia na Floresta das Sombras, v\u00edtima de uma antiga maldi\u00e7\u00e3o.<\/span><\/span><\/div>\n<div style=\"color: #666666; font-family: 'Trebuchet MS', sans-serif; font-size: 13px; text-align: justify;\"><span style=\"font-family: &quot;verdana&quot; , sans-serif;\"><span style=\"font-family: &quot;times&quot; , &quot;times new roman&quot; , serif;\">Numa grande aventura a princesa vivencia seu processo de inicia\u00e7\u00e3o, se autodescobrindo e conhecendo a magia.<\/span><\/span><\/div>\n<div style=\"color: #666666; font-family: 'Trebuchet MS', sans-serif; font-size: 13px; text-align: justify;\"><span style=\"font-family: &quot;verdana&quot; , sans-serif;\"><span style=\"font-family: &quot;times&quot; , &quot;times new roman&quot; , serif;\">A hist\u00f3ria, recheada de personagens interessantes, como o misterioso Grande Mago, desmistifica o estere\u00f3tipo negativo da bruxa e enaltece a natureza, o feminino, a verdade e o amor.&nbsp;<\/span><\/span><\/p>\n<p><span style=\"font-family: &quot;trebuchet ms&quot; , sans-serif;\">Esse \u00e9 daquele tipo de livro que no come\u00e7o voc\u00ea n\u00e3o d\u00e1 nada por ele mas que no final acaba se surpreendendo.<\/span><br \/>No livro conhecemos a hist\u00f3ria de Anais, uma jovem princesa do Reino das Joias que&nbsp;tinha uma vida mon\u00f3tona&nbsp;at\u00e9 o dia do seu noivado com Vitor um jovem lindo e bondoso por quem ela tinha um enorme carinho por\u00e9m n\u00e3o amava.<br \/>Quando Vitor coloca o anel de noivado no dedo dela sua vida muda completamente pois a pedra azul do anel muda de cor e&nbsp;fica roxa, coisa que segundo&nbsp;uma&nbsp;conhecida lenda da cidade&nbsp;s\u00f3 acontece quando ele \u00e9 usado por uma bruxa.<br \/>Nesse momento&nbsp;Anais se v\u00ea obrigada a fugir para um lugar conhecido como Floresta das Sombras, um lugar habitado&nbsp;somente por&nbsp;bruxas onde ningu\u00e9m consegue entrar.<br \/>L\u00e1 ela descobre que n\u00e3o \u00e9 apenas uma bruxa e sim a rainha da floresta da lua (nome real do lugar) e descobre tamb\u00e9m que ser uma&nbsp;bruxa n\u00e3o \u00e9 algo ruim e sim uma coisa boa que far\u00e1 com que ela passe a enxergar a vida de outra forma.<br \/>Nesse livro&nbsp;\u00e9 mostrado ao leitor uma vis\u00e3o diferente das bruxas, elas tem como lema de vida a seguinte frase: &#8220;<em>Voc\u00ea pode fazer o que quiser desde que n\u00e3o prejudique ningu\u00e9m, inclusive voc\u00ea mesmo<\/em>&#8220;<br \/>Enquanto acompanhamos&nbsp;a trajet\u00f3ria de Anais e as mudan\u00e7as que acontecem&nbsp;em sua vida ao descobrir que \u00e9 uma bruxa tamb\u00e9m fazemos v\u00e1rias reflex\u00f5es sobre a vida e sobre o pr\u00e9 julgamento que fazemos das pessoas antes de conhec\u00ea-las.<br \/>Apesar de ser bem pequeno (tem apenas 66 p\u00e1ginas) \u00e9 uma leitura leve e super agrad\u00e1vel&nbsp;que&nbsp;eu recomendo a todos principalmente para aquelas pessoas que n\u00e3o tem o habito ou n\u00e3o tem tempo&nbsp;para ler livros extensos.<br \/>J\u00e1 foi lan\u00e7ado o segundo volume da s\u00e9rie que se chama &#8220;A rainha da floresta e a Deusa da Terra&#8221; que aliais estou super curiosa para ler.<\/div>\n<div style=\"color: #666666; font-family: 'Trebuchet MS', sans-serif; font-size: 13px; text-align: justify;\"><\/div>\n<div style=\"text-align: justify;\"><span style=\"font-family: &quot;verdana&quot; , sans-serif;\">Bacana n\u00e3o?! A tempo, A Rainha da Floresta ruma para a Sui\u00e7a!!!<\/span><\/p>\n<\/div>\n<div style=\"text-align: justify;\">\n<div style=\"color: #666666; font-family: 'Trebuchet MS', sans-serif; font-size: 13px;\"><\/div>\n<div style=\"color: #666666; font-family: 'Trebuchet MS', sans-serif; font-size: 13px;\"><\/div>\n<div style=\"clear: both; color: #666666; font-family: 'Trebuchet MS', sans-serif; font-size: 13px; text-align: center;\"><\/div>\n<div style=\"color: #666666; font-family: 'Trebuchet MS', sans-serif; font-size: 13px;\"><\/div>\n<\/div>\n<div style=\"color: #666666; font-family: 'Trebuchet MS', sans-serif; font-size: 13px; text-align: justify;\"><\/div>\n<div style=\"color: #666666; font-family: 'Trebuchet MS', sans-serif; font-size: 13px; text-align: justify;\"><\/div>\n<div style=\"color: #666666; font-family: 'Trebuchet MS', sans-serif; font-size: 13px; text-align: justify;\"><\/div>\n<div style=\"color: #666666; font-family: 'Trebuchet MS', sans-serif; font-size: 13px; text-align: justify;\"><\/div>\n<\/div>\n","protected":false},"excerpt":{"rendered":"<p>A saga de A Rainha da Floresta foi convidada por Adriana Vargas para integrar o Clube de Novo Autores (http:\/\/clubnovosautores.blogspot.com\/). Come\u00e7amos a trabalhar com o volume 1, A Rainha da Floresta, que est\u00e1 &nbsp;participando de v\u00e1rias promo\u00e7\u00f5es e parcerias, entre elas o booktour, que consiste em uma lista de blogs liter\u00e1rios que l\u00eaem o livro e fazem a sua resenha. &hellip; <\/p>\n","protected":false},"author":2,"featured_media":0,"comment_status":"open","ping_status":"open","sticky":false,"template":"","format":"standard","meta":{"jetpack_post_was_ever_published":false,"_jetpack_newsletter_access":"","_jetpack_dont_email_post_to_subs":false,"_jetpack_newsletter_tier_id":0,"_jetpack_memberships_contains_paywalled_content":false,"_jetpack_memberships_contains_paid_content":false,"footnotes":"","jetpack_publicize_message":"","jetpack_publicize_feature_enabled":true,"jetpack_social_post_already_shared":true,"jetpack_social_options":{"image_generator_settings":{"template":"highway","enabled":false},"version":2}},"categories":[174,173,426,355,425,206,203,205,424,341,177],"tags":[],"class_list":["post-790","post","type-post","status-publish","format-standard","hentry","category-a-rainha-da-floresta","category-anna-leao","category-aventura-bruxas","category-literatura","category-livro","category-magia","category-medieval","category-poder-feminino","category-pricesa","category-romance","category-trilogia-de-fantasia"],"yoast_head":"<!-- This site is optimized with the Yoast SEO plugin v25.2 - https:\/\/yoast.com\/wordpress\/plugins\/seo\/ -->\n<title>Novidades! - ANNA DE LE\u00c3O<\/title>\n<meta name=\"robots\" content=\"index, follow, max-snippet:-1, max-image-preview:large, max-video-preview:-1\" \/>\n<link rel=\"canonical\" href=\"https:\/\/annaleao.com.br\/site\/novidades\/\" \/>\n<meta property=\"og:locale\" content=\"pt_BR\" \/>\n<meta property=\"og:type\" content=\"article\" \/>\n<meta property=\"og:title\" content=\"Novidades! - ANNA DE LE\u00c3O\" \/>\n<meta property=\"og:description\" content=\"A saga de A Rainha da Floresta foi convidada por Adriana Vargas para integrar o Clube de Novo Autores (http:\/\/clubnovosautores.blogspot.com\/). Come\u00e7amos a trabalhar com o volume 1, A Rainha da Floresta, que est\u00e1 &nbsp;participando de v\u00e1rias promo\u00e7\u00f5es e parcerias, entre elas o booktour, que consiste em uma lista de blogs liter\u00e1rios que l\u00eaem o livro e fazem a sua resenha. &hellip;\" \/>\n<meta property=\"og:url\" content=\"https:\/\/annaleao.com.br\/site\/novidades\/\" \/>\n<meta property=\"og:site_name\" content=\"ANNA DE LE\u00c3O\" \/>\n<meta property=\"article:published_time\" content=\"2011-09-29T19:06:00+00:00\" \/>\n<meta property=\"og:image\" content=\"https:\/\/1.bp.blogspot.com\/-3xKSL5GrZ8A\/ToIWynYB2GI\/AAAAAAAAA1U\/N4_dnwNQdcw\/s320\/Rainha_da_Flo_bx.JPG\" \/>\n<meta name=\"author\" content=\"Anna de Le\u00e3o\" \/>\n<meta name=\"twitter:label1\" content=\"Escrito por\" \/>\n\t<meta name=\"twitter:data1\" content=\"Anna de Le\u00e3o\" \/>\n\t<meta name=\"twitter:label2\" content=\"Est. tempo de leitura\" \/>\n\t<meta name=\"twitter:data2\" content=\"3 minutos\" \/>\n<script type=\"application\/ld+json\" class=\"yoast-schema-graph\">{\"@context\":\"https:\/\/schema.org\",\"@graph\":[{\"@type\":\"WebPage\",\"@id\":\"https:\/\/annaleao.com.br\/site\/novidades\/\",\"url\":\"https:\/\/annaleao.com.br\/site\/novidades\/\",\"name\":\"Novidades! - ANNA DE LE\u00c3O\",\"isPartOf\":{\"@id\":\"https:\/\/annaleao.com.br\/site\/#website\"},\"primaryImageOfPage\":{\"@id\":\"https:\/\/annaleao.com.br\/site\/novidades\/#primaryimage\"},\"image\":{\"@id\":\"https:\/\/annaleao.com.br\/site\/novidades\/#primaryimage\"},\"thumbnailUrl\":\"https:\/\/1.bp.blogspot.com\/-3xKSL5GrZ8A\/ToIWynYB2GI\/AAAAAAAAA1U\/N4_dnwNQdcw\/s320\/Rainha_da_Flo_bx.JPG\",\"datePublished\":\"2011-09-29T19:06:00+00:00\",\"author\":{\"@id\":\"https:\/\/annaleao.com.br\/site\/#\/schema\/person\/c61c763755650f8b56acd76d44c7bc8c\"},\"breadcrumb\":{\"@id\":\"https:\/\/annaleao.com.br\/site\/novidades\/#breadcrumb\"},\"inLanguage\":\"pt-BR\",\"potentialAction\":[{\"@type\":\"ReadAction\",\"target\":[\"https:\/\/annaleao.com.br\/site\/novidades\/\"]}]},{\"@type\":\"ImageObject\",\"inLanguage\":\"pt-BR\",\"@id\":\"https:\/\/annaleao.com.br\/site\/novidades\/#primaryimage\",\"url\":\"https:\/\/1.bp.blogspot.com\/-3xKSL5GrZ8A\/ToIWynYB2GI\/AAAAAAAAA1U\/N4_dnwNQdcw\/s320\/Rainha_da_Flo_bx.JPG\",\"contentUrl\":\"https:\/\/1.bp.blogspot.com\/-3xKSL5GrZ8A\/ToIWynYB2GI\/AAAAAAAAA1U\/N4_dnwNQdcw\/s320\/Rainha_da_Flo_bx.JPG\"},{\"@type\":\"BreadcrumbList\",\"@id\":\"https:\/\/annaleao.com.br\/site\/novidades\/#breadcrumb\",\"itemListElement\":[{\"@type\":\"ListItem\",\"position\":1,\"name\":\"In\u00edcio\",\"item\":\"https:\/\/annaleao.com.br\/site\/\"},{\"@type\":\"ListItem\",\"position\":2,\"name\":\"Novidades!\"}]},{\"@type\":\"WebSite\",\"@id\":\"https:\/\/annaleao.com.br\/site\/#website\",\"url\":\"https:\/\/annaleao.com.br\/site\/\",\"name\":\"ANNA DE LE\u00c3O\",\"description\":\" Escritora e Terapeuta\",\"potentialAction\":[{\"@type\":\"SearchAction\",\"target\":{\"@type\":\"EntryPoint\",\"urlTemplate\":\"https:\/\/annaleao.com.br\/site\/?s={search_term_string}\"},\"query-input\":{\"@type\":\"PropertyValueSpecification\",\"valueRequired\":true,\"valueName\":\"search_term_string\"}}],\"inLanguage\":\"pt-BR\"},{\"@type\":\"Person\",\"@id\":\"https:\/\/annaleao.com.br\/site\/#\/schema\/person\/c61c763755650f8b56acd76d44c7bc8c\",\"name\":\"Anna de Le\u00e3o\",\"image\":{\"@type\":\"ImageObject\",\"inLanguage\":\"pt-BR\",\"@id\":\"https:\/\/annaleao.com.br\/site\/#\/schema\/person\/image\/\",\"url\":\"https:\/\/secure.gravatar.com\/avatar\/e29860c6ef57760b67570c34e3948ba9de10eb9b2e2f20081d0061a7233daf60?s=96&d=blank&r=g\",\"contentUrl\":\"https:\/\/secure.gravatar.com\/avatar\/e29860c6ef57760b67570c34e3948ba9de10eb9b2e2f20081d0061a7233daf60?s=96&d=blank&r=g\",\"caption\":\"Anna de Le\u00e3o\"},\"sameAs\":[\"http:\/\/www.annaleao.com.br\",\"https:\/\/x.com\/https:\/\/www.instagram.com\/annadeleao\"],\"url\":\"https:\/\/annaleao.com.br\/site\/author\/anna\/\"}]}<\/script>\n<!-- \/ Yoast SEO plugin. -->","yoast_head_json":{"title":"Novidades! - ANNA DE LE\u00c3O","robots":{"index":"index","follow":"follow","max-snippet":"max-snippet:-1","max-image-preview":"max-image-preview:large","max-video-preview":"max-video-preview:-1"},"canonical":"https:\/\/annaleao.com.br\/site\/novidades\/","og_locale":"pt_BR","og_type":"article","og_title":"Novidades! - ANNA DE LE\u00c3O","og_description":"A saga de A Rainha da Floresta foi convidada por Adriana Vargas para integrar o Clube de Novo Autores (http:\/\/clubnovosautores.blogspot.com\/). Come\u00e7amos a trabalhar com o volume 1, A Rainha da Floresta, que est\u00e1 &nbsp;participando de v\u00e1rias promo\u00e7\u00f5es e parcerias, entre elas o booktour, que consiste em uma lista de blogs liter\u00e1rios que l\u00eaem o livro e fazem a sua resenha. &hellip;","og_url":"https:\/\/annaleao.com.br\/site\/novidades\/","og_site_name":"ANNA DE LE\u00c3O","article_published_time":"2011-09-29T19:06:00+00:00","og_image":[{"url":"https:\/\/1.bp.blogspot.com\/-3xKSL5GrZ8A\/ToIWynYB2GI\/AAAAAAAAA1U\/N4_dnwNQdcw\/s320\/Rainha_da_Flo_bx.JPG","type":"","width":"","height":""}],"author":"Anna de Le\u00e3o","twitter_misc":{"Escrito por":"Anna de Le\u00e3o","Est. tempo de leitura":"3 minutos"},"schema":{"@context":"https:\/\/schema.org","@graph":[{"@type":"WebPage","@id":"https:\/\/annaleao.com.br\/site\/novidades\/","url":"https:\/\/annaleao.com.br\/site\/novidades\/","name":"Novidades! - ANNA DE LE\u00c3O","isPartOf":{"@id":"https:\/\/annaleao.com.br\/site\/#website"},"primaryImageOfPage":{"@id":"https:\/\/annaleao.com.br\/site\/novidades\/#primaryimage"},"image":{"@id":"https:\/\/annaleao.com.br\/site\/novidades\/#primaryimage"},"thumbnailUrl":"https:\/\/1.bp.blogspot.com\/-3xKSL5GrZ8A\/ToIWynYB2GI\/AAAAAAAAA1U\/N4_dnwNQdcw\/s320\/Rainha_da_Flo_bx.JPG","datePublished":"2011-09-29T19:06:00+00:00","author":{"@id":"https:\/\/annaleao.com.br\/site\/#\/schema\/person\/c61c763755650f8b56acd76d44c7bc8c"},"breadcrumb":{"@id":"https:\/\/annaleao.com.br\/site\/novidades\/#breadcrumb"},"inLanguage":"pt-BR","potentialAction":[{"@type":"ReadAction","target":["https:\/\/annaleao.com.br\/site\/novidades\/"]}]},{"@type":"ImageObject","inLanguage":"pt-BR","@id":"https:\/\/annaleao.com.br\/site\/novidades\/#primaryimage","url":"https:\/\/1.bp.blogspot.com\/-3xKSL5GrZ8A\/ToIWynYB2GI\/AAAAAAAAA1U\/N4_dnwNQdcw\/s320\/Rainha_da_Flo_bx.JPG","contentUrl":"https:\/\/1.bp.blogspot.com\/-3xKSL5GrZ8A\/ToIWynYB2GI\/AAAAAAAAA1U\/N4_dnwNQdcw\/s320\/Rainha_da_Flo_bx.JPG"},{"@type":"BreadcrumbList","@id":"https:\/\/annaleao.com.br\/site\/novidades\/#breadcrumb","itemListElement":[{"@type":"ListItem","position":1,"name":"In\u00edcio","item":"https:\/\/annaleao.com.br\/site\/"},{"@type":"ListItem","position":2,"name":"Novidades!"}]},{"@type":"WebSite","@id":"https:\/\/annaleao.com.br\/site\/#website","url":"https:\/\/annaleao.com.br\/site\/","name":"ANNA DE LE\u00c3O","description":" Escritora e Terapeuta","potentialAction":[{"@type":"SearchAction","target":{"@type":"EntryPoint","urlTemplate":"https:\/\/annaleao.com.br\/site\/?s={search_term_string}"},"query-input":{"@type":"PropertyValueSpecification","valueRequired":true,"valueName":"search_term_string"}}],"inLanguage":"pt-BR"},{"@type":"Person","@id":"https:\/\/annaleao.com.br\/site\/#\/schema\/person\/c61c763755650f8b56acd76d44c7bc8c","name":"Anna de Le\u00e3o","image":{"@type":"ImageObject","inLanguage":"pt-BR","@id":"https:\/\/annaleao.com.br\/site\/#\/schema\/person\/image\/","url":"https:\/\/secure.gravatar.com\/avatar\/e29860c6ef57760b67570c34e3948ba9de10eb9b2e2f20081d0061a7233daf60?s=96&d=blank&r=g","contentUrl":"https:\/\/secure.gravatar.com\/avatar\/e29860c6ef57760b67570c34e3948ba9de10eb9b2e2f20081d0061a7233daf60?s=96&d=blank&r=g","caption":"Anna de Le\u00e3o"},"sameAs":["http:\/\/www.annaleao.com.br","https:\/\/x.com\/https:\/\/www.instagram.com\/annadeleao"],"url":"https:\/\/annaleao.com.br\/site\/author\/anna\/"}]}},"jetpack_publicize_connections":[],"jetpack_featured_media_url":"","jetpack_sharing_enabled":true,"jetpack_shortlink":"https:\/\/wp.me\/p8nt2H-cK","jetpack-related-posts":[],"_links":{"self":[{"href":"https:\/\/annaleao.com.br\/site\/wp-json\/wp\/v2\/posts\/790","targetHints":{"allow":["GET"]}}],"collection":[{"href":"https:\/\/annaleao.com.br\/site\/wp-json\/wp\/v2\/posts"}],"about":[{"href":"https:\/\/annaleao.com.br\/site\/wp-json\/wp\/v2\/types\/post"}],"author":[{"embeddable":true,"href":"https:\/\/annaleao.com.br\/site\/wp-json\/wp\/v2\/users\/2"}],"replies":[{"embeddable":true,"href":"https:\/\/annaleao.com.br\/site\/wp-json\/wp\/v2\/comments?post=790"}],"version-history":[{"count":0,"href":"https:\/\/annaleao.com.br\/site\/wp-json\/wp\/v2\/posts\/790\/revisions"}],"wp:attachment":[{"href":"https:\/\/annaleao.com.br\/site\/wp-json\/wp\/v2\/media?parent=790"}],"wp:term":[{"taxonomy":"category","embeddable":true,"href":"https:\/\/annaleao.com.br\/site\/wp-json\/wp\/v2\/categories?post=790"},{"taxonomy":"post_tag","embeddable":true,"href":"https:\/\/annaleao.com.br\/site\/wp-json\/wp\/v2\/tags?post=790"}],"curies":[{"name":"wp","href":"https:\/\/api.w.org\/{rel}","templated":true}]}}