{"id":793,"date":"2011-09-01T17:15:00","date_gmt":"2011-09-01T17:15:00","guid":{"rendered":"https:\/\/annaleao.com.br\/site\/a-sindrome-bipolar\/"},"modified":"2019-07-13T17:41:33","modified_gmt":"2019-07-13T17:41:33","slug":"a-sindrome-bipolar","status":"publish","type":"post","link":"https:\/\/annaleao.com.br\/site\/a-sindrome-bipolar\/","title":{"rendered":"A S\u00edndrome Bipolar"},"content":{"rendered":"<p>A S\u00edndrome Bipolar<\/p>\n<p>O termo bipolar virou um jarg\u00e3o n\u00e3o s\u00f3 na medicina comportamental, como na boca dos mais modernos. Substituindo o antigo e n\u00e3o t\u00e3o famoso<em> boderline<\/em> \u2013 da mesma fam\u00edlia, isto se n\u00e3o for quase o mesmo dist\u00farbio \u2013 o bipolar \u00e9 o nome da moda.<\/p>\n<div>\n<p><span style=\"background: white;\">Em uma das frases meu amigo diz que o bipolar \u00e9 aquele que muda de estado de \u00e2nimo de uma hora para a outra sem motivo aparente. Correto. Esta \u00e9 a descri\u00e7\u00e3o do bipolar. N\u00e3o sou da \u00e1rea m\u00e9dica, mas sou da \u00e1rea terap\u00eautica. <\/span><\/p>\n<p><span style=\"background: white;\">Trabalho e vivencio terapias mais alternativas \u2013 por isto, mais hol\u00edsticas, dentro deste mundo t\u00e3o compartimentado \u2013 e tenho uma espiritualidade que n\u00e3o est\u00e1 isolada de minha filosofia de vida e a\u00e7\u00f5es. Sei que existem casos s\u00e9rios, de depress\u00e3o, TOC, esquizofrenia, e tantos outros dist\u00farbios ps\u00edquicos.\u00a0<\/span><\/p>\n<h4><span style=\"background: white;\">Por\u00e9m, o bipolar \u00e9 o dist\u00farbio do momento (assim como o stress e a TPM), gerados pela falta de respeito consigo mesmo imposta por um mundo ditador, imperativo, capitalista e competitivo ao extremo, al\u00e9m de controlador. O mundo est\u00e1 neur\u00f3tico, as pessoas, idem.<\/span><\/h4>\n<p><span style=\"background: white;\">Lembro-me de alguns anos atr\u00e1s, quando \u201cestourou\u201d a s\u00edndrome do bipolar, de uma amiga me dizendo numa conversa: \u201cAnna, todo mundo \u00e9 bipolar.\u201d Sim, amiga, todo mundo \u00e9 bipolar. Concordo. O que acontece, e \u00e9 onde quero chegar com este artigo, \u00e9 que o que \u00e9 visto como bipolar, \u00e9 uma desesperada tentativa em poder ser e viver de acordo com os nossos pr\u00f3prios ciclos.<\/span><\/p>\n<p><span style=\"background: white;\">Desde muito, muito tempo, e cada vez mais, vivemos num mundo linear, extremamente racional e controlador, que proclama que tudo e todos devem ser constantes, r\u00edgidos e fixos. Um mundo que condena as mudan\u00e7as \u2013 por isto tanta gente ter medo delas &#8211; , um mundo que n\u00e3o percebe, ou n\u00e3o quer perceber, os fluxos e refluxos da vida, dos sentimentos, das emo\u00e7\u00f5es, de tudo. <\/span><\/p>\n<p><span style=\"background: white;\">Esta err\u00f4nea vis\u00e3o de seguran\u00e7a baseada no est\u00e1tico \u00e9 completamente contr\u00e1ria \u00e0 natureza humana. Tudo no mundo tem seus ciclos, n\u00e3o s\u00f3 a M\u00e3e Natureza, como nossas emo\u00e7\u00f5es, corpos, estados de esp\u00edrito, rela\u00e7\u00f5es.\u00a0<\/span><\/p>\n<h4><span style=\"background: white;\">Somos reflexos de uma Natureza maior e assim como ela temos nossos ciclos anuais, mensais e di\u00e1rios. Isto n\u00e3o \u00e9 uma fraqueza, pelo contr\u00e1rio, isto \u00e9 a vida, a exist\u00eancia, que est\u00e3o em constante movimento. <\/span><\/h4>\n<p><span style=\"background: white;\">N\u00e3o somos desequilibrados porque n\u00e3o agimos e sentimos sempre da mesma maneira. As rela\u00e7\u00f5es, por exemplo, est\u00e3o sempre se transformando. Quando amamos algu\u00e9m, por maior que seja este amor, n\u00e3o estamos todo o dia sentindo este sentimento da mesma forma e intensidade, e isto \u00e9 natural, e o natural \u00e9 saud\u00e1vel.<\/span><\/p>\n<p><span style=\"background: white;\">A s\u00edndrome bipolar pode ser uma das maneiras que a natureza de um ser humano encontra para avisar que h\u00e1 algo errado. Mas, ao meu ver, muitas vezes ela \u00e9 um diagn\u00f3stico baseado nos padr\u00f5es vigentes sociais de domina\u00e7\u00e3o e controle do indiv\u00edduo.<\/span><\/p>\n<p><span style=\"background: white;\">Para sermos de fato saud\u00e1veis mental e emocionalmente precisamos conhecer, respeitar e vivenciar nossos pr\u00f3prios ciclos, mesmo que isto n\u00e3o esteja de acordo com os padr\u00f5es sociais impostos e aprova\u00e7\u00f5es externas. Muitas vezes este processo nos leva a mudan\u00e7as de estilo de vida, de cidade e de trabalho. Isto acontece quando come\u00e7amos a ser mais fieis a nossa pr\u00f3pria natureza e percebemos invi\u00e1vel a perman\u00eancia de algumas situa\u00e7\u00f5es.<\/span><\/p>\n<p><span style=\"background: white;\">Muitas pessoas que sofriam de stress mudaram seus estilos de vida drasticamente respeitando seus ditames essenciais em vez dos sociais. <\/span><\/p>\n<p><span style=\"background: white;\">Algumas mulheres que sofriam de TPM, buscando a cura, encontraram terapias que as fizeram se reconectar com os seu feminino sagrado e respeitar seu per\u00edodo menstrual, mesmo quando o mundo capitalista, consumista e patriarcal exige da mulher uma postura masculina a fim de ter as mesmas oportunidades dos homens.<\/span><\/p>\n<p><span style=\"background: white;\">A for\u00e7a da Natureza \u00e9 muito grande, a for\u00e7a de nossa pr\u00f3pria natureza tamb\u00e9m e, gostando ou n\u00e3o, elas est\u00e3o interligadas. N\u00e3o h\u00e1 como querer desconectar do ser natural que somos, estamos em constante movimento, ou pelo menos seria para ser assim. <\/span><\/p>\n<h4><span style=\"background: white;\">N\u00e3o \u00e9 para ser inst\u00e1vel, mas tamb\u00e9m n\u00e3o \u00e9 para cristalizar. O que podemos achar que \u00e9 solidez, pode ser uma incr\u00edvel estagna\u00e7\u00e3o. O que podemos pensar ser instabilidade, pode ser uma constante saud\u00e1vel de nossos fluxos e refluxos. Procuremos dentro e n\u00e3o fora, para podermos nos encontrar e sermos n\u00f3s mesmos, independente do que queremos ou querem que sejamos.<\/span><\/h4>\n<p><span style=\"background: white;\">Para deixar de nos sentirmos uns enfermos da sociedade o passo \u00e9 nos conhecermos e nos respeitarmos; n\u00e3o nos sentirmos v\u00edtimas, nem carregarmos culpas; nos reconectarmos com a natureza externa e interna; abrir m\u00e3o de expectativas sobre n\u00f3s mesmos (internas ou externas); come\u00e7armos um processo infind\u00e1vel, por\u00e9m enriquecedor, de autoconhecimento. Tudo isto de uma forma hol\u00edstica, generosa e sem cobran\u00e7a.\u00a0<\/span><\/p>\n<\/div>\n<p>Anna de Le\u00e3o (Favor mencionar autoria e fonte ao reproduzir este texto)<\/p>\n<p>&nbsp;<\/p>\n","protected":false},"excerpt":{"rendered":"<p>A S\u00edndrome Bipolar O termo bipolar virou um jarg\u00e3o n\u00e3o s\u00f3 na medicina comportamental, como na boca dos mais modernos. Substituindo o antigo e n\u00e3o t\u00e3o famoso boderline \u2013 da mesma fam\u00edlia, isto se n\u00e3o for quase o mesmo dist\u00farbio \u2013 o bipolar \u00e9 o nome da moda. Em uma das frases meu amigo diz que o bipolar \u00e9 aquele &hellip; <\/p>\n","protected":false},"author":2,"featured_media":2767,"comment_status":"open","ping_status":"open","sticky":false,"template":"","format":"standard","meta":{"jetpack_post_was_ever_published":false,"_jetpack_newsletter_access":"","_jetpack_dont_email_post_to_subs":false,"_jetpack_newsletter_tier_id":0,"_jetpack_memberships_contains_paywalled_content":false,"_jetpack_memberships_contains_paid_content":false,"footnotes":"","jetpack_publicize_message":"","jetpack_publicize_feature_enabled":true,"jetpack_social_post_already_shared":true,"jetpack_social_options":{"image_generator_settings":{"template":"highway","enabled":false},"version":2}},"categories":[432,184,157,204,197,433],"tags":[1181,1182],"class_list":["post-793","post","type-post","status-publish","format-standard","has-post-thumbnail","hentry","category-bipolar","category-blog-metamorfose","category-desenvolvimento-pessoal","category-natureza","category-paganismo","category-sindrome-bipolar","tag-bipolaridade","tag-sindrome-bipolar"],"yoast_head":"<!-- This site is optimized with the Yoast SEO plugin v25.2 - https:\/\/yoast.com\/wordpress\/plugins\/seo\/ -->\n<title>A S\u00edndrome Bipolar - ANNA DE LE\u00c3O<\/title>\n<meta name=\"description\" content=\"A S\u00edndrome Bipolar - O termo bipolar virou um jarg\u00e3o n\u00e3o s\u00f3 na medicina comportamental, como na boca dos mais modernos...\" \/>\n<meta name=\"robots\" content=\"index, follow, max-snippet:-1, max-image-preview:large, max-video-preview:-1\" \/>\n<link rel=\"canonical\" href=\"https:\/\/annaleao.com.br\/site\/a-sindrome-bipolar\/\" \/>\n<meta property=\"og:locale\" content=\"pt_BR\" \/>\n<meta property=\"og:type\" content=\"article\" \/>\n<meta property=\"og:title\" content=\"A S\u00edndrome Bipolar - ANNA DE LE\u00c3O\" \/>\n<meta property=\"og:description\" content=\"A S\u00edndrome Bipolar - O termo bipolar virou um jarg\u00e3o n\u00e3o s\u00f3 na medicina comportamental, como na boca dos mais modernos...\" \/>\n<meta property=\"og:url\" content=\"https:\/\/annaleao.com.br\/site\/a-sindrome-bipolar\/\" \/>\n<meta property=\"og:site_name\" content=\"ANNA DE LE\u00c3O\" \/>\n<meta property=\"article:published_time\" content=\"2011-09-01T17:15:00+00:00\" \/>\n<meta property=\"article:modified_time\" content=\"2019-07-13T17:41:33+00:00\" \/>\n<meta property=\"og:image\" content=\"https:\/\/annaleao.com.br\/site\/wp-content\/uploads\/2011\/09\/disfarces_medo.jpg\" \/>\n\t<meta property=\"og:image:width\" content=\"400\" \/>\n\t<meta property=\"og:image:height\" content=\"313\" \/>\n\t<meta property=\"og:image:type\" content=\"image\/jpeg\" \/>\n<meta name=\"author\" content=\"Anna de Le\u00e3o\" \/>\n<meta name=\"twitter:label1\" content=\"Escrito por\" \/>\n\t<meta name=\"twitter:data1\" content=\"Anna de Le\u00e3o\" \/>\n\t<meta name=\"twitter:label2\" content=\"Est. tempo de leitura\" \/>\n\t<meta name=\"twitter:data2\" content=\"4 minutos\" \/>\n<script type=\"application\/ld+json\" class=\"yoast-schema-graph\">{\"@context\":\"https:\/\/schema.org\",\"@graph\":[{\"@type\":\"WebPage\",\"@id\":\"https:\/\/annaleao.com.br\/site\/a-sindrome-bipolar\/\",\"url\":\"https:\/\/annaleao.com.br\/site\/a-sindrome-bipolar\/\",\"name\":\"A S\u00edndrome Bipolar - ANNA DE LE\u00c3O\",\"isPartOf\":{\"@id\":\"https:\/\/annaleao.com.br\/site\/#website\"},\"primaryImageOfPage\":{\"@id\":\"https:\/\/annaleao.com.br\/site\/a-sindrome-bipolar\/#primaryimage\"},\"image\":{\"@id\":\"https:\/\/annaleao.com.br\/site\/a-sindrome-bipolar\/#primaryimage\"},\"thumbnailUrl\":\"https:\/\/annaleao.com.br\/site\/wp-content\/uploads\/2011\/09\/disfarces_medo.jpg\",\"datePublished\":\"2011-09-01T17:15:00+00:00\",\"dateModified\":\"2019-07-13T17:41:33+00:00\",\"author\":{\"@id\":\"https:\/\/annaleao.com.br\/site\/#\/schema\/person\/c61c763755650f8b56acd76d44c7bc8c\"},\"description\":\"A S\u00edndrome Bipolar - O termo bipolar virou um jarg\u00e3o n\u00e3o s\u00f3 na medicina comportamental, como na boca dos mais modernos...\",\"breadcrumb\":{\"@id\":\"https:\/\/annaleao.com.br\/site\/a-sindrome-bipolar\/#breadcrumb\"},\"inLanguage\":\"pt-BR\",\"potentialAction\":[{\"@type\":\"ReadAction\",\"target\":[\"https:\/\/annaleao.com.br\/site\/a-sindrome-bipolar\/\"]}]},{\"@type\":\"ImageObject\",\"inLanguage\":\"pt-BR\",\"@id\":\"https:\/\/annaleao.com.br\/site\/a-sindrome-bipolar\/#primaryimage\",\"url\":\"https:\/\/annaleao.com.br\/site\/wp-content\/uploads\/2011\/09\/disfarces_medo.jpg\",\"contentUrl\":\"https:\/\/annaleao.com.br\/site\/wp-content\/uploads\/2011\/09\/disfarces_medo.jpg\",\"width\":400,\"height\":313},{\"@type\":\"BreadcrumbList\",\"@id\":\"https:\/\/annaleao.com.br\/site\/a-sindrome-bipolar\/#breadcrumb\",\"itemListElement\":[{\"@type\":\"ListItem\",\"position\":1,\"name\":\"In\u00edcio\",\"item\":\"https:\/\/annaleao.com.br\/site\/\"},{\"@type\":\"ListItem\",\"position\":2,\"name\":\"A S\u00edndrome Bipolar\"}]},{\"@type\":\"WebSite\",\"@id\":\"https:\/\/annaleao.com.br\/site\/#website\",\"url\":\"https:\/\/annaleao.com.br\/site\/\",\"name\":\"ANNA DE LE\u00c3O\",\"description\":\" Escritora e Terapeuta\",\"potentialAction\":[{\"@type\":\"SearchAction\",\"target\":{\"@type\":\"EntryPoint\",\"urlTemplate\":\"https:\/\/annaleao.com.br\/site\/?s={search_term_string}\"},\"query-input\":{\"@type\":\"PropertyValueSpecification\",\"valueRequired\":true,\"valueName\":\"search_term_string\"}}],\"inLanguage\":\"pt-BR\"},{\"@type\":\"Person\",\"@id\":\"https:\/\/annaleao.com.br\/site\/#\/schema\/person\/c61c763755650f8b56acd76d44c7bc8c\",\"name\":\"Anna de Le\u00e3o\",\"image\":{\"@type\":\"ImageObject\",\"inLanguage\":\"pt-BR\",\"@id\":\"https:\/\/annaleao.com.br\/site\/#\/schema\/person\/image\/\",\"url\":\"https:\/\/secure.gravatar.com\/avatar\/e29860c6ef57760b67570c34e3948ba9de10eb9b2e2f20081d0061a7233daf60?s=96&d=blank&r=g\",\"contentUrl\":\"https:\/\/secure.gravatar.com\/avatar\/e29860c6ef57760b67570c34e3948ba9de10eb9b2e2f20081d0061a7233daf60?s=96&d=blank&r=g\",\"caption\":\"Anna de Le\u00e3o\"},\"sameAs\":[\"http:\/\/www.annaleao.com.br\",\"https:\/\/x.com\/https:\/\/www.instagram.com\/annadeleao\"],\"url\":\"https:\/\/annaleao.com.br\/site\/author\/anna\/\"}]}<\/script>\n<!-- \/ Yoast SEO plugin. -->","yoast_head_json":{"title":"A S\u00edndrome Bipolar - ANNA DE LE\u00c3O","description":"A S\u00edndrome Bipolar - O termo bipolar virou um jarg\u00e3o n\u00e3o s\u00f3 na medicina comportamental, como na boca dos mais modernos...","robots":{"index":"index","follow":"follow","max-snippet":"max-snippet:-1","max-image-preview":"max-image-preview:large","max-video-preview":"max-video-preview:-1"},"canonical":"https:\/\/annaleao.com.br\/site\/a-sindrome-bipolar\/","og_locale":"pt_BR","og_type":"article","og_title":"A S\u00edndrome Bipolar - ANNA DE LE\u00c3O","og_description":"A S\u00edndrome Bipolar - O termo bipolar virou um jarg\u00e3o n\u00e3o s\u00f3 na medicina comportamental, como na boca dos mais modernos...","og_url":"https:\/\/annaleao.com.br\/site\/a-sindrome-bipolar\/","og_site_name":"ANNA DE LE\u00c3O","article_published_time":"2011-09-01T17:15:00+00:00","article_modified_time":"2019-07-13T17:41:33+00:00","og_image":[{"width":400,"height":313,"url":"https:\/\/annaleao.com.br\/site\/wp-content\/uploads\/2011\/09\/disfarces_medo.jpg","type":"image\/jpeg"}],"author":"Anna de Le\u00e3o","twitter_misc":{"Escrito por":"Anna de Le\u00e3o","Est. tempo de leitura":"4 minutos"},"schema":{"@context":"https:\/\/schema.org","@graph":[{"@type":"WebPage","@id":"https:\/\/annaleao.com.br\/site\/a-sindrome-bipolar\/","url":"https:\/\/annaleao.com.br\/site\/a-sindrome-bipolar\/","name":"A S\u00edndrome Bipolar - ANNA DE LE\u00c3O","isPartOf":{"@id":"https:\/\/annaleao.com.br\/site\/#website"},"primaryImageOfPage":{"@id":"https:\/\/annaleao.com.br\/site\/a-sindrome-bipolar\/#primaryimage"},"image":{"@id":"https:\/\/annaleao.com.br\/site\/a-sindrome-bipolar\/#primaryimage"},"thumbnailUrl":"https:\/\/annaleao.com.br\/site\/wp-content\/uploads\/2011\/09\/disfarces_medo.jpg","datePublished":"2011-09-01T17:15:00+00:00","dateModified":"2019-07-13T17:41:33+00:00","author":{"@id":"https:\/\/annaleao.com.br\/site\/#\/schema\/person\/c61c763755650f8b56acd76d44c7bc8c"},"description":"A S\u00edndrome Bipolar - O termo bipolar virou um jarg\u00e3o n\u00e3o s\u00f3 na medicina comportamental, como na boca dos mais modernos...","breadcrumb":{"@id":"https:\/\/annaleao.com.br\/site\/a-sindrome-bipolar\/#breadcrumb"},"inLanguage":"pt-BR","potentialAction":[{"@type":"ReadAction","target":["https:\/\/annaleao.com.br\/site\/a-sindrome-bipolar\/"]}]},{"@type":"ImageObject","inLanguage":"pt-BR","@id":"https:\/\/annaleao.com.br\/site\/a-sindrome-bipolar\/#primaryimage","url":"https:\/\/annaleao.com.br\/site\/wp-content\/uploads\/2011\/09\/disfarces_medo.jpg","contentUrl":"https:\/\/annaleao.com.br\/site\/wp-content\/uploads\/2011\/09\/disfarces_medo.jpg","width":400,"height":313},{"@type":"BreadcrumbList","@id":"https:\/\/annaleao.com.br\/site\/a-sindrome-bipolar\/#breadcrumb","itemListElement":[{"@type":"ListItem","position":1,"name":"In\u00edcio","item":"https:\/\/annaleao.com.br\/site\/"},{"@type":"ListItem","position":2,"name":"A S\u00edndrome Bipolar"}]},{"@type":"WebSite","@id":"https:\/\/annaleao.com.br\/site\/#website","url":"https:\/\/annaleao.com.br\/site\/","name":"ANNA DE LE\u00c3O","description":" Escritora e Terapeuta","potentialAction":[{"@type":"SearchAction","target":{"@type":"EntryPoint","urlTemplate":"https:\/\/annaleao.com.br\/site\/?s={search_term_string}"},"query-input":{"@type":"PropertyValueSpecification","valueRequired":true,"valueName":"search_term_string"}}],"inLanguage":"pt-BR"},{"@type":"Person","@id":"https:\/\/annaleao.com.br\/site\/#\/schema\/person\/c61c763755650f8b56acd76d44c7bc8c","name":"Anna de Le\u00e3o","image":{"@type":"ImageObject","inLanguage":"pt-BR","@id":"https:\/\/annaleao.com.br\/site\/#\/schema\/person\/image\/","url":"https:\/\/secure.gravatar.com\/avatar\/e29860c6ef57760b67570c34e3948ba9de10eb9b2e2f20081d0061a7233daf60?s=96&d=blank&r=g","contentUrl":"https:\/\/secure.gravatar.com\/avatar\/e29860c6ef57760b67570c34e3948ba9de10eb9b2e2f20081d0061a7233daf60?s=96&d=blank&r=g","caption":"Anna de Le\u00e3o"},"sameAs":["http:\/\/www.annaleao.com.br","https:\/\/x.com\/https:\/\/www.instagram.com\/annadeleao"],"url":"https:\/\/annaleao.com.br\/site\/author\/anna\/"}]}},"jetpack_publicize_connections":[],"jetpack_featured_media_url":"https:\/\/annaleao.com.br\/site\/wp-content\/uploads\/2011\/09\/disfarces_medo.jpg","jetpack_sharing_enabled":true,"jetpack_shortlink":"https:\/\/wp.me\/p8nt2H-cN","jetpack-related-posts":[],"_links":{"self":[{"href":"https:\/\/annaleao.com.br\/site\/wp-json\/wp\/v2\/posts\/793","targetHints":{"allow":["GET"]}}],"collection":[{"href":"https:\/\/annaleao.com.br\/site\/wp-json\/wp\/v2\/posts"}],"about":[{"href":"https:\/\/annaleao.com.br\/site\/wp-json\/wp\/v2\/types\/post"}],"author":[{"embeddable":true,"href":"https:\/\/annaleao.com.br\/site\/wp-json\/wp\/v2\/users\/2"}],"replies":[{"embeddable":true,"href":"https:\/\/annaleao.com.br\/site\/wp-json\/wp\/v2\/comments?post=793"}],"version-history":[{"count":3,"href":"https:\/\/annaleao.com.br\/site\/wp-json\/wp\/v2\/posts\/793\/revisions"}],"predecessor-version":[{"id":2769,"href":"https:\/\/annaleao.com.br\/site\/wp-json\/wp\/v2\/posts\/793\/revisions\/2769"}],"wp:featuredmedia":[{"embeddable":true,"href":"https:\/\/annaleao.com.br\/site\/wp-json\/wp\/v2\/media\/2767"}],"wp:attachment":[{"href":"https:\/\/annaleao.com.br\/site\/wp-json\/wp\/v2\/media?parent=793"}],"wp:term":[{"taxonomy":"category","embeddable":true,"href":"https:\/\/annaleao.com.br\/site\/wp-json\/wp\/v2\/categories?post=793"},{"taxonomy":"post_tag","embeddable":true,"href":"https:\/\/annaleao.com.br\/site\/wp-json\/wp\/v2\/tags?post=793"}],"curies":[{"name":"wp","href":"https:\/\/api.w.org\/{rel}","templated":true}]}}