{"id":806,"date":"2011-06-15T20:55:00","date_gmt":"2011-06-15T20:55:00","guid":{"rendered":"https:\/\/annaleao.com.br\/site\/solsticio-de-inverno-4\/"},"modified":"2019-06-21T13:28:52","modified_gmt":"2019-06-21T13:28:52","slug":"solsticio-de-inverno-4","status":"publish","type":"post","link":"https:\/\/annaleao.com.br\/site\/solsticio-de-inverno-4\/","title":{"rendered":"Solst\u00edcio de Inverno"},"content":{"rendered":"<h4> O Solst\u00edcio de Inverno marca a noite mais longa do ano. A partir da\u00ed, a luz no hemisf\u00e9rio sul vai aumentando gradativamente, embora permane\u00e7a o frio.<\/h4>\n<p>&nbsp;<br \/>\nPara os celtas galeses este festival tem uma conota\u00e7\u00e3o forte com os mitos de Arhur, e da\u00ed seu nome Alban Arthan significar tamb\u00e9m a Luz de Arthur, numa alus\u00e3o \u00e0 Arthur como o guardi\u00e3o do urso, a estrela mais brilhante do Hemisf\u00e9rio Norte.\u00a0<br \/>\n&nbsp;<br \/>\nNo Caminho da Deusa, Ela que em Samhain era Anci\u00e3, retorna como M\u00e3e, trazendo em seu ventre, o Deus, a Crian\u00e7a da Promessa. Que simboliza o retorno do Sol e da Luz. O retorno da Deusa, o nascimento do Deus e o retorno da Luz s\u00e3o os pontos focais deste Solst\u00edcio, embora ainda haja frio e hiberna\u00e7\u00e3o. Tudo isto sugere que entremos em contato com nossa for\u00e7a interior atrav\u00e9s da medita\u00e7\u00e3o e introspec\u00e7\u00e3o, alimentando assim a nossa luz e a nossa crian\u00e7a interior.<br \/>\n&nbsp;<\/p>\n<h4> Os festejos do Natal Crist\u00e3o foram inspirados neste festival, que no hemisf\u00e9rio norte se d\u00e1 por volta de vinte ou vinte e um de dezembro. As cores verde, vermelha e dourado e a \u00e1rvore de natal (o pinheiro era associado \u00e0 Deusa) s\u00e3o alguns exemplos dos s\u00edmbolos desta festividade pag\u00e3 que foram absorvidos pela data Crist\u00e3.<\/h4>\n<p>&nbsp;<br \/>\nA comemora\u00e7\u00e3o do nascimento de Jesus j\u00e1 foi feita em diversos meses, sendo fixada em dezembro a partir de 320 d. C., devido \u00e0 semelhan\u00e7a da ess\u00eancia do Solst\u00edcio de Inverno com o nascimento de Cristo.<br \/>\n&nbsp;<br \/>\nAl\u00e9m dos Celtas e dos Crist\u00e3os, outras Tradi\u00e7\u00f5es j\u00e1 celebravam o nascimento da Crian\u00e7a da Promessa no Solst\u00edcio de Inverno.\u00a0<br \/>\n&nbsp;<br \/>\n O Solst\u00edcio de Inverno \u00e9 um per\u00edodo de esperan\u00e7a, pois junto com a Crian\u00e7a da Promessa, que traz calor e fertilidade para a terra e para a nossa vida, renascem as nossas esperan\u00e7as.\u00c9 um momento para nos conectarmos com nossa crian\u00e7a interior, de nos rejuvenescermos trazendo a luz e a alegria para os nossos cora\u00e7\u00f5es.<br \/>\n<b><br \/>\n<\/b><\/span><\/div>\n<div style=\"line-height: 13.5pt; mso-margin-bottom-alt: auto; mso-margin-top-alt: auto;\"><\/div>\n<div style=\"font-weight: bold; line-height: 13.5pt;\">\n<p style=\"text-align: center;\"><b><span style=\"font-family: 'verdana' , sans-serif; font-size: 9pt;\">Solst\u00edcio de Inverno<\/span><\/b><\/p>\n<p style=\"text-align: center;\">\n<\/div>\n<div style=\"font-weight: bold; line-height: 13.5pt; text-align: center;\">\n<p><span style=\"font-family: 'verdana' , sans-serif; font-size: 9pt;\">A morte nutre a vida<br \/>\nA escurid\u00e3o termina<br \/>\nA luz se aproxima<br \/>\nE a dor \u00e9 compreendida<br \/>\nDo luto, a esperan\u00e7a<br \/>\nA vida como promessa<br \/>\nSentindo no cora\u00e7\u00e3o<br \/>\nA chama que aquece<br \/>\nA roda da vida continua a girar<br \/>\nTrazendo\u00a0 a alegria que libertar\u00e1<br \/>\nDo musgo, a flor<br \/>\nDo medo, o amor<br \/>\nTudo em seu tempo<br \/>\nA natureza se recicla<br \/>\nTrazendo mais uma vez<br \/>\nA crian\u00e7a renascida<br \/>\n\u00c9 tempo de amar<br \/>\n\u00c9 tempo de aceitar<br \/>\nO sol brilhar\u00e1<br \/>\nA vida vencer\u00e1!<\/span><\/p>\n<p>&nbsp;<\/p>\n<\/div>\n<div style=\"line-height: 13.5pt; text-align: center;\"><span style=\"font-family: 'verdana' , sans-serif; font-size: 9pt;\">Anna de Le\u00e3o. (Favor mencionar autoria e fonte ao reproduzir este poema).\u00a0<\/span><\/div>\n<div><\/div>\n<p>&nbsp;<\/p>\n<div><\/div>\n<div style=\"line-height: 13.5pt; text-align: center;\"><\/div>\n<div style=\"text-align: center;\"><span style=\"font-size: 12px; line-height: 18px;\"><span style=\"font-family: 'verdana' , sans-serif;\"><b>\u00a0<\/b><\/span><\/span><\/div>\n<p>&nbsp;<\/p>\n<div style=\"line-height: 13.5pt; mso-margin-bottom-alt: auto; mso-margin-top-alt: auto;\"><\/div>\n<div style=\"line-height: 13.5pt; mso-margin-bottom-alt: auto; mso-margin-top-alt: auto;\"><\/div>\n<div style=\"line-height: 13.5pt; mso-margin-bottom-alt: auto; mso-margin-top-alt: auto;\"><\/div>\n<div style=\"line-height: 13.5pt; mso-margin-bottom-alt: auto; mso-margin-top-alt: auto;\"><\/div>\n","protected":false},"excerpt":{"rendered":"<p>O Solst\u00edcio de Inverno marca a noite mais longa do ano. A partir da\u00ed, a luz no hemisf\u00e9rio sul vai aumentando gradativamente, embora permane\u00e7a o frio. &nbsp; Para os celtas galeses este festival tem uma conota\u00e7\u00e3o forte com os mitos de Arhur, e da\u00ed seu nome Alban Arthan significar tamb\u00e9m a Luz de Arthur, numa alus\u00e3o \u00e0 Arthur como o &hellip; <\/p>\n","protected":false},"author":2,"featured_media":2215,"comment_status":"open","ping_status":"open","sticky":false,"template":"","format":"standard","meta":{"jetpack_post_was_ever_published":false,"_jetpack_newsletter_access":"","_jetpack_dont_email_post_to_subs":false,"_jetpack_newsletter_tier_id":0,"_jetpack_memberships_contains_paywalled_content":false,"_jetpack_memberships_contains_paid_content":false,"footnotes":"","jetpack_publicize_message":"","jetpack_publicize_feature_enabled":true,"jetpack_social_post_already_shared":true,"jetpack_social_options":{"image_generator_settings":{"template":"highway","enabled":false},"version":2}},"categories":[3,183],"tags":[1130,84,1024,1131],"class_list":["post-806","post","type-post","status-publish","format-standard","has-post-thumbnail","hentry","category-artigos","category-poema","tag-alban-arthan","tag-inverno","tag-solsticio-de-inverno","tag-yule"],"yoast_head":"<!-- This site is optimized with the Yoast SEO plugin v25.2 - https:\/\/yoast.com\/wordpress\/plugins\/seo\/ -->\n<title>Solst\u00edcio de Inverno - ANNA DE LE\u00c3O<\/title>\n<meta name=\"description\" content=\"O Solst\u00edcio de Inverno marca a noite mais longa do ano. A partir da\u00ed, a luz no hemisf\u00e9rio sul vai aumentando gradativamente, embora permane\u00e7a o frio.\" \/>\n<meta name=\"robots\" content=\"index, follow, max-snippet:-1, max-image-preview:large, max-video-preview:-1\" \/>\n<link rel=\"canonical\" href=\"https:\/\/annaleao.com.br\/site\/solsticio-de-inverno-4\/\" \/>\n<meta property=\"og:locale\" content=\"pt_BR\" \/>\n<meta property=\"og:type\" content=\"article\" \/>\n<meta property=\"og:title\" content=\"Solst\u00edcio de Inverno - ANNA DE LE\u00c3O\" \/>\n<meta property=\"og:description\" content=\"O Solst\u00edcio de Inverno marca a noite mais longa do ano. A partir da\u00ed, a luz no hemisf\u00e9rio sul vai aumentando gradativamente, embora permane\u00e7a o frio.\" \/>\n<meta property=\"og:url\" content=\"https:\/\/annaleao.com.br\/site\/solsticio-de-inverno-4\/\" \/>\n<meta property=\"og:site_name\" content=\"ANNA DE LE\u00c3O\" \/>\n<meta property=\"article:published_time\" content=\"2011-06-15T20:55:00+00:00\" \/>\n<meta property=\"article:modified_time\" content=\"2019-06-21T13:28:52+00:00\" \/>\n<meta property=\"og:image\" content=\"https:\/\/annaleao.com.br\/site\/wp-content\/uploads\/2011\/06\/imagem-do-sol-de-inverno.jpg\" \/>\n\t<meta property=\"og:image:width\" content=\"282\" \/>\n\t<meta property=\"og:image:height\" content=\"400\" \/>\n\t<meta property=\"og:image:type\" content=\"image\/jpeg\" \/>\n<meta name=\"author\" content=\"Anna de Le\u00e3o\" \/>\n<meta name=\"twitter:label1\" content=\"Escrito por\" \/>\n\t<meta name=\"twitter:data1\" content=\"Anna de Le\u00e3o\" \/>\n\t<meta name=\"twitter:label2\" content=\"Est. tempo de leitura\" \/>\n\t<meta name=\"twitter:data2\" content=\"2 minutos\" \/>\n<script type=\"application\/ld+json\" class=\"yoast-schema-graph\">{\"@context\":\"https:\/\/schema.org\",\"@graph\":[{\"@type\":\"WebPage\",\"@id\":\"https:\/\/annaleao.com.br\/site\/solsticio-de-inverno-4\/\",\"url\":\"https:\/\/annaleao.com.br\/site\/solsticio-de-inverno-4\/\",\"name\":\"Solst\u00edcio de Inverno - ANNA DE LE\u00c3O\",\"isPartOf\":{\"@id\":\"https:\/\/annaleao.com.br\/site\/#website\"},\"primaryImageOfPage\":{\"@id\":\"https:\/\/annaleao.com.br\/site\/solsticio-de-inverno-4\/#primaryimage\"},\"image\":{\"@id\":\"https:\/\/annaleao.com.br\/site\/solsticio-de-inverno-4\/#primaryimage\"},\"thumbnailUrl\":\"https:\/\/annaleao.com.br\/site\/wp-content\/uploads\/2011\/06\/imagem-do-sol-de-inverno.jpg\",\"datePublished\":\"2011-06-15T20:55:00+00:00\",\"dateModified\":\"2019-06-21T13:28:52+00:00\",\"author\":{\"@id\":\"https:\/\/annaleao.com.br\/site\/#\/schema\/person\/c61c763755650f8b56acd76d44c7bc8c\"},\"description\":\"O Solst\u00edcio de Inverno marca a noite mais longa do ano. A partir da\u00ed, a luz no hemisf\u00e9rio sul vai aumentando gradativamente, embora permane\u00e7a o frio.\",\"breadcrumb\":{\"@id\":\"https:\/\/annaleao.com.br\/site\/solsticio-de-inverno-4\/#breadcrumb\"},\"inLanguage\":\"pt-BR\",\"potentialAction\":[{\"@type\":\"ReadAction\",\"target\":[\"https:\/\/annaleao.com.br\/site\/solsticio-de-inverno-4\/\"]}]},{\"@type\":\"ImageObject\",\"inLanguage\":\"pt-BR\",\"@id\":\"https:\/\/annaleao.com.br\/site\/solsticio-de-inverno-4\/#primaryimage\",\"url\":\"https:\/\/annaleao.com.br\/site\/wp-content\/uploads\/2011\/06\/imagem-do-sol-de-inverno.jpg\",\"contentUrl\":\"https:\/\/annaleao.com.br\/site\/wp-content\/uploads\/2011\/06\/imagem-do-sol-de-inverno.jpg\",\"width\":282,\"height\":400},{\"@type\":\"BreadcrumbList\",\"@id\":\"https:\/\/annaleao.com.br\/site\/solsticio-de-inverno-4\/#breadcrumb\",\"itemListElement\":[{\"@type\":\"ListItem\",\"position\":1,\"name\":\"In\u00edcio\",\"item\":\"https:\/\/annaleao.com.br\/site\/\"},{\"@type\":\"ListItem\",\"position\":2,\"name\":\"Solst\u00edcio de Inverno\"}]},{\"@type\":\"WebSite\",\"@id\":\"https:\/\/annaleao.com.br\/site\/#website\",\"url\":\"https:\/\/annaleao.com.br\/site\/\",\"name\":\"ANNA DE LE\u00c3O\",\"description\":\" Escritora e Terapeuta\",\"potentialAction\":[{\"@type\":\"SearchAction\",\"target\":{\"@type\":\"EntryPoint\",\"urlTemplate\":\"https:\/\/annaleao.com.br\/site\/?s={search_term_string}\"},\"query-input\":{\"@type\":\"PropertyValueSpecification\",\"valueRequired\":true,\"valueName\":\"search_term_string\"}}],\"inLanguage\":\"pt-BR\"},{\"@type\":\"Person\",\"@id\":\"https:\/\/annaleao.com.br\/site\/#\/schema\/person\/c61c763755650f8b56acd76d44c7bc8c\",\"name\":\"Anna de Le\u00e3o\",\"image\":{\"@type\":\"ImageObject\",\"inLanguage\":\"pt-BR\",\"@id\":\"https:\/\/annaleao.com.br\/site\/#\/schema\/person\/image\/\",\"url\":\"https:\/\/secure.gravatar.com\/avatar\/e29860c6ef57760b67570c34e3948ba9de10eb9b2e2f20081d0061a7233daf60?s=96&d=blank&r=g\",\"contentUrl\":\"https:\/\/secure.gravatar.com\/avatar\/e29860c6ef57760b67570c34e3948ba9de10eb9b2e2f20081d0061a7233daf60?s=96&d=blank&r=g\",\"caption\":\"Anna de Le\u00e3o\"},\"sameAs\":[\"http:\/\/www.annaleao.com.br\",\"https:\/\/x.com\/https:\/\/www.instagram.com\/annadeleao\"],\"url\":\"https:\/\/annaleao.com.br\/site\/author\/anna\/\"}]}<\/script>\n<!-- \/ Yoast SEO plugin. -->","yoast_head_json":{"title":"Solst\u00edcio de Inverno - ANNA DE LE\u00c3O","description":"O Solst\u00edcio de Inverno marca a noite mais longa do ano. A partir da\u00ed, a luz no hemisf\u00e9rio sul vai aumentando gradativamente, embora permane\u00e7a o frio.","robots":{"index":"index","follow":"follow","max-snippet":"max-snippet:-1","max-image-preview":"max-image-preview:large","max-video-preview":"max-video-preview:-1"},"canonical":"https:\/\/annaleao.com.br\/site\/solsticio-de-inverno-4\/","og_locale":"pt_BR","og_type":"article","og_title":"Solst\u00edcio de Inverno - ANNA DE LE\u00c3O","og_description":"O Solst\u00edcio de Inverno marca a noite mais longa do ano. A partir da\u00ed, a luz no hemisf\u00e9rio sul vai aumentando gradativamente, embora permane\u00e7a o frio.","og_url":"https:\/\/annaleao.com.br\/site\/solsticio-de-inverno-4\/","og_site_name":"ANNA DE LE\u00c3O","article_published_time":"2011-06-15T20:55:00+00:00","article_modified_time":"2019-06-21T13:28:52+00:00","og_image":[{"width":282,"height":400,"url":"https:\/\/annaleao.com.br\/site\/wp-content\/uploads\/2011\/06\/imagem-do-sol-de-inverno.jpg","type":"image\/jpeg"}],"author":"Anna de Le\u00e3o","twitter_misc":{"Escrito por":"Anna de Le\u00e3o","Est. tempo de leitura":"2 minutos"},"schema":{"@context":"https:\/\/schema.org","@graph":[{"@type":"WebPage","@id":"https:\/\/annaleao.com.br\/site\/solsticio-de-inverno-4\/","url":"https:\/\/annaleao.com.br\/site\/solsticio-de-inverno-4\/","name":"Solst\u00edcio de Inverno - ANNA DE LE\u00c3O","isPartOf":{"@id":"https:\/\/annaleao.com.br\/site\/#website"},"primaryImageOfPage":{"@id":"https:\/\/annaleao.com.br\/site\/solsticio-de-inverno-4\/#primaryimage"},"image":{"@id":"https:\/\/annaleao.com.br\/site\/solsticio-de-inverno-4\/#primaryimage"},"thumbnailUrl":"https:\/\/annaleao.com.br\/site\/wp-content\/uploads\/2011\/06\/imagem-do-sol-de-inverno.jpg","datePublished":"2011-06-15T20:55:00+00:00","dateModified":"2019-06-21T13:28:52+00:00","author":{"@id":"https:\/\/annaleao.com.br\/site\/#\/schema\/person\/c61c763755650f8b56acd76d44c7bc8c"},"description":"O Solst\u00edcio de Inverno marca a noite mais longa do ano. A partir da\u00ed, a luz no hemisf\u00e9rio sul vai aumentando gradativamente, embora permane\u00e7a o frio.","breadcrumb":{"@id":"https:\/\/annaleao.com.br\/site\/solsticio-de-inverno-4\/#breadcrumb"},"inLanguage":"pt-BR","potentialAction":[{"@type":"ReadAction","target":["https:\/\/annaleao.com.br\/site\/solsticio-de-inverno-4\/"]}]},{"@type":"ImageObject","inLanguage":"pt-BR","@id":"https:\/\/annaleao.com.br\/site\/solsticio-de-inverno-4\/#primaryimage","url":"https:\/\/annaleao.com.br\/site\/wp-content\/uploads\/2011\/06\/imagem-do-sol-de-inverno.jpg","contentUrl":"https:\/\/annaleao.com.br\/site\/wp-content\/uploads\/2011\/06\/imagem-do-sol-de-inverno.jpg","width":282,"height":400},{"@type":"BreadcrumbList","@id":"https:\/\/annaleao.com.br\/site\/solsticio-de-inverno-4\/#breadcrumb","itemListElement":[{"@type":"ListItem","position":1,"name":"In\u00edcio","item":"https:\/\/annaleao.com.br\/site\/"},{"@type":"ListItem","position":2,"name":"Solst\u00edcio de Inverno"}]},{"@type":"WebSite","@id":"https:\/\/annaleao.com.br\/site\/#website","url":"https:\/\/annaleao.com.br\/site\/","name":"ANNA DE LE\u00c3O","description":" Escritora e Terapeuta","potentialAction":[{"@type":"SearchAction","target":{"@type":"EntryPoint","urlTemplate":"https:\/\/annaleao.com.br\/site\/?s={search_term_string}"},"query-input":{"@type":"PropertyValueSpecification","valueRequired":true,"valueName":"search_term_string"}}],"inLanguage":"pt-BR"},{"@type":"Person","@id":"https:\/\/annaleao.com.br\/site\/#\/schema\/person\/c61c763755650f8b56acd76d44c7bc8c","name":"Anna de Le\u00e3o","image":{"@type":"ImageObject","inLanguage":"pt-BR","@id":"https:\/\/annaleao.com.br\/site\/#\/schema\/person\/image\/","url":"https:\/\/secure.gravatar.com\/avatar\/e29860c6ef57760b67570c34e3948ba9de10eb9b2e2f20081d0061a7233daf60?s=96&d=blank&r=g","contentUrl":"https:\/\/secure.gravatar.com\/avatar\/e29860c6ef57760b67570c34e3948ba9de10eb9b2e2f20081d0061a7233daf60?s=96&d=blank&r=g","caption":"Anna de Le\u00e3o"},"sameAs":["http:\/\/www.annaleao.com.br","https:\/\/x.com\/https:\/\/www.instagram.com\/annadeleao"],"url":"https:\/\/annaleao.com.br\/site\/author\/anna\/"}]}},"jetpack_publicize_connections":[],"jetpack_featured_media_url":"https:\/\/annaleao.com.br\/site\/wp-content\/uploads\/2011\/06\/imagem-do-sol-de-inverno.jpg","jetpack_sharing_enabled":true,"jetpack_shortlink":"https:\/\/wp.me\/p8nt2H-d0","jetpack-related-posts":[],"_links":{"self":[{"href":"https:\/\/annaleao.com.br\/site\/wp-json\/wp\/v2\/posts\/806","targetHints":{"allow":["GET"]}}],"collection":[{"href":"https:\/\/annaleao.com.br\/site\/wp-json\/wp\/v2\/posts"}],"about":[{"href":"https:\/\/annaleao.com.br\/site\/wp-json\/wp\/v2\/types\/post"}],"author":[{"embeddable":true,"href":"https:\/\/annaleao.com.br\/site\/wp-json\/wp\/v2\/users\/2"}],"replies":[{"embeddable":true,"href":"https:\/\/annaleao.com.br\/site\/wp-json\/wp\/v2\/comments?post=806"}],"version-history":[{"count":4,"href":"https:\/\/annaleao.com.br\/site\/wp-json\/wp\/v2\/posts\/806\/revisions"}],"predecessor-version":[{"id":2760,"href":"https:\/\/annaleao.com.br\/site\/wp-json\/wp\/v2\/posts\/806\/revisions\/2760"}],"wp:featuredmedia":[{"embeddable":true,"href":"https:\/\/annaleao.com.br\/site\/wp-json\/wp\/v2\/media\/2215"}],"wp:attachment":[{"href":"https:\/\/annaleao.com.br\/site\/wp-json\/wp\/v2\/media?parent=806"}],"wp:term":[{"taxonomy":"category","embeddable":true,"href":"https:\/\/annaleao.com.br\/site\/wp-json\/wp\/v2\/categories?post=806"},{"taxonomy":"post_tag","embeddable":true,"href":"https:\/\/annaleao.com.br\/site\/wp-json\/wp\/v2\/tags?post=806"}],"curies":[{"name":"wp","href":"https:\/\/api.w.org\/{rel}","templated":true}]}}