{"id":811,"date":"2011-05-22T21:59:00","date_gmt":"2011-05-22T21:59:00","guid":{"rendered":"https:\/\/annaleao.com.br\/site\/o-encanto-do-festival-de-lillith\/"},"modified":"2011-05-22T21:59:00","modified_gmt":"2011-05-22T21:59:00","slug":"o-encanto-do-festival-de-lillith","status":"publish","type":"post","link":"https:\/\/annaleao.com.br\/site\/o-encanto-do-festival-de-lillith\/","title":{"rendered":"O encanto do Festival de Lillith!"},"content":{"rendered":"<div style=\"clear: both; text-align: center;\"><a href=\"http:\/\/2.bp.blogspot.com\/-OUbQx12FyhE\/Tdl_Lfd0k2I\/AAAAAAAAB-Q\/s8r6w9wOOM4\/s1600\/DSC01578.JPG\" style=\"margin-left: 1em; margin-right: 1em;\"><img fetchpriority=\"high\" decoding=\"async\" border=\"0\" height=\"400\" src=\"https:\/\/2.bp.blogspot.com\/-OUbQx12FyhE\/Tdl_Lfd0k2I\/AAAAAAAAB-Q\/s8r6w9wOOM4\/s400\/DSC01578.JPG\" width=\"300\" \/><\/a><\/div>\n<p>O Festival de Lillith realizado ontem, no Rio de Janeiro, foi um sucesso!<\/p>\n<div style=\"clear: both; text-align: center;\"><a href=\"http:\/\/4.bp.blogspot.com\/-ZlOJ-swwIrM\/TdmBi0oXHsI\/AAAAAAAAB-s\/Hk8N67zKcnA\/s1600\/DSC01589.JPG\" style=\"margin-left: 1em; margin-right: 1em;\"><img decoding=\"async\" border=\"0\" height=\"300\" src=\"https:\/\/4.bp.blogspot.com\/-ZlOJ-swwIrM\/TdmBi0oXHsI\/AAAAAAAAB-s\/Hk8N67zKcnA\/s400\/DSC01589.JPG\" width=\"400\" \/><\/a><\/div>\n<p>&nbsp;Com a organiza\u00e7\u00e3o de Claudio Ramos e Patr\u00edcia Ramos, o evento foi realizado com &nbsp;muita luz, brilho e harmonia!<\/p>\n<div style=\"clear: both; text-align: center;\"><a href=\"http:\/\/2.bp.blogspot.com\/-VVKQegbsgj4\/TdmASZwDUXI\/AAAAAAAAB-Y\/QY6FrA7r9Y8\/s1600\/DSC01593.JPG\" style=\"margin-left: 1em; margin-right: 1em;\"><img decoding=\"async\" border=\"0\" height=\"400\" src=\"https:\/\/2.bp.blogspot.com\/-VVKQegbsgj4\/TdmASZwDUXI\/AAAAAAAAB-Y\/QY6FrA7r9Y8\/s400\/DSC01593.JPG\" width=\"300\" \/><\/a><\/div>\n<div style=\"clear: both; text-align: center;\"><a href=\"http:\/\/2.bp.blogspot.com\/-p0KtudCOf-o\/TdmBdwerP1I\/AAAAAAAAB-o\/l1c2bFhS_BE\/s1600\/DSC01584.JPG\" style=\"margin-left: 1em; margin-right: 1em;\"><img loading=\"lazy\" decoding=\"async\" border=\"0\" height=\"300\" src=\"https:\/\/2.bp.blogspot.com\/-p0KtudCOf-o\/TdmBdwerP1I\/AAAAAAAAB-o\/l1c2bFhS_BE\/s400\/DSC01584.JPG\" width=\"400\" \/><\/a><\/div>\n<p>Eu estava l\u00e1 autografando meus livros e conhecendo muita gente bacana!<\/p>\n<div style=\"clear: both; text-align: center;\"><a href=\"http:\/\/3.bp.blogspot.com\/-Hw6BesFvQbs\/TdmAQlr7XQI\/AAAAAAAAB-U\/3Jf2e7oxPVQ\/s1600\/DSC01588.JPG\" style=\"margin-left: 1em; margin-right: 1em;\"><img loading=\"lazy\" decoding=\"async\" border=\"0\" height=\"300\" src=\"https:\/\/3.bp.blogspot.com\/-Hw6BesFvQbs\/TdmAQlr7XQI\/AAAAAAAAB-U\/3Jf2e7oxPVQ\/s400\/DSC01588.JPG\" width=\"400\" \/><\/a><\/div>\n<p><\/p>\n<div style=\"clear: both; text-align: center;\"><a href=\"http:\/\/2.bp.blogspot.com\/--WPQOJOhHxI\/TdmAVmJvsaI\/AAAAAAAAB-g\/UPHLdLg-Tos\/s1600\/DSC01618.JPG\" style=\"margin-left: 1em; margin-right: 1em;\"><img loading=\"lazy\" decoding=\"async\" border=\"0\" height=\"300\" src=\"https:\/\/2.bp.blogspot.com\/--WPQOJOhHxI\/TdmAVmJvsaI\/AAAAAAAAB-g\/UPHLdLg-Tos\/s400\/DSC01618.JPG\" width=\"400\" \/><\/a><\/div>\n<p><\/p>\n<div style=\"clear: both; text-align: center;\"><a href=\"http:\/\/1.bp.blogspot.com\/-Ica7WS2k_EE\/TdmBlZEuBtI\/AAAAAAAAB-w\/2tKRFHcVr0E\/s1600\/DSC01590.JPG\" style=\"margin-left: 1em; margin-right: 1em;\"><img loading=\"lazy\" decoding=\"async\" border=\"0\" height=\"300\" src=\"https:\/\/1.bp.blogspot.com\/-Ica7WS2k_EE\/TdmBlZEuBtI\/AAAAAAAAB-w\/2tKRFHcVr0E\/s400\/DSC01590.JPG\" width=\"400\" \/><\/a><\/div>\n<p>O evento contou tamb\u00e9m com palestras, viv\u00eancias, dan\u00e7as e uma feira de expositores de artesanato!<\/p>\n<div style=\"clear: both; text-align: center;\"><a href=\"http:\/\/2.bp.blogspot.com\/-D9G3-HIfQDc\/TdmAUPZ2OpI\/AAAAAAAAB-c\/yDwmTM7ZfNg\/s1600\/DSC01599.JPG\" style=\"margin-left: 1em; margin-right: 1em;\"><img loading=\"lazy\" decoding=\"async\" border=\"0\" height=\"400\" src=\"https:\/\/2.bp.blogspot.com\/-D9G3-HIfQDc\/TdmAUPZ2OpI\/AAAAAAAAB-c\/yDwmTM7ZfNg\/s400\/DSC01599.JPG\" width=\"300\" \/><\/a><\/div>\n<p><\/p>\n<div style=\"clear: both; text-align: center;\"><a href=\"http:\/\/3.bp.blogspot.com\/-9gR7wIv6_KU\/TdmJRKdVvKI\/AAAAAAAAB-4\/dqRd6XVh4GE\/s1600\/DSC01629.JPG\" style=\"margin-left: 1em; margin-right: 1em;\"><img loading=\"lazy\" decoding=\"async\" border=\"0\" height=\"300\" src=\"https:\/\/3.bp.blogspot.com\/-9gR7wIv6_KU\/TdmJRKdVvKI\/AAAAAAAAB-4\/dqRd6XVh4GE\/s400\/DSC01629.JPG\" width=\"400\" \/><\/a><\/div>\n<div style=\"clear: both; text-align: center;\"><a href=\"http:\/\/3.bp.blogspot.com\/-FFCNW6GED58\/TdmBoW2cRMI\/AAAAAAAAB-0\/2_AjgeUJQVo\/s1600\/DSC01622.JPG\" style=\"margin-left: 1em; margin-right: 1em;\"><img loading=\"lazy\" decoding=\"async\" border=\"0\" height=\"400\" src=\"https:\/\/3.bp.blogspot.com\/-FFCNW6GED58\/TdmBoW2cRMI\/AAAAAAAAB-0\/2_AjgeUJQVo\/s400\/DSC01622.JPG\" width=\"300\" \/><\/a><\/div>\n<p><\/p>\n<div style=\"clear: both; text-align: center;\"><a href=\"http:\/\/4.bp.blogspot.com\/-afM1U_WuicI\/TdmAXfXwG2I\/AAAAAAAAB-k\/UNIPgadf1Us\/s1600\/DSC01624.JPG\" style=\"margin-left: 1em; margin-right: 1em;\"><img loading=\"lazy\" decoding=\"async\" border=\"0\" height=\"300\" src=\"https:\/\/4.bp.blogspot.com\/-afM1U_WuicI\/TdmAXfXwG2I\/AAAAAAAAB-k\/UNIPgadf1Us\/s400\/DSC01624.JPG\" width=\"400\" \/><\/a><\/div>\n","protected":false},"excerpt":{"rendered":"<p>O Festival de Lillith realizado ontem, no Rio de Janeiro, foi um sucesso! &nbsp;Com a organiza\u00e7\u00e3o de Claudio Ramos e Patr\u00edcia Ramos, o evento foi realizado com &nbsp;muita luz, brilho e harmonia! Eu estava l\u00e1 autografando meus livros e conhecendo muita gente bacana! O evento contou tamb\u00e9m com palestras, viv\u00eancias, dan\u00e7as e uma feira de expositores de artesanato!<\/p>\n","protected":false},"author":2,"featured_media":0,"comment_status":"open","ping_status":"open","sticky":false,"template":"","format":"standard","meta":{"jetpack_post_was_ever_published":false,"_jetpack_newsletter_access":"","_jetpack_dont_email_post_to_subs":false,"_jetpack_newsletter_tier_id":0,"_jetpack_memberships_contains_paywalled_content":false,"_jetpack_memberships_contains_paid_content":false,"footnotes":"","jetpack_publicize_message":"","jetpack_publicize_feature_enabled":true,"jetpack_social_post_already_shared":true,"jetpack_social_options":{"image_generator_settings":{"template":"highway","enabled":false},"version":2}},"categories":[173,399,457,456,209,459,434,458],"tags":[],"class_list":["post-811","post","type-post","status-publish","format-standard","hentry","category-anna-leao","category-celtas","category-claudio-ramos","category-festival-de-lillith","category-livros-de-fantasia","category-patricia-ramos","category-saga-a-rainha-da-floresta","category-tema-medieval"],"yoast_head":"<!-- This site is optimized with the Yoast SEO plugin v25.2 - https:\/\/yoast.com\/wordpress\/plugins\/seo\/ -->\n<title>O encanto do Festival de Lillith! - ANNA DE LE\u00c3O<\/title>\n<meta name=\"robots\" content=\"index, follow, max-snippet:-1, max-image-preview:large, max-video-preview:-1\" \/>\n<link rel=\"canonical\" href=\"https:\/\/annaleao.com.br\/site\/o-encanto-do-festival-de-lillith\/\" \/>\n<meta property=\"og:locale\" content=\"pt_BR\" \/>\n<meta property=\"og:type\" content=\"article\" \/>\n<meta property=\"og:title\" content=\"O encanto do Festival de Lillith! - ANNA DE LE\u00c3O\" \/>\n<meta property=\"og:description\" content=\"O Festival de Lillith realizado ontem, no Rio de Janeiro, foi um sucesso! &nbsp;Com a organiza\u00e7\u00e3o de Claudio Ramos e Patr\u00edcia Ramos, o evento foi realizado com &nbsp;muita luz, brilho e harmonia! Eu estava l\u00e1 autografando meus livros e conhecendo muita gente bacana! O evento contou tamb\u00e9m com palestras, viv\u00eancias, dan\u00e7as e uma feira de expositores de artesanato!\" \/>\n<meta property=\"og:url\" content=\"https:\/\/annaleao.com.br\/site\/o-encanto-do-festival-de-lillith\/\" \/>\n<meta property=\"og:site_name\" content=\"ANNA DE LE\u00c3O\" \/>\n<meta property=\"article:published_time\" content=\"2011-05-22T21:59:00+00:00\" \/>\n<meta property=\"og:image\" content=\"https:\/\/2.bp.blogspot.com\/-OUbQx12FyhE\/Tdl_Lfd0k2I\/AAAAAAAAB-Q\/s8r6w9wOOM4\/s400\/DSC01578.JPG\" \/>\n<meta name=\"author\" content=\"Anna de Le\u00e3o\" \/>\n<meta name=\"twitter:label1\" content=\"Escrito por\" \/>\n\t<meta name=\"twitter:data1\" content=\"Anna de Le\u00e3o\" \/>\n<script type=\"application\/ld+json\" class=\"yoast-schema-graph\">{\"@context\":\"https:\/\/schema.org\",\"@graph\":[{\"@type\":\"WebPage\",\"@id\":\"https:\/\/annaleao.com.br\/site\/o-encanto-do-festival-de-lillith\/\",\"url\":\"https:\/\/annaleao.com.br\/site\/o-encanto-do-festival-de-lillith\/\",\"name\":\"O encanto do Festival de Lillith! - ANNA DE LE\u00c3O\",\"isPartOf\":{\"@id\":\"https:\/\/annaleao.com.br\/site\/#website\"},\"primaryImageOfPage\":{\"@id\":\"https:\/\/annaleao.com.br\/site\/o-encanto-do-festival-de-lillith\/#primaryimage\"},\"image\":{\"@id\":\"https:\/\/annaleao.com.br\/site\/o-encanto-do-festival-de-lillith\/#primaryimage\"},\"thumbnailUrl\":\"https:\/\/2.bp.blogspot.com\/-OUbQx12FyhE\/Tdl_Lfd0k2I\/AAAAAAAAB-Q\/s8r6w9wOOM4\/s400\/DSC01578.JPG\",\"datePublished\":\"2011-05-22T21:59:00+00:00\",\"author\":{\"@id\":\"https:\/\/annaleao.com.br\/site\/#\/schema\/person\/c61c763755650f8b56acd76d44c7bc8c\"},\"breadcrumb\":{\"@id\":\"https:\/\/annaleao.com.br\/site\/o-encanto-do-festival-de-lillith\/#breadcrumb\"},\"inLanguage\":\"pt-BR\",\"potentialAction\":[{\"@type\":\"ReadAction\",\"target\":[\"https:\/\/annaleao.com.br\/site\/o-encanto-do-festival-de-lillith\/\"]}]},{\"@type\":\"ImageObject\",\"inLanguage\":\"pt-BR\",\"@id\":\"https:\/\/annaleao.com.br\/site\/o-encanto-do-festival-de-lillith\/#primaryimage\",\"url\":\"https:\/\/2.bp.blogspot.com\/-OUbQx12FyhE\/Tdl_Lfd0k2I\/AAAAAAAAB-Q\/s8r6w9wOOM4\/s400\/DSC01578.JPG\",\"contentUrl\":\"https:\/\/2.bp.blogspot.com\/-OUbQx12FyhE\/Tdl_Lfd0k2I\/AAAAAAAAB-Q\/s8r6w9wOOM4\/s400\/DSC01578.JPG\"},{\"@type\":\"BreadcrumbList\",\"@id\":\"https:\/\/annaleao.com.br\/site\/o-encanto-do-festival-de-lillith\/#breadcrumb\",\"itemListElement\":[{\"@type\":\"ListItem\",\"position\":1,\"name\":\"In\u00edcio\",\"item\":\"https:\/\/annaleao.com.br\/site\/\"},{\"@type\":\"ListItem\",\"position\":2,\"name\":\"O encanto do Festival de Lillith!\"}]},{\"@type\":\"WebSite\",\"@id\":\"https:\/\/annaleao.com.br\/site\/#website\",\"url\":\"https:\/\/annaleao.com.br\/site\/\",\"name\":\"ANNA DE LE\u00c3O\",\"description\":\" Escritora e Terapeuta\",\"potentialAction\":[{\"@type\":\"SearchAction\",\"target\":{\"@type\":\"EntryPoint\",\"urlTemplate\":\"https:\/\/annaleao.com.br\/site\/?s={search_term_string}\"},\"query-input\":{\"@type\":\"PropertyValueSpecification\",\"valueRequired\":true,\"valueName\":\"search_term_string\"}}],\"inLanguage\":\"pt-BR\"},{\"@type\":\"Person\",\"@id\":\"https:\/\/annaleao.com.br\/site\/#\/schema\/person\/c61c763755650f8b56acd76d44c7bc8c\",\"name\":\"Anna de Le\u00e3o\",\"image\":{\"@type\":\"ImageObject\",\"inLanguage\":\"pt-BR\",\"@id\":\"https:\/\/annaleao.com.br\/site\/#\/schema\/person\/image\/\",\"url\":\"https:\/\/secure.gravatar.com\/avatar\/e29860c6ef57760b67570c34e3948ba9de10eb9b2e2f20081d0061a7233daf60?s=96&d=blank&r=g\",\"contentUrl\":\"https:\/\/secure.gravatar.com\/avatar\/e29860c6ef57760b67570c34e3948ba9de10eb9b2e2f20081d0061a7233daf60?s=96&d=blank&r=g\",\"caption\":\"Anna de Le\u00e3o\"},\"sameAs\":[\"http:\/\/www.annaleao.com.br\",\"https:\/\/x.com\/https:\/\/www.instagram.com\/annadeleao\"],\"url\":\"https:\/\/annaleao.com.br\/site\/author\/anna\/\"}]}<\/script>\n<!-- \/ Yoast SEO plugin. -->","yoast_head_json":{"title":"O encanto do Festival de Lillith! - ANNA DE LE\u00c3O","robots":{"index":"index","follow":"follow","max-snippet":"max-snippet:-1","max-image-preview":"max-image-preview:large","max-video-preview":"max-video-preview:-1"},"canonical":"https:\/\/annaleao.com.br\/site\/o-encanto-do-festival-de-lillith\/","og_locale":"pt_BR","og_type":"article","og_title":"O encanto do Festival de Lillith! - ANNA DE LE\u00c3O","og_description":"O Festival de Lillith realizado ontem, no Rio de Janeiro, foi um sucesso! &nbsp;Com a organiza\u00e7\u00e3o de Claudio Ramos e Patr\u00edcia Ramos, o evento foi realizado com &nbsp;muita luz, brilho e harmonia! Eu estava l\u00e1 autografando meus livros e conhecendo muita gente bacana! O evento contou tamb\u00e9m com palestras, viv\u00eancias, dan\u00e7as e uma feira de expositores de artesanato!","og_url":"https:\/\/annaleao.com.br\/site\/o-encanto-do-festival-de-lillith\/","og_site_name":"ANNA DE LE\u00c3O","article_published_time":"2011-05-22T21:59:00+00:00","og_image":[{"url":"https:\/\/2.bp.blogspot.com\/-OUbQx12FyhE\/Tdl_Lfd0k2I\/AAAAAAAAB-Q\/s8r6w9wOOM4\/s400\/DSC01578.JPG","type":"","width":"","height":""}],"author":"Anna de Le\u00e3o","twitter_misc":{"Escrito por":"Anna de Le\u00e3o"},"schema":{"@context":"https:\/\/schema.org","@graph":[{"@type":"WebPage","@id":"https:\/\/annaleao.com.br\/site\/o-encanto-do-festival-de-lillith\/","url":"https:\/\/annaleao.com.br\/site\/o-encanto-do-festival-de-lillith\/","name":"O encanto do Festival de Lillith! - ANNA DE LE\u00c3O","isPartOf":{"@id":"https:\/\/annaleao.com.br\/site\/#website"},"primaryImageOfPage":{"@id":"https:\/\/annaleao.com.br\/site\/o-encanto-do-festival-de-lillith\/#primaryimage"},"image":{"@id":"https:\/\/annaleao.com.br\/site\/o-encanto-do-festival-de-lillith\/#primaryimage"},"thumbnailUrl":"https:\/\/2.bp.blogspot.com\/-OUbQx12FyhE\/Tdl_Lfd0k2I\/AAAAAAAAB-Q\/s8r6w9wOOM4\/s400\/DSC01578.JPG","datePublished":"2011-05-22T21:59:00+00:00","author":{"@id":"https:\/\/annaleao.com.br\/site\/#\/schema\/person\/c61c763755650f8b56acd76d44c7bc8c"},"breadcrumb":{"@id":"https:\/\/annaleao.com.br\/site\/o-encanto-do-festival-de-lillith\/#breadcrumb"},"inLanguage":"pt-BR","potentialAction":[{"@type":"ReadAction","target":["https:\/\/annaleao.com.br\/site\/o-encanto-do-festival-de-lillith\/"]}]},{"@type":"ImageObject","inLanguage":"pt-BR","@id":"https:\/\/annaleao.com.br\/site\/o-encanto-do-festival-de-lillith\/#primaryimage","url":"https:\/\/2.bp.blogspot.com\/-OUbQx12FyhE\/Tdl_Lfd0k2I\/AAAAAAAAB-Q\/s8r6w9wOOM4\/s400\/DSC01578.JPG","contentUrl":"https:\/\/2.bp.blogspot.com\/-OUbQx12FyhE\/Tdl_Lfd0k2I\/AAAAAAAAB-Q\/s8r6w9wOOM4\/s400\/DSC01578.JPG"},{"@type":"BreadcrumbList","@id":"https:\/\/annaleao.com.br\/site\/o-encanto-do-festival-de-lillith\/#breadcrumb","itemListElement":[{"@type":"ListItem","position":1,"name":"In\u00edcio","item":"https:\/\/annaleao.com.br\/site\/"},{"@type":"ListItem","position":2,"name":"O encanto do Festival de Lillith!"}]},{"@type":"WebSite","@id":"https:\/\/annaleao.com.br\/site\/#website","url":"https:\/\/annaleao.com.br\/site\/","name":"ANNA DE LE\u00c3O","description":" Escritora e Terapeuta","potentialAction":[{"@type":"SearchAction","target":{"@type":"EntryPoint","urlTemplate":"https:\/\/annaleao.com.br\/site\/?s={search_term_string}"},"query-input":{"@type":"PropertyValueSpecification","valueRequired":true,"valueName":"search_term_string"}}],"inLanguage":"pt-BR"},{"@type":"Person","@id":"https:\/\/annaleao.com.br\/site\/#\/schema\/person\/c61c763755650f8b56acd76d44c7bc8c","name":"Anna de Le\u00e3o","image":{"@type":"ImageObject","inLanguage":"pt-BR","@id":"https:\/\/annaleao.com.br\/site\/#\/schema\/person\/image\/","url":"https:\/\/secure.gravatar.com\/avatar\/e29860c6ef57760b67570c34e3948ba9de10eb9b2e2f20081d0061a7233daf60?s=96&d=blank&r=g","contentUrl":"https:\/\/secure.gravatar.com\/avatar\/e29860c6ef57760b67570c34e3948ba9de10eb9b2e2f20081d0061a7233daf60?s=96&d=blank&r=g","caption":"Anna de Le\u00e3o"},"sameAs":["http:\/\/www.annaleao.com.br","https:\/\/x.com\/https:\/\/www.instagram.com\/annadeleao"],"url":"https:\/\/annaleao.com.br\/site\/author\/anna\/"}]}},"jetpack_publicize_connections":[],"jetpack_featured_media_url":"","jetpack_sharing_enabled":true,"jetpack_shortlink":"https:\/\/wp.me\/p8nt2H-d5","jetpack-related-posts":[],"_links":{"self":[{"href":"https:\/\/annaleao.com.br\/site\/wp-json\/wp\/v2\/posts\/811","targetHints":{"allow":["GET"]}}],"collection":[{"href":"https:\/\/annaleao.com.br\/site\/wp-json\/wp\/v2\/posts"}],"about":[{"href":"https:\/\/annaleao.com.br\/site\/wp-json\/wp\/v2\/types\/post"}],"author":[{"embeddable":true,"href":"https:\/\/annaleao.com.br\/site\/wp-json\/wp\/v2\/users\/2"}],"replies":[{"embeddable":true,"href":"https:\/\/annaleao.com.br\/site\/wp-json\/wp\/v2\/comments?post=811"}],"version-history":[{"count":0,"href":"https:\/\/annaleao.com.br\/site\/wp-json\/wp\/v2\/posts\/811\/revisions"}],"wp:attachment":[{"href":"https:\/\/annaleao.com.br\/site\/wp-json\/wp\/v2\/media?parent=811"}],"wp:term":[{"taxonomy":"category","embeddable":true,"href":"https:\/\/annaleao.com.br\/site\/wp-json\/wp\/v2\/categories?post=811"},{"taxonomy":"post_tag","embeddable":true,"href":"https:\/\/annaleao.com.br\/site\/wp-json\/wp\/v2\/tags?post=811"}],"curies":[{"name":"wp","href":"https:\/\/api.w.org\/{rel}","templated":true}]}}