{"id":815,"date":"2011-04-28T19:08:00","date_gmt":"2011-04-28T19:08:00","guid":{"rendered":"https:\/\/annaleao.com.br\/site\/failte-samhain-2\/"},"modified":"2018-11-07T19:31:49","modified_gmt":"2018-11-07T19:31:49","slug":"failte-samhain-2","status":"publish","type":"post","link":"https:\/\/annaleao.com.br\/site\/failte-samhain-2\/","title":{"rendered":"F\u00e0ilte Samhain!"},"content":{"rendered":"<div style=\"clear: both; text-align: center;\"><\/div>\n<div style=\"text-align: center;\"><\/div>\n<div style=\"text-align: center;\">O Inverno anuncia seus primeiros ventos<\/div>\n<div style=\"text-align: center;\">\u00c9 tempo de acolhimento<\/div>\n<div style=\"text-align: center;\">\u00c9 tempo de centramento<\/div>\n<div style=\"text-align: center;\">Homenageamos os Ancestrais<\/div>\n<div style=\"text-align: center;\">Saudando a Sabedoria<\/div>\n<div style=\"text-align: center;\">Dan\u00e7amos com a sombra<\/div>\n<div style=\"text-align: center;\">Promovendo a cura<\/div>\n<div style=\"text-align: center;\">A Deusa Anci\u00e3 nos d\u00e1 \u00a0boas vindas<\/div>\n<div style=\"text-align: center;\">Iniciando-nos em mais uma jornada<\/div>\n<div style=\"text-align: center;\">Jornada profunda<\/div>\n<div style=\"text-align: center;\">Jornada de busca<\/div>\n<div style=\"text-align: center;\">Jornada de mist\u00e9rios<\/div>\n<div style=\"text-align: center;\">Morte e Vida se misturam<\/div>\n<div style=\"text-align: center;\">Cruzando a fronteira<\/div>\n<div style=\"text-align: center;\">\u00c9 \u00e9poca de reciclagem<\/div>\n<div style=\"text-align: center;\">\u00c9 \u00e9poca de Samhain!<\/div>\n<div style=\"text-align: center;\"><\/div>\n<div style=\"text-align: center;\">F\u00e0ilte!<\/div>\n<div style=\"text-align: center;\"><\/div>\n<div style=\"text-align: center;\">Anna Le\u00e3o. Todos os direitos reservados.<\/div>\n","protected":false},"excerpt":{"rendered":"<p>O Inverno anuncia seus primeiros ventos \u00c9 tempo de acolhimento \u00c9 tempo de centramento Homenageamos os Ancestrais Saudando a Sabedoria Dan\u00e7amos com a sombra Promovendo a cura A Deusa Anci\u00e3 nos d\u00e1 \u00a0boas vindas Iniciando-nos em mais uma jornada Jornada profunda Jornada de busca Jornada de mist\u00e9rios Morte e Vida se misturam Cruzando a fronteira \u00c9 \u00e9poca de reciclagem \u00c9 &hellip; <\/p>\n","protected":false},"author":2,"featured_media":1872,"comment_status":"open","ping_status":"open","sticky":false,"template":"","format":"standard","meta":{"jetpack_post_was_ever_published":false,"_jetpack_newsletter_access":"","_jetpack_dont_email_post_to_subs":false,"_jetpack_newsletter_tier_id":0,"_jetpack_memberships_contains_paywalled_content":false,"_jetpack_memberships_contains_paid_content":false,"footnotes":"","jetpack_publicize_message":"","jetpack_publicize_feature_enabled":true,"jetpack_social_post_already_shared":true,"jetpack_social_options":{"image_generator_settings":{"template":"highway","enabled":false},"version":2}},"categories":[185],"tags":[965,977,1091,976,973,974,1025,978,1092],"class_list":["post-815","post","type-post","status-publish","format-standard","has-post-thumbnail","hentry","category-poesia","tag-anna-leao","tag-blog-metamorfose","tag-pagan-poetry","tag-poem","tag-poema","tag-poesia","tag-poesia-paga","tag-poetry","tag-samhain"],"yoast_head":"<!-- This site is optimized with the Yoast SEO plugin v25.2 - https:\/\/yoast.com\/wordpress\/plugins\/seo\/ -->\n<title>F\u00e0ilte Samhain! - ANNA DE LE\u00c3O<\/title>\n<meta name=\"robots\" content=\"index, follow, max-snippet:-1, max-image-preview:large, max-video-preview:-1\" \/>\n<link rel=\"canonical\" href=\"https:\/\/annaleao.com.br\/site\/failte-samhain-2\/\" \/>\n<meta property=\"og:locale\" content=\"pt_BR\" \/>\n<meta property=\"og:type\" content=\"article\" \/>\n<meta property=\"og:title\" content=\"F\u00e0ilte Samhain! - ANNA DE LE\u00c3O\" \/>\n<meta property=\"og:description\" content=\"O Inverno anuncia seus primeiros ventos \u00c9 tempo de acolhimento \u00c9 tempo de centramento Homenageamos os Ancestrais Saudando a Sabedoria Dan\u00e7amos com a sombra Promovendo a cura A Deusa Anci\u00e3 nos d\u00e1 \u00a0boas vindas Iniciando-nos em mais uma jornada Jornada profunda Jornada de busca Jornada de mist\u00e9rios Morte e Vida se misturam Cruzando a fronteira \u00c9 \u00e9poca de reciclagem \u00c9 &hellip;\" \/>\n<meta property=\"og:url\" content=\"https:\/\/annaleao.com.br\/site\/failte-samhain-2\/\" \/>\n<meta property=\"og:site_name\" content=\"ANNA DE LE\u00c3O\" \/>\n<meta property=\"article:published_time\" content=\"2011-04-28T19:08:00+00:00\" \/>\n<meta property=\"article:modified_time\" content=\"2018-11-07T19:31:49+00:00\" \/>\n<meta property=\"og:image\" content=\"https:\/\/annaleao.com.br\/site\/wp-content\/uploads\/2011\/04\/168131_153605764689736_100001209390873_314892_3020456_n.jpg\" \/>\n\t<meta property=\"og:image:width\" content=\"400\" \/>\n\t<meta property=\"og:image:height\" content=\"400\" \/>\n\t<meta property=\"og:image:type\" content=\"image\/jpeg\" \/>\n<meta name=\"author\" content=\"Anna de Le\u00e3o\" \/>\n<meta name=\"twitter:label1\" content=\"Escrito por\" \/>\n\t<meta name=\"twitter:data1\" content=\"Anna de Le\u00e3o\" \/>\n<script type=\"application\/ld+json\" class=\"yoast-schema-graph\">{\"@context\":\"https:\/\/schema.org\",\"@graph\":[{\"@type\":\"WebPage\",\"@id\":\"https:\/\/annaleao.com.br\/site\/failte-samhain-2\/\",\"url\":\"https:\/\/annaleao.com.br\/site\/failte-samhain-2\/\",\"name\":\"F\u00e0ilte Samhain! - ANNA DE LE\u00c3O\",\"isPartOf\":{\"@id\":\"https:\/\/annaleao.com.br\/site\/#website\"},\"primaryImageOfPage\":{\"@id\":\"https:\/\/annaleao.com.br\/site\/failte-samhain-2\/#primaryimage\"},\"image\":{\"@id\":\"https:\/\/annaleao.com.br\/site\/failte-samhain-2\/#primaryimage\"},\"thumbnailUrl\":\"https:\/\/annaleao.com.br\/site\/wp-content\/uploads\/2011\/04\/168131_153605764689736_100001209390873_314892_3020456_n.jpg\",\"datePublished\":\"2011-04-28T19:08:00+00:00\",\"dateModified\":\"2018-11-07T19:31:49+00:00\",\"author\":{\"@id\":\"https:\/\/annaleao.com.br\/site\/#\/schema\/person\/c61c763755650f8b56acd76d44c7bc8c\"},\"breadcrumb\":{\"@id\":\"https:\/\/annaleao.com.br\/site\/failte-samhain-2\/#breadcrumb\"},\"inLanguage\":\"pt-BR\",\"potentialAction\":[{\"@type\":\"ReadAction\",\"target\":[\"https:\/\/annaleao.com.br\/site\/failte-samhain-2\/\"]}]},{\"@type\":\"ImageObject\",\"inLanguage\":\"pt-BR\",\"@id\":\"https:\/\/annaleao.com.br\/site\/failte-samhain-2\/#primaryimage\",\"url\":\"https:\/\/annaleao.com.br\/site\/wp-content\/uploads\/2011\/04\/168131_153605764689736_100001209390873_314892_3020456_n.jpg\",\"contentUrl\":\"https:\/\/annaleao.com.br\/site\/wp-content\/uploads\/2011\/04\/168131_153605764689736_100001209390873_314892_3020456_n.jpg\",\"width\":400,\"height\":400},{\"@type\":\"BreadcrumbList\",\"@id\":\"https:\/\/annaleao.com.br\/site\/failte-samhain-2\/#breadcrumb\",\"itemListElement\":[{\"@type\":\"ListItem\",\"position\":1,\"name\":\"In\u00edcio\",\"item\":\"https:\/\/annaleao.com.br\/site\/\"},{\"@type\":\"ListItem\",\"position\":2,\"name\":\"F\u00e0ilte Samhain!\"}]},{\"@type\":\"WebSite\",\"@id\":\"https:\/\/annaleao.com.br\/site\/#website\",\"url\":\"https:\/\/annaleao.com.br\/site\/\",\"name\":\"ANNA DE LE\u00c3O\",\"description\":\" Escritora e Terapeuta\",\"potentialAction\":[{\"@type\":\"SearchAction\",\"target\":{\"@type\":\"EntryPoint\",\"urlTemplate\":\"https:\/\/annaleao.com.br\/site\/?s={search_term_string}\"},\"query-input\":{\"@type\":\"PropertyValueSpecification\",\"valueRequired\":true,\"valueName\":\"search_term_string\"}}],\"inLanguage\":\"pt-BR\"},{\"@type\":\"Person\",\"@id\":\"https:\/\/annaleao.com.br\/site\/#\/schema\/person\/c61c763755650f8b56acd76d44c7bc8c\",\"name\":\"Anna de Le\u00e3o\",\"image\":{\"@type\":\"ImageObject\",\"inLanguage\":\"pt-BR\",\"@id\":\"https:\/\/annaleao.com.br\/site\/#\/schema\/person\/image\/\",\"url\":\"https:\/\/secure.gravatar.com\/avatar\/e29860c6ef57760b67570c34e3948ba9de10eb9b2e2f20081d0061a7233daf60?s=96&d=blank&r=g\",\"contentUrl\":\"https:\/\/secure.gravatar.com\/avatar\/e29860c6ef57760b67570c34e3948ba9de10eb9b2e2f20081d0061a7233daf60?s=96&d=blank&r=g\",\"caption\":\"Anna de Le\u00e3o\"},\"sameAs\":[\"http:\/\/www.annaleao.com.br\",\"https:\/\/x.com\/https:\/\/www.instagram.com\/annadeleao\"],\"url\":\"https:\/\/annaleao.com.br\/site\/author\/anna\/\"}]}<\/script>\n<!-- \/ Yoast SEO plugin. -->","yoast_head_json":{"title":"F\u00e0ilte Samhain! - ANNA DE LE\u00c3O","robots":{"index":"index","follow":"follow","max-snippet":"max-snippet:-1","max-image-preview":"max-image-preview:large","max-video-preview":"max-video-preview:-1"},"canonical":"https:\/\/annaleao.com.br\/site\/failte-samhain-2\/","og_locale":"pt_BR","og_type":"article","og_title":"F\u00e0ilte Samhain! - ANNA DE LE\u00c3O","og_description":"O Inverno anuncia seus primeiros ventos \u00c9 tempo de acolhimento \u00c9 tempo de centramento Homenageamos os Ancestrais Saudando a Sabedoria Dan\u00e7amos com a sombra Promovendo a cura A Deusa Anci\u00e3 nos d\u00e1 \u00a0boas vindas Iniciando-nos em mais uma jornada Jornada profunda Jornada de busca Jornada de mist\u00e9rios Morte e Vida se misturam Cruzando a fronteira \u00c9 \u00e9poca de reciclagem \u00c9 &hellip;","og_url":"https:\/\/annaleao.com.br\/site\/failte-samhain-2\/","og_site_name":"ANNA DE LE\u00c3O","article_published_time":"2011-04-28T19:08:00+00:00","article_modified_time":"2018-11-07T19:31:49+00:00","og_image":[{"width":400,"height":400,"url":"https:\/\/annaleao.com.br\/site\/wp-content\/uploads\/2011\/04\/168131_153605764689736_100001209390873_314892_3020456_n.jpg","type":"image\/jpeg"}],"author":"Anna de Le\u00e3o","twitter_misc":{"Escrito por":"Anna de Le\u00e3o"},"schema":{"@context":"https:\/\/schema.org","@graph":[{"@type":"WebPage","@id":"https:\/\/annaleao.com.br\/site\/failte-samhain-2\/","url":"https:\/\/annaleao.com.br\/site\/failte-samhain-2\/","name":"F\u00e0ilte Samhain! - ANNA DE LE\u00c3O","isPartOf":{"@id":"https:\/\/annaleao.com.br\/site\/#website"},"primaryImageOfPage":{"@id":"https:\/\/annaleao.com.br\/site\/failte-samhain-2\/#primaryimage"},"image":{"@id":"https:\/\/annaleao.com.br\/site\/failte-samhain-2\/#primaryimage"},"thumbnailUrl":"https:\/\/annaleao.com.br\/site\/wp-content\/uploads\/2011\/04\/168131_153605764689736_100001209390873_314892_3020456_n.jpg","datePublished":"2011-04-28T19:08:00+00:00","dateModified":"2018-11-07T19:31:49+00:00","author":{"@id":"https:\/\/annaleao.com.br\/site\/#\/schema\/person\/c61c763755650f8b56acd76d44c7bc8c"},"breadcrumb":{"@id":"https:\/\/annaleao.com.br\/site\/failte-samhain-2\/#breadcrumb"},"inLanguage":"pt-BR","potentialAction":[{"@type":"ReadAction","target":["https:\/\/annaleao.com.br\/site\/failte-samhain-2\/"]}]},{"@type":"ImageObject","inLanguage":"pt-BR","@id":"https:\/\/annaleao.com.br\/site\/failte-samhain-2\/#primaryimage","url":"https:\/\/annaleao.com.br\/site\/wp-content\/uploads\/2011\/04\/168131_153605764689736_100001209390873_314892_3020456_n.jpg","contentUrl":"https:\/\/annaleao.com.br\/site\/wp-content\/uploads\/2011\/04\/168131_153605764689736_100001209390873_314892_3020456_n.jpg","width":400,"height":400},{"@type":"BreadcrumbList","@id":"https:\/\/annaleao.com.br\/site\/failte-samhain-2\/#breadcrumb","itemListElement":[{"@type":"ListItem","position":1,"name":"In\u00edcio","item":"https:\/\/annaleao.com.br\/site\/"},{"@type":"ListItem","position":2,"name":"F\u00e0ilte Samhain!"}]},{"@type":"WebSite","@id":"https:\/\/annaleao.com.br\/site\/#website","url":"https:\/\/annaleao.com.br\/site\/","name":"ANNA DE LE\u00c3O","description":" Escritora e Terapeuta","potentialAction":[{"@type":"SearchAction","target":{"@type":"EntryPoint","urlTemplate":"https:\/\/annaleao.com.br\/site\/?s={search_term_string}"},"query-input":{"@type":"PropertyValueSpecification","valueRequired":true,"valueName":"search_term_string"}}],"inLanguage":"pt-BR"},{"@type":"Person","@id":"https:\/\/annaleao.com.br\/site\/#\/schema\/person\/c61c763755650f8b56acd76d44c7bc8c","name":"Anna de Le\u00e3o","image":{"@type":"ImageObject","inLanguage":"pt-BR","@id":"https:\/\/annaleao.com.br\/site\/#\/schema\/person\/image\/","url":"https:\/\/secure.gravatar.com\/avatar\/e29860c6ef57760b67570c34e3948ba9de10eb9b2e2f20081d0061a7233daf60?s=96&d=blank&r=g","contentUrl":"https:\/\/secure.gravatar.com\/avatar\/e29860c6ef57760b67570c34e3948ba9de10eb9b2e2f20081d0061a7233daf60?s=96&d=blank&r=g","caption":"Anna de Le\u00e3o"},"sameAs":["http:\/\/www.annaleao.com.br","https:\/\/x.com\/https:\/\/www.instagram.com\/annadeleao"],"url":"https:\/\/annaleao.com.br\/site\/author\/anna\/"}]}},"jetpack_publicize_connections":[],"jetpack_featured_media_url":"https:\/\/annaleao.com.br\/site\/wp-content\/uploads\/2011\/04\/168131_153605764689736_100001209390873_314892_3020456_n.jpg","jetpack_sharing_enabled":true,"jetpack_shortlink":"https:\/\/wp.me\/p8nt2H-d9","jetpack-related-posts":[],"_links":{"self":[{"href":"https:\/\/annaleao.com.br\/site\/wp-json\/wp\/v2\/posts\/815","targetHints":{"allow":["GET"]}}],"collection":[{"href":"https:\/\/annaleao.com.br\/site\/wp-json\/wp\/v2\/posts"}],"about":[{"href":"https:\/\/annaleao.com.br\/site\/wp-json\/wp\/v2\/types\/post"}],"author":[{"embeddable":true,"href":"https:\/\/annaleao.com.br\/site\/wp-json\/wp\/v2\/users\/2"}],"replies":[{"embeddable":true,"href":"https:\/\/annaleao.com.br\/site\/wp-json\/wp\/v2\/comments?post=815"}],"version-history":[{"count":3,"href":"https:\/\/annaleao.com.br\/site\/wp-json\/wp\/v2\/posts\/815\/revisions"}],"predecessor-version":[{"id":1874,"href":"https:\/\/annaleao.com.br\/site\/wp-json\/wp\/v2\/posts\/815\/revisions\/1874"}],"wp:featuredmedia":[{"embeddable":true,"href":"https:\/\/annaleao.com.br\/site\/wp-json\/wp\/v2\/media\/1872"}],"wp:attachment":[{"href":"https:\/\/annaleao.com.br\/site\/wp-json\/wp\/v2\/media?parent=815"}],"wp:term":[{"taxonomy":"category","embeddable":true,"href":"https:\/\/annaleao.com.br\/site\/wp-json\/wp\/v2\/categories?post=815"},{"taxonomy":"post_tag","embeddable":true,"href":"https:\/\/annaleao.com.br\/site\/wp-json\/wp\/v2\/tags?post=815"}],"curies":[{"name":"wp","href":"https:\/\/api.w.org\/{rel}","templated":true}]}}