{"id":817,"date":"2011-04-25T11:00:00","date_gmt":"2011-04-25T11:00:00","guid":{"rendered":"https:\/\/annaleao.com.br\/site\/festival-de-lillith\/"},"modified":"2018-11-13T17:43:34","modified_gmt":"2018-11-13T17:43:34","slug":"festival-de-lillith","status":"publish","type":"post","link":"https:\/\/annaleao.com.br\/site\/festival-de-lillith\/","title":{"rendered":"Festival de Lillith"},"content":{"rendered":"<p>Amigos leitores, eu estarei autografando o livro A Rainha da Floresta no festival de Lillith, \u00a0no dia 21 de maio de 2011, das 12 \u00e0s 20 hs, no Rio de Janeiro. Maiores informa\u00e7\u00f5es sobre o festival, acesse o link abaixo:<br \/>\n<a href=\"http:\/\/sites.google.com\/site\/festivaldelillith\/\">http:\/\/sites.google.com\/site\/festivaldelillith\/<\/a><\/p>\n<p>Se programem&#8230;e nos vemos l\u00e1!<\/p>\n<div style=\"clear: both; text-align: center;\"><\/div>\n","protected":false},"excerpt":{"rendered":"<p>Amigos leitores, eu estarei autografando o livro A Rainha da Floresta no festival de Lillith, \u00a0no dia 21 de maio de 2011, das 12 \u00e0s 20 hs, no Rio de Janeiro. Maiores informa\u00e7\u00f5es sobre o festival, acesse o link abaixo: http:\/\/sites.google.com\/site\/festivaldelillith\/ Se programem&#8230;e nos vemos l\u00e1!<\/p>\n","protected":false},"author":2,"featured_media":1950,"comment_status":"open","ping_status":"open","sticky":false,"template":"","format":"standard","meta":{"jetpack_post_was_ever_published":false,"_jetpack_newsletter_access":"","_jetpack_dont_email_post_to_subs":false,"_jetpack_newsletter_tier_id":0,"_jetpack_memberships_contains_paywalled_content":false,"_jetpack_memberships_contains_paid_content":false,"footnotes":"","jetpack_publicize_message":"","jetpack_publicize_feature_enabled":true,"jetpack_social_post_already_shared":true,"jetpack_social_options":{"image_generator_settings":{"template":"highway","enabled":false},"version":2}},"categories":[174],"tags":[971,965,1110,1111],"class_list":["post-817","post","type-post","status-publish","format-standard","has-post-thumbnail","hentry","category-a-rainha-da-floresta","tag-a-rainha-da-floresta","tag-anna-leao","tag-festival-de-lillith","tag-festival-pagao"],"yoast_head":"<!-- This site is optimized with the Yoast SEO plugin v25.2 - https:\/\/yoast.com\/wordpress\/plugins\/seo\/ -->\n<title>Festival de Lillith - ANNA DE LE\u00c3O<\/title>\n<meta name=\"robots\" content=\"index, follow, max-snippet:-1, max-image-preview:large, max-video-preview:-1\" \/>\n<link rel=\"canonical\" href=\"https:\/\/annaleao.com.br\/site\/festival-de-lillith\/\" \/>\n<meta property=\"og:locale\" content=\"pt_BR\" \/>\n<meta property=\"og:type\" content=\"article\" \/>\n<meta property=\"og:title\" content=\"Festival de Lillith - ANNA DE LE\u00c3O\" \/>\n<meta property=\"og:description\" content=\"Amigos leitores, eu estarei autografando o livro A Rainha da Floresta no festival de Lillith, \u00a0no dia 21 de maio de 2011, das 12 \u00e0s 20 hs, no Rio de Janeiro. Maiores informa\u00e7\u00f5es sobre o festival, acesse o link abaixo: http:\/\/sites.google.com\/site\/festivaldelillith\/ Se programem&#8230;e nos vemos l\u00e1!\" \/>\n<meta property=\"og:url\" content=\"https:\/\/annaleao.com.br\/site\/festival-de-lillith\/\" \/>\n<meta property=\"og:site_name\" content=\"ANNA DE LE\u00c3O\" \/>\n<meta property=\"article:published_time\" content=\"2011-04-25T11:00:00+00:00\" \/>\n<meta property=\"article:modified_time\" content=\"2018-11-13T17:43:34+00:00\" \/>\n<meta property=\"og:image\" content=\"https:\/\/annaleao.com.br\/site\/wp-content\/uploads\/2011\/04\/festival.jpg\" \/>\n\t<meta property=\"og:image:width\" content=\"400\" \/>\n\t<meta property=\"og:image:height\" content=\"288\" \/>\n\t<meta property=\"og:image:type\" content=\"image\/jpeg\" \/>\n<meta name=\"author\" content=\"Anna de Le\u00e3o\" \/>\n<meta name=\"twitter:label1\" content=\"Escrito por\" \/>\n\t<meta name=\"twitter:data1\" content=\"Anna de Le\u00e3o\" \/>\n<script type=\"application\/ld+json\" class=\"yoast-schema-graph\">{\"@context\":\"https:\/\/schema.org\",\"@graph\":[{\"@type\":\"WebPage\",\"@id\":\"https:\/\/annaleao.com.br\/site\/festival-de-lillith\/\",\"url\":\"https:\/\/annaleao.com.br\/site\/festival-de-lillith\/\",\"name\":\"Festival de Lillith - ANNA DE LE\u00c3O\",\"isPartOf\":{\"@id\":\"https:\/\/annaleao.com.br\/site\/#website\"},\"primaryImageOfPage\":{\"@id\":\"https:\/\/annaleao.com.br\/site\/festival-de-lillith\/#primaryimage\"},\"image\":{\"@id\":\"https:\/\/annaleao.com.br\/site\/festival-de-lillith\/#primaryimage\"},\"thumbnailUrl\":\"https:\/\/annaleao.com.br\/site\/wp-content\/uploads\/2011\/04\/festival.jpg\",\"datePublished\":\"2011-04-25T11:00:00+00:00\",\"dateModified\":\"2018-11-13T17:43:34+00:00\",\"author\":{\"@id\":\"https:\/\/annaleao.com.br\/site\/#\/schema\/person\/c61c763755650f8b56acd76d44c7bc8c\"},\"breadcrumb\":{\"@id\":\"https:\/\/annaleao.com.br\/site\/festival-de-lillith\/#breadcrumb\"},\"inLanguage\":\"pt-BR\",\"potentialAction\":[{\"@type\":\"ReadAction\",\"target\":[\"https:\/\/annaleao.com.br\/site\/festival-de-lillith\/\"]}]},{\"@type\":\"ImageObject\",\"inLanguage\":\"pt-BR\",\"@id\":\"https:\/\/annaleao.com.br\/site\/festival-de-lillith\/#primaryimage\",\"url\":\"https:\/\/annaleao.com.br\/site\/wp-content\/uploads\/2011\/04\/festival.jpg\",\"contentUrl\":\"https:\/\/annaleao.com.br\/site\/wp-content\/uploads\/2011\/04\/festival.jpg\",\"width\":400,\"height\":288},{\"@type\":\"BreadcrumbList\",\"@id\":\"https:\/\/annaleao.com.br\/site\/festival-de-lillith\/#breadcrumb\",\"itemListElement\":[{\"@type\":\"ListItem\",\"position\":1,\"name\":\"In\u00edcio\",\"item\":\"https:\/\/annaleao.com.br\/site\/\"},{\"@type\":\"ListItem\",\"position\":2,\"name\":\"Festival de Lillith\"}]},{\"@type\":\"WebSite\",\"@id\":\"https:\/\/annaleao.com.br\/site\/#website\",\"url\":\"https:\/\/annaleao.com.br\/site\/\",\"name\":\"ANNA DE LE\u00c3O\",\"description\":\" Escritora e Terapeuta\",\"potentialAction\":[{\"@type\":\"SearchAction\",\"target\":{\"@type\":\"EntryPoint\",\"urlTemplate\":\"https:\/\/annaleao.com.br\/site\/?s={search_term_string}\"},\"query-input\":{\"@type\":\"PropertyValueSpecification\",\"valueRequired\":true,\"valueName\":\"search_term_string\"}}],\"inLanguage\":\"pt-BR\"},{\"@type\":\"Person\",\"@id\":\"https:\/\/annaleao.com.br\/site\/#\/schema\/person\/c61c763755650f8b56acd76d44c7bc8c\",\"name\":\"Anna de Le\u00e3o\",\"image\":{\"@type\":\"ImageObject\",\"inLanguage\":\"pt-BR\",\"@id\":\"https:\/\/annaleao.com.br\/site\/#\/schema\/person\/image\/\",\"url\":\"https:\/\/secure.gravatar.com\/avatar\/e29860c6ef57760b67570c34e3948ba9de10eb9b2e2f20081d0061a7233daf60?s=96&d=blank&r=g\",\"contentUrl\":\"https:\/\/secure.gravatar.com\/avatar\/e29860c6ef57760b67570c34e3948ba9de10eb9b2e2f20081d0061a7233daf60?s=96&d=blank&r=g\",\"caption\":\"Anna de Le\u00e3o\"},\"sameAs\":[\"http:\/\/www.annaleao.com.br\",\"https:\/\/x.com\/https:\/\/www.instagram.com\/annadeleao\"],\"url\":\"https:\/\/annaleao.com.br\/site\/author\/anna\/\"}]}<\/script>\n<!-- \/ Yoast SEO plugin. -->","yoast_head_json":{"title":"Festival de Lillith - ANNA DE LE\u00c3O","robots":{"index":"index","follow":"follow","max-snippet":"max-snippet:-1","max-image-preview":"max-image-preview:large","max-video-preview":"max-video-preview:-1"},"canonical":"https:\/\/annaleao.com.br\/site\/festival-de-lillith\/","og_locale":"pt_BR","og_type":"article","og_title":"Festival de Lillith - ANNA DE LE\u00c3O","og_description":"Amigos leitores, eu estarei autografando o livro A Rainha da Floresta no festival de Lillith, \u00a0no dia 21 de maio de 2011, das 12 \u00e0s 20 hs, no Rio de Janeiro. Maiores informa\u00e7\u00f5es sobre o festival, acesse o link abaixo: http:\/\/sites.google.com\/site\/festivaldelillith\/ Se programem&#8230;e nos vemos l\u00e1!","og_url":"https:\/\/annaleao.com.br\/site\/festival-de-lillith\/","og_site_name":"ANNA DE LE\u00c3O","article_published_time":"2011-04-25T11:00:00+00:00","article_modified_time":"2018-11-13T17:43:34+00:00","og_image":[{"width":400,"height":288,"url":"https:\/\/annaleao.com.br\/site\/wp-content\/uploads\/2011\/04\/festival.jpg","type":"image\/jpeg"}],"author":"Anna de Le\u00e3o","twitter_misc":{"Escrito por":"Anna de Le\u00e3o"},"schema":{"@context":"https:\/\/schema.org","@graph":[{"@type":"WebPage","@id":"https:\/\/annaleao.com.br\/site\/festival-de-lillith\/","url":"https:\/\/annaleao.com.br\/site\/festival-de-lillith\/","name":"Festival de Lillith - ANNA DE LE\u00c3O","isPartOf":{"@id":"https:\/\/annaleao.com.br\/site\/#website"},"primaryImageOfPage":{"@id":"https:\/\/annaleao.com.br\/site\/festival-de-lillith\/#primaryimage"},"image":{"@id":"https:\/\/annaleao.com.br\/site\/festival-de-lillith\/#primaryimage"},"thumbnailUrl":"https:\/\/annaleao.com.br\/site\/wp-content\/uploads\/2011\/04\/festival.jpg","datePublished":"2011-04-25T11:00:00+00:00","dateModified":"2018-11-13T17:43:34+00:00","author":{"@id":"https:\/\/annaleao.com.br\/site\/#\/schema\/person\/c61c763755650f8b56acd76d44c7bc8c"},"breadcrumb":{"@id":"https:\/\/annaleao.com.br\/site\/festival-de-lillith\/#breadcrumb"},"inLanguage":"pt-BR","potentialAction":[{"@type":"ReadAction","target":["https:\/\/annaleao.com.br\/site\/festival-de-lillith\/"]}]},{"@type":"ImageObject","inLanguage":"pt-BR","@id":"https:\/\/annaleao.com.br\/site\/festival-de-lillith\/#primaryimage","url":"https:\/\/annaleao.com.br\/site\/wp-content\/uploads\/2011\/04\/festival.jpg","contentUrl":"https:\/\/annaleao.com.br\/site\/wp-content\/uploads\/2011\/04\/festival.jpg","width":400,"height":288},{"@type":"BreadcrumbList","@id":"https:\/\/annaleao.com.br\/site\/festival-de-lillith\/#breadcrumb","itemListElement":[{"@type":"ListItem","position":1,"name":"In\u00edcio","item":"https:\/\/annaleao.com.br\/site\/"},{"@type":"ListItem","position":2,"name":"Festival de Lillith"}]},{"@type":"WebSite","@id":"https:\/\/annaleao.com.br\/site\/#website","url":"https:\/\/annaleao.com.br\/site\/","name":"ANNA DE LE\u00c3O","description":" Escritora e Terapeuta","potentialAction":[{"@type":"SearchAction","target":{"@type":"EntryPoint","urlTemplate":"https:\/\/annaleao.com.br\/site\/?s={search_term_string}"},"query-input":{"@type":"PropertyValueSpecification","valueRequired":true,"valueName":"search_term_string"}}],"inLanguage":"pt-BR"},{"@type":"Person","@id":"https:\/\/annaleao.com.br\/site\/#\/schema\/person\/c61c763755650f8b56acd76d44c7bc8c","name":"Anna de Le\u00e3o","image":{"@type":"ImageObject","inLanguage":"pt-BR","@id":"https:\/\/annaleao.com.br\/site\/#\/schema\/person\/image\/","url":"https:\/\/secure.gravatar.com\/avatar\/e29860c6ef57760b67570c34e3948ba9de10eb9b2e2f20081d0061a7233daf60?s=96&d=blank&r=g","contentUrl":"https:\/\/secure.gravatar.com\/avatar\/e29860c6ef57760b67570c34e3948ba9de10eb9b2e2f20081d0061a7233daf60?s=96&d=blank&r=g","caption":"Anna de Le\u00e3o"},"sameAs":["http:\/\/www.annaleao.com.br","https:\/\/x.com\/https:\/\/www.instagram.com\/annadeleao"],"url":"https:\/\/annaleao.com.br\/site\/author\/anna\/"}]}},"jetpack_publicize_connections":[],"jetpack_featured_media_url":"https:\/\/annaleao.com.br\/site\/wp-content\/uploads\/2011\/04\/festival.jpg","jetpack_sharing_enabled":true,"jetpack_shortlink":"https:\/\/wp.me\/p8nt2H-db","jetpack-related-posts":[],"_links":{"self":[{"href":"https:\/\/annaleao.com.br\/site\/wp-json\/wp\/v2\/posts\/817","targetHints":{"allow":["GET"]}}],"collection":[{"href":"https:\/\/annaleao.com.br\/site\/wp-json\/wp\/v2\/posts"}],"about":[{"href":"https:\/\/annaleao.com.br\/site\/wp-json\/wp\/v2\/types\/post"}],"author":[{"embeddable":true,"href":"https:\/\/annaleao.com.br\/site\/wp-json\/wp\/v2\/users\/2"}],"replies":[{"embeddable":true,"href":"https:\/\/annaleao.com.br\/site\/wp-json\/wp\/v2\/comments?post=817"}],"version-history":[{"count":2,"href":"https:\/\/annaleao.com.br\/site\/wp-json\/wp\/v2\/posts\/817\/revisions"}],"predecessor-version":[{"id":1952,"href":"https:\/\/annaleao.com.br\/site\/wp-json\/wp\/v2\/posts\/817\/revisions\/1952"}],"wp:featuredmedia":[{"embeddable":true,"href":"https:\/\/annaleao.com.br\/site\/wp-json\/wp\/v2\/media\/1950"}],"wp:attachment":[{"href":"https:\/\/annaleao.com.br\/site\/wp-json\/wp\/v2\/media?parent=817"}],"wp:term":[{"taxonomy":"category","embeddable":true,"href":"https:\/\/annaleao.com.br\/site\/wp-json\/wp\/v2\/categories?post=817"},{"taxonomy":"post_tag","embeddable":true,"href":"https:\/\/annaleao.com.br\/site\/wp-json\/wp\/v2\/tags?post=817"}],"curies":[{"name":"wp","href":"https:\/\/api.w.org\/{rel}","templated":true}]}}