{"id":818,"date":"2011-04-18T23:14:00","date_gmt":"2011-04-18T23:14:00","guid":{"rendered":"https:\/\/annaleao.com.br\/site\/manannan-mac-lir-atraves-das-brumas\/"},"modified":"2011-04-18T23:14:00","modified_gmt":"2011-04-18T23:14:00","slug":"manannan-mac-lir-atraves-das-brumas","status":"publish","type":"post","link":"https:\/\/annaleao.com.br\/site\/manannan-mac-lir-atraves-das-brumas\/","title":{"rendered":"Manannan Mac Lir &#8211; Atrav\u00e9s das Brumas"},"content":{"rendered":"<div style=\"clear: both; text-align: center;\"><a href=\"http:\/\/1.bp.blogspot.com\/-a0Rsg7lzDrY\/TazEQ98dsCI\/AAAAAAAAB8c\/hAtzkwF89XU\/s1600\/Manannan.jpg\" style=\"margin-left: 1em; margin-right: 1em;\"><img fetchpriority=\"high\" decoding=\"async\" border=\"0\" height=\"400\" src=\"http:\/\/1.bp.blogspot.com\/-a0Rsg7lzDrY\/TazEQ98dsCI\/AAAAAAAAB8c\/hAtzkwF89XU\/s400\/Manannan.jpg\" width=\"312\" \/><\/a><\/div>\n<div style=\"line-height: 13.5pt; margin-bottom: .0001pt; margin-bottom: 0cm;\"><\/div>\n<div style=\"line-height: 13.5pt; margin-bottom: .0001pt; margin-bottom: 0cm;\"><span style=\"font-family: Verdana, sans-serif; font-size: 12pt;\"><\/span><span style=\"font-family: Verdana, sans-serif; font-size: 16px;\">Cavalgando as ondas em seu corcel, ou navegando-as em seu &nbsp;barco est\u00e1 Manannan Mac Lir, filho de Lir, o Mar. Manannan \u00e9 a divindade mar\u00edtima mais cultuada pelos celtas, Ele \u00e9 um Deus ancestral. Seu reino fica al\u00e9m das ondas, nas profundezas das \u00e1guas salgadas. Seu reino est\u00e1 no Outro Mundo.<\/span><\/div>\n<div style=\"line-height: 13.5pt; margin-bottom: .0001pt; margin-bottom: 0cm;\"><span style=\"font-family: Verdana, sans-serif; font-size: 12pt;\"> <br \/><\/span><br \/><span style=\"font-family: Verdana, sans-serif; font-size: 12pt;\"><o:p><\/o:p><\/span><\/div>\n<div style=\"line-height: 13.5pt; margin-bottom: .0001pt; margin-bottom: 0cm;\"><span style=\"font-family: Verdana, sans-serif; font-size: 12pt;\">Mas Manannan \u00e9 um grande viajante e est\u00e1 sempre fazendo contato com os mortais em suas viajens. Com a grande habilidade de mudar de forma, ele muito se disfar\u00e7a em belos guerreiros humanos. Sim, belo ele \u00e9, guerreiro tamb\u00e9m, mas humano n\u00e3o, pois ele \u00e9 o Deus todo poderoso do Mar e do Outro Mundo. Guia os navegantes pela superf\u00edcie das \u00e1guas e tamb\u00e9m em suas profundezas quando o viajante est\u00e1 num imram (jornada ao Outro Mundo) para descobrir mais sobre si mesmo e sobre os mist\u00e9rios da vida(e da morte). Manannan tamb\u00e9m recebe as almas que chegam ao Outro Mundo, tamb\u00e9m conhecido com diversos nomes como Terra da Juventude, Terra das Macieiras, Terra da Promessa. Na cren\u00e7a Celta \u00e9 para l\u00e1 que vamos quando deixamos este mundo, encontrar om os Deuses e Ancestrais.<\/span><span style=\"font-family: 'Times New Roman', serif; font-size: 12pt;\"><o:p><\/o:p><\/span><\/div>\n<div style=\"line-height: 13.5pt; margin-bottom: .0001pt; margin-bottom: 0cm;\"><\/div>\n<div style=\"line-height: 13.5pt; margin-bottom: .0001pt; margin-bottom: 0cm;\"><span style=\"font-family: Verdana, sans-serif; font-size: 12pt;\">&nbsp;&nbsp;Em uma de suas vindas ao nosso mundo ele prop\u00f4s ao Rei Fiachna vit\u00f3ria nas batalhas em troca de passar uma noite com sua esposa. O rei concordou e Manannan tomou Ca\u00edntigern(mulher de Fiachna) sob a forma de seu esposo. Nove meses depois nasceu Mong\u00e1n, que foi levado para o Outro Mundo, onde viveu ao lado do pai, Manannan, at\u00e9 os dezesseis anos. Mong\u00e1n se tornou um grande rei aben\u00e7oado pelos votos de felicidade e longevidade do poderoso Deus do Mar.<o:p><\/o:p><\/span><\/div>\n<div style=\"line-height: 13.5pt; margin-bottom: .0001pt; margin-bottom: 0cm;\"><\/div>\n<div style=\"line-height: 13.5pt; margin-bottom: .0001pt; margin-bottom: 0cm;\"><span style=\"font-family: Verdana, sans-serif; font-size: 12pt;\">&nbsp;&nbsp;\u00c9 muito comum o intec\u00e2mbio entre Deuses e mortais. O pante\u00e3o Celta est\u00e1 cheio de hist\u00f3rias onde uma crian\u00e7a divina era concebida a paritr da uni\u00e3o entre um motal e uma Deusa, ou vice-versa. Por\u00e9m, n\u00e3o s\u00e3o apenas os Deuses Celtas a gostarem deste relacionamento, podemos ver isto tamb\u00e9m nos mitos gregos, por exemplo. Contudo os Deuses Celtas sempre se colocam mais perto e simpatizantes da humanidade do que qualquer outro pante\u00e3o, o que proporciona uma maior sintonia e relacionamento real entre Eles e n\u00f3s, humanos.<o:p><\/o:p><\/span><\/div>\n<div style=\"line-height: 13.5pt; margin-bottom: .0001pt; margin-bottom: 0cm;\"><span style=\"font-family: Verdana, sans-serif; font-size: 12pt;\"><br \/><\/span><\/div>\n<div style=\"clear: both; text-align: center;\"><a href=\"http:\/\/4.bp.blogspot.com\/-P_ywt3fJQpk\/TazFKhTjGpI\/AAAAAAAAB8k\/bL6O5Z3uV1E\/s1600\/33806_153608694689443_100001209390873_314960_727415_n.jpg\" style=\"margin-left: 1em; margin-right: 1em;\"><img decoding=\"async\" border=\"0\" height=\"400\" src=\"http:\/\/4.bp.blogspot.com\/-P_ywt3fJQpk\/TazFKhTjGpI\/AAAAAAAAB8k\/bL6O5Z3uV1E\/s400\/33806_153608694689443_100001209390873_314960_727415_n.jpg\" width=\"282\" \/><\/a><\/div>\n<div style=\"line-height: 13.5pt; margin-bottom: .0001pt; margin-bottom: 0cm;\">\n<div style=\"text-align: center;\"><span style=\"font-family: Verdana, sans-serif; font-size: 12pt;\"><br \/><\/span><br \/><span style=\"font-family: Verdana, sans-serif; font-size: 12pt;\">&nbsp;<\/span><span style=\"font-family: Verdana, sans-serif; font-size: 16px;\">Atrav\u00e9s da Brumas<\/span><\/div>\n<\/div>\n<div style=\"line-height: 13.5pt; margin-bottom: .0001pt; margin-bottom: 0cm;\">\n<div style=\"text-align: center;\"><\/div>\n<\/div>\n<div style=\"line-height: 13.5pt; margin-bottom: 0.0001pt; text-align: center;\"><span style=\"font-family: Verdana, sans-serif; font-size: 12pt;\">Quando me quiseres ter v\u00e1 me buscar nos t\u00eas reinos:<o:p><\/o:p><\/span><\/div>\n<div style=\"line-height: 13.5pt; margin-bottom: 0.0001pt; text-align: center;\"><span style=\"font-family: Verdana, sans-serif; font-size: 12pt;\">O C\u00e9u, a Terra e o Mar!<o:p><\/o:p><\/span><\/div>\n<div style=\"line-height: 13.5pt; margin-bottom: 0.0001pt; text-align: center;\"><span style=\"font-family: Verdana, sans-serif; font-size: 12pt;\">Neles poder\u00e1s me encontrar&nbsp;<o:p><\/o:p><\/span><\/div>\n<div style=\"line-height: 13.5pt; margin-bottom: 0.0001pt; text-align: center;\"><span style=\"font-family: Verdana, sans-serif; font-size: 12pt;\">Planando atrav\u00e9s das nuvens,<o:p><\/o:p><\/span><\/div>\n<div style=\"line-height: 13.5pt; margin-bottom: 0.0001pt; text-align: center;\"><span style=\"font-family: Verdana, sans-serif; font-size: 12pt;\">&nbsp;Correndo pelos campos,&nbsp;<o:p><\/o:p><\/span><\/div>\n<div style=\"line-height: 13.5pt; margin-bottom: 0.0001pt; text-align: center;\"><span style=\"font-family: Verdana, sans-serif; font-size: 12pt;\">&nbsp;Mergulhando nas porfundezas das \u00e1guas de Manannan.<o:p><\/o:p><\/span><\/div>\n<div style=\"line-height: 13.5pt; margin-bottom: 0.0001pt; text-align: center;\"><\/div>\n<div style=\"line-height: 13.5pt; margin-bottom: 0.0001pt; text-align: center;\"><span style=\"font-family: Verdana, sans-serif; font-size: 12pt;\">N\u00e3o se intimide e busque me ver em sintonia com os Deuses,<o:p><\/o:p><\/span><\/div>\n<div style=\"line-height: 13.5pt; margin-bottom: 0.0001pt; text-align: center;\"><span style=\"font-family: Verdana, sans-serif; font-size: 12pt;\">Atravessando as brumas e agradecendo a Eles pelo Fogo Sagrado!<o:p><\/o:p><\/span><\/div>\n<div style=\"line-height: 13.5pt; margin-bottom: 0.0001pt; text-align: center;\"><span style=\"font-family: Verdana, sans-serif; font-size: 12pt;\">N\u00e3o se intimide e pe\u00e7a a Manannan que te guie ao Outo Mundo<o:p><\/o:p><\/span><\/div>\n<div style=\"line-height: 13.5pt; margin-bottom: 0.0001pt; text-align: center;\"><span style=\"font-family: Verdana, sans-serif; font-size: 12pt;\">Num imram de coragem e renascimento<o:p><\/o:p><\/span><\/div>\n<div style=\"line-height: 13.5pt; margin-bottom: 0.0001pt; text-align: center;\"><span style=\"font-family: Verdana, sans-serif; font-size: 12pt;\">Numa jornada de descobertas e plenitude<o:p><\/o:p><\/span><\/div>\n<div style=\"line-height: 13.5pt; margin-bottom: 0.0001pt; text-align: center;\"><\/div>\n<div style=\"line-height: 13.5pt; margin-bottom: 0.0001pt; text-align: center;\"><span style=\"font-family: Verdana, sans-serif; font-size: 12pt;\">E quando l\u00e1 te encontrares enfim<o:p><\/o:p><\/span><\/div>\n<div style=\"line-height: 13.5pt; margin-bottom: 0.0001pt; text-align: center;\"><span style=\"font-family: Verdana, sans-serif; font-size: 12pt;\">Procure o ramo prateado para chegar at\u00e9 mim<o:p><\/o:p><\/span><\/div>\n<div style=\"line-height: 13.5pt; margin-bottom: 0.0001pt; text-align: center;\"><span style=\"font-family: Verdana, sans-serif; font-size: 12pt;\">E sentir o perfume das ma\u00e7\u00e3s exalando do meu amor &nbsp;por ti.<o:p><\/o:p><\/span><\/div>\n<div style=\"line-height: 13.5pt; margin-bottom: 0.0001pt; text-align: center;\"><\/div>\n<div style=\"line-height: 13.5pt; margin-bottom: .0001pt; margin-bottom: 0cm;\">\n<div style=\"text-align: center;\"><span style=\"font-family: Verdana, sans-serif; font-size: 12pt;\"><br \/><\/span><\/div>\n<\/div>\n<div style=\"line-height: 13.5pt; margin-bottom: .0001pt; margin-bottom: 0cm;\">\n<div style=\"text-align: center;\"><span style=\"font-family: Verdana, sans-serif; font-size: 12pt;\"><br \/><\/span><\/div>\n<\/div>\n<div style=\"line-height: 13.5pt; margin-bottom: .0001pt; margin-bottom: 0cm;\"><span style=\"font-family: Verdana, sans-serif; font-size: 12pt;\">Anna Le\u00e3o. Todos os direitos reservados<o:p><\/o:p><\/span><\/div>\n<div><\/div>\n","protected":false},"excerpt":{"rendered":"<p>Cavalgando as ondas em seu corcel, ou navegando-as em seu &nbsp;barco est\u00e1 Manannan Mac Lir, filho de Lir, o Mar. Manannan \u00e9 a divindade mar\u00edtima mais cultuada pelos celtas, Ele \u00e9 um Deus ancestral. Seu reino fica al\u00e9m das ondas, nas profundezas das \u00e1guas salgadas. Seu reino est\u00e1 no Outro Mundo. Mas Manannan \u00e9 um grande viajante e est\u00e1 sempre &hellip; <\/p>\n","protected":false},"author":2,"featured_media":0,"comment_status":"open","ping_status":"open","sticky":false,"template":"","format":"standard","meta":{"jetpack_post_was_ever_published":false,"_jetpack_newsletter_access":"","_jetpack_dont_email_post_to_subs":false,"_jetpack_newsletter_tier_id":0,"_jetpack_memberships_contains_paywalled_content":false,"_jetpack_memberships_contains_paid_content":false,"footnotes":"","jetpack_publicize_message":"","jetpack_publicize_feature_enabled":true,"jetpack_social_post_already_shared":true,"jetpack_social_options":{"image_generator_settings":{"template":"highway","enabled":false},"version":2}},"categories":[408,411,194],"tags":[],"class_list":["post-818","post","type-post","status-publish","format-standard","hentry","category-deuses-celtas","category-manannan-mac-lir","category-poema-poesia"],"yoast_head":"<!-- This site is optimized with the Yoast SEO plugin v25.2 - https:\/\/yoast.com\/wordpress\/plugins\/seo\/ -->\n<title>Manannan Mac Lir - Atrav\u00e9s das Brumas - ANNA DE LE\u00c3O<\/title>\n<meta name=\"robots\" content=\"index, follow, max-snippet:-1, max-image-preview:large, max-video-preview:-1\" \/>\n<link rel=\"canonical\" href=\"https:\/\/annaleao.com.br\/site\/manannan-mac-lir-atraves-das-brumas\/\" \/>\n<meta property=\"og:locale\" content=\"pt_BR\" \/>\n<meta property=\"og:type\" content=\"article\" \/>\n<meta property=\"og:title\" content=\"Manannan Mac Lir - Atrav\u00e9s das Brumas - ANNA DE LE\u00c3O\" \/>\n<meta property=\"og:description\" content=\"Cavalgando as ondas em seu corcel, ou navegando-as em seu &nbsp;barco est\u00e1 Manannan Mac Lir, filho de Lir, o Mar. Manannan \u00e9 a divindade mar\u00edtima mais cultuada pelos celtas, Ele \u00e9 um Deus ancestral. Seu reino fica al\u00e9m das ondas, nas profundezas das \u00e1guas salgadas. Seu reino est\u00e1 no Outro Mundo. Mas Manannan \u00e9 um grande viajante e est\u00e1 sempre &hellip;\" \/>\n<meta property=\"og:url\" content=\"https:\/\/annaleao.com.br\/site\/manannan-mac-lir-atraves-das-brumas\/\" \/>\n<meta property=\"og:site_name\" content=\"ANNA DE LE\u00c3O\" \/>\n<meta property=\"article:published_time\" content=\"2011-04-18T23:14:00+00:00\" \/>\n<meta property=\"og:image\" content=\"http:\/\/1.bp.blogspot.com\/-a0Rsg7lzDrY\/TazEQ98dsCI\/AAAAAAAAB8c\/hAtzkwF89XU\/s400\/Manannan.jpg\" \/>\n<meta name=\"author\" content=\"Anna de Le\u00e3o\" \/>\n<meta name=\"twitter:label1\" content=\"Escrito por\" \/>\n\t<meta name=\"twitter:data1\" content=\"Anna de Le\u00e3o\" \/>\n\t<meta name=\"twitter:label2\" content=\"Est. tempo de leitura\" \/>\n\t<meta name=\"twitter:data2\" content=\"3 minutos\" \/>\n<script type=\"application\/ld+json\" class=\"yoast-schema-graph\">{\"@context\":\"https:\/\/schema.org\",\"@graph\":[{\"@type\":\"WebPage\",\"@id\":\"https:\/\/annaleao.com.br\/site\/manannan-mac-lir-atraves-das-brumas\/\",\"url\":\"https:\/\/annaleao.com.br\/site\/manannan-mac-lir-atraves-das-brumas\/\",\"name\":\"Manannan Mac Lir - Atrav\u00e9s das Brumas - ANNA DE LE\u00c3O\",\"isPartOf\":{\"@id\":\"https:\/\/annaleao.com.br\/site\/#website\"},\"primaryImageOfPage\":{\"@id\":\"https:\/\/annaleao.com.br\/site\/manannan-mac-lir-atraves-das-brumas\/#primaryimage\"},\"image\":{\"@id\":\"https:\/\/annaleao.com.br\/site\/manannan-mac-lir-atraves-das-brumas\/#primaryimage\"},\"thumbnailUrl\":\"http:\/\/1.bp.blogspot.com\/-a0Rsg7lzDrY\/TazEQ98dsCI\/AAAAAAAAB8c\/hAtzkwF89XU\/s400\/Manannan.jpg\",\"datePublished\":\"2011-04-18T23:14:00+00:00\",\"author\":{\"@id\":\"https:\/\/annaleao.com.br\/site\/#\/schema\/person\/c61c763755650f8b56acd76d44c7bc8c\"},\"breadcrumb\":{\"@id\":\"https:\/\/annaleao.com.br\/site\/manannan-mac-lir-atraves-das-brumas\/#breadcrumb\"},\"inLanguage\":\"pt-BR\",\"potentialAction\":[{\"@type\":\"ReadAction\",\"target\":[\"https:\/\/annaleao.com.br\/site\/manannan-mac-lir-atraves-das-brumas\/\"]}]},{\"@type\":\"ImageObject\",\"inLanguage\":\"pt-BR\",\"@id\":\"https:\/\/annaleao.com.br\/site\/manannan-mac-lir-atraves-das-brumas\/#primaryimage\",\"url\":\"http:\/\/1.bp.blogspot.com\/-a0Rsg7lzDrY\/TazEQ98dsCI\/AAAAAAAAB8c\/hAtzkwF89XU\/s400\/Manannan.jpg\",\"contentUrl\":\"http:\/\/1.bp.blogspot.com\/-a0Rsg7lzDrY\/TazEQ98dsCI\/AAAAAAAAB8c\/hAtzkwF89XU\/s400\/Manannan.jpg\"},{\"@type\":\"BreadcrumbList\",\"@id\":\"https:\/\/annaleao.com.br\/site\/manannan-mac-lir-atraves-das-brumas\/#breadcrumb\",\"itemListElement\":[{\"@type\":\"ListItem\",\"position\":1,\"name\":\"In\u00edcio\",\"item\":\"https:\/\/annaleao.com.br\/site\/\"},{\"@type\":\"ListItem\",\"position\":2,\"name\":\"Manannan Mac Lir &#8211; Atrav\u00e9s das Brumas\"}]},{\"@type\":\"WebSite\",\"@id\":\"https:\/\/annaleao.com.br\/site\/#website\",\"url\":\"https:\/\/annaleao.com.br\/site\/\",\"name\":\"ANNA DE LE\u00c3O\",\"description\":\" Escritora e Terapeuta\",\"potentialAction\":[{\"@type\":\"SearchAction\",\"target\":{\"@type\":\"EntryPoint\",\"urlTemplate\":\"https:\/\/annaleao.com.br\/site\/?s={search_term_string}\"},\"query-input\":{\"@type\":\"PropertyValueSpecification\",\"valueRequired\":true,\"valueName\":\"search_term_string\"}}],\"inLanguage\":\"pt-BR\"},{\"@type\":\"Person\",\"@id\":\"https:\/\/annaleao.com.br\/site\/#\/schema\/person\/c61c763755650f8b56acd76d44c7bc8c\",\"name\":\"Anna de Le\u00e3o\",\"image\":{\"@type\":\"ImageObject\",\"inLanguage\":\"pt-BR\",\"@id\":\"https:\/\/annaleao.com.br\/site\/#\/schema\/person\/image\/\",\"url\":\"https:\/\/secure.gravatar.com\/avatar\/e29860c6ef57760b67570c34e3948ba9de10eb9b2e2f20081d0061a7233daf60?s=96&d=blank&r=g\",\"contentUrl\":\"https:\/\/secure.gravatar.com\/avatar\/e29860c6ef57760b67570c34e3948ba9de10eb9b2e2f20081d0061a7233daf60?s=96&d=blank&r=g\",\"caption\":\"Anna de Le\u00e3o\"},\"sameAs\":[\"http:\/\/www.annaleao.com.br\",\"https:\/\/x.com\/https:\/\/www.instagram.com\/annadeleao\"],\"url\":\"https:\/\/annaleao.com.br\/site\/author\/anna\/\"}]}<\/script>\n<!-- \/ Yoast SEO plugin. -->","yoast_head_json":{"title":"Manannan Mac Lir - Atrav\u00e9s das Brumas - ANNA DE LE\u00c3O","robots":{"index":"index","follow":"follow","max-snippet":"max-snippet:-1","max-image-preview":"max-image-preview:large","max-video-preview":"max-video-preview:-1"},"canonical":"https:\/\/annaleao.com.br\/site\/manannan-mac-lir-atraves-das-brumas\/","og_locale":"pt_BR","og_type":"article","og_title":"Manannan Mac Lir - Atrav\u00e9s das Brumas - ANNA DE LE\u00c3O","og_description":"Cavalgando as ondas em seu corcel, ou navegando-as em seu &nbsp;barco est\u00e1 Manannan Mac Lir, filho de Lir, o Mar. Manannan \u00e9 a divindade mar\u00edtima mais cultuada pelos celtas, Ele \u00e9 um Deus ancestral. Seu reino fica al\u00e9m das ondas, nas profundezas das \u00e1guas salgadas. Seu reino est\u00e1 no Outro Mundo. Mas Manannan \u00e9 um grande viajante e est\u00e1 sempre &hellip;","og_url":"https:\/\/annaleao.com.br\/site\/manannan-mac-lir-atraves-das-brumas\/","og_site_name":"ANNA DE LE\u00c3O","article_published_time":"2011-04-18T23:14:00+00:00","og_image":[{"url":"http:\/\/1.bp.blogspot.com\/-a0Rsg7lzDrY\/TazEQ98dsCI\/AAAAAAAAB8c\/hAtzkwF89XU\/s400\/Manannan.jpg","type":"","width":"","height":""}],"author":"Anna de Le\u00e3o","twitter_misc":{"Escrito por":"Anna de Le\u00e3o","Est. tempo de leitura":"3 minutos"},"schema":{"@context":"https:\/\/schema.org","@graph":[{"@type":"WebPage","@id":"https:\/\/annaleao.com.br\/site\/manannan-mac-lir-atraves-das-brumas\/","url":"https:\/\/annaleao.com.br\/site\/manannan-mac-lir-atraves-das-brumas\/","name":"Manannan Mac Lir - Atrav\u00e9s das Brumas - ANNA DE LE\u00c3O","isPartOf":{"@id":"https:\/\/annaleao.com.br\/site\/#website"},"primaryImageOfPage":{"@id":"https:\/\/annaleao.com.br\/site\/manannan-mac-lir-atraves-das-brumas\/#primaryimage"},"image":{"@id":"https:\/\/annaleao.com.br\/site\/manannan-mac-lir-atraves-das-brumas\/#primaryimage"},"thumbnailUrl":"http:\/\/1.bp.blogspot.com\/-a0Rsg7lzDrY\/TazEQ98dsCI\/AAAAAAAAB8c\/hAtzkwF89XU\/s400\/Manannan.jpg","datePublished":"2011-04-18T23:14:00+00:00","author":{"@id":"https:\/\/annaleao.com.br\/site\/#\/schema\/person\/c61c763755650f8b56acd76d44c7bc8c"},"breadcrumb":{"@id":"https:\/\/annaleao.com.br\/site\/manannan-mac-lir-atraves-das-brumas\/#breadcrumb"},"inLanguage":"pt-BR","potentialAction":[{"@type":"ReadAction","target":["https:\/\/annaleao.com.br\/site\/manannan-mac-lir-atraves-das-brumas\/"]}]},{"@type":"ImageObject","inLanguage":"pt-BR","@id":"https:\/\/annaleao.com.br\/site\/manannan-mac-lir-atraves-das-brumas\/#primaryimage","url":"http:\/\/1.bp.blogspot.com\/-a0Rsg7lzDrY\/TazEQ98dsCI\/AAAAAAAAB8c\/hAtzkwF89XU\/s400\/Manannan.jpg","contentUrl":"http:\/\/1.bp.blogspot.com\/-a0Rsg7lzDrY\/TazEQ98dsCI\/AAAAAAAAB8c\/hAtzkwF89XU\/s400\/Manannan.jpg"},{"@type":"BreadcrumbList","@id":"https:\/\/annaleao.com.br\/site\/manannan-mac-lir-atraves-das-brumas\/#breadcrumb","itemListElement":[{"@type":"ListItem","position":1,"name":"In\u00edcio","item":"https:\/\/annaleao.com.br\/site\/"},{"@type":"ListItem","position":2,"name":"Manannan Mac Lir &#8211; Atrav\u00e9s das Brumas"}]},{"@type":"WebSite","@id":"https:\/\/annaleao.com.br\/site\/#website","url":"https:\/\/annaleao.com.br\/site\/","name":"ANNA DE LE\u00c3O","description":" Escritora e Terapeuta","potentialAction":[{"@type":"SearchAction","target":{"@type":"EntryPoint","urlTemplate":"https:\/\/annaleao.com.br\/site\/?s={search_term_string}"},"query-input":{"@type":"PropertyValueSpecification","valueRequired":true,"valueName":"search_term_string"}}],"inLanguage":"pt-BR"},{"@type":"Person","@id":"https:\/\/annaleao.com.br\/site\/#\/schema\/person\/c61c763755650f8b56acd76d44c7bc8c","name":"Anna de Le\u00e3o","image":{"@type":"ImageObject","inLanguage":"pt-BR","@id":"https:\/\/annaleao.com.br\/site\/#\/schema\/person\/image\/","url":"https:\/\/secure.gravatar.com\/avatar\/e29860c6ef57760b67570c34e3948ba9de10eb9b2e2f20081d0061a7233daf60?s=96&d=blank&r=g","contentUrl":"https:\/\/secure.gravatar.com\/avatar\/e29860c6ef57760b67570c34e3948ba9de10eb9b2e2f20081d0061a7233daf60?s=96&d=blank&r=g","caption":"Anna de Le\u00e3o"},"sameAs":["http:\/\/www.annaleao.com.br","https:\/\/x.com\/https:\/\/www.instagram.com\/annadeleao"],"url":"https:\/\/annaleao.com.br\/site\/author\/anna\/"}]}},"jetpack_publicize_connections":[],"jetpack_featured_media_url":"","jetpack_sharing_enabled":true,"jetpack_shortlink":"https:\/\/wp.me\/p8nt2H-dc","jetpack-related-posts":[],"_links":{"self":[{"href":"https:\/\/annaleao.com.br\/site\/wp-json\/wp\/v2\/posts\/818","targetHints":{"allow":["GET"]}}],"collection":[{"href":"https:\/\/annaleao.com.br\/site\/wp-json\/wp\/v2\/posts"}],"about":[{"href":"https:\/\/annaleao.com.br\/site\/wp-json\/wp\/v2\/types\/post"}],"author":[{"embeddable":true,"href":"https:\/\/annaleao.com.br\/site\/wp-json\/wp\/v2\/users\/2"}],"replies":[{"embeddable":true,"href":"https:\/\/annaleao.com.br\/site\/wp-json\/wp\/v2\/comments?post=818"}],"version-history":[{"count":0,"href":"https:\/\/annaleao.com.br\/site\/wp-json\/wp\/v2\/posts\/818\/revisions"}],"wp:attachment":[{"href":"https:\/\/annaleao.com.br\/site\/wp-json\/wp\/v2\/media?parent=818"}],"wp:term":[{"taxonomy":"category","embeddable":true,"href":"https:\/\/annaleao.com.br\/site\/wp-json\/wp\/v2\/categories?post=818"},{"taxonomy":"post_tag","embeddable":true,"href":"https:\/\/annaleao.com.br\/site\/wp-json\/wp\/v2\/tags?post=818"}],"curies":[{"name":"wp","href":"https:\/\/api.w.org\/{rel}","templated":true}]}}