{"id":830,"date":"2011-01-30T21:13:00","date_gmt":"2011-01-30T21:13:00","guid":{"rendered":"https:\/\/annaleao.com.br\/site\/lughnasadh-o-primeiro-festival-da-colheita-2\/"},"modified":"2011-01-30T21:13:00","modified_gmt":"2011-01-30T21:13:00","slug":"lughnasadh-o-primeiro-festival-da-colheita-2","status":"publish","type":"post","link":"https:\/\/annaleao.com.br\/site\/lughnasadh-o-primeiro-festival-da-colheita-2\/","title":{"rendered":"Lughnasadh &#8211; O Primeiro Festival da Colheita"},"content":{"rendered":"<div style=\"clear: both; text-align: center;\"><a href=\"http:\/\/4.bp.blogspot.com\/_v8vfw6qYRLs\/TUXUMDYDgjI\/AAAAAAAAB4Q\/NalqEeafhpc\/s1600\/165174_153807508002895_100001209390873_316773_5948101_n.jpg\" style=\"margin-left: 1em; margin-right: 1em;\"><img fetchpriority=\"high\" decoding=\"async\" border=\"0\" height=\"640\" src=\"https:\/\/4.bp.blogspot.com\/_v8vfw6qYRLs\/TUXUMDYDgjI\/AAAAAAAAB4Q\/NalqEeafhpc\/s640\/165174_153807508002895_100001209390873_316773_5948101_n.jpg\" width=\"416\" \/><\/a><\/div>\n<div style=\"line-height: 13.5pt;\"><span style=\"font-family: &quot;verdana&quot; , &quot;sans-serif&quot;; font-size: 9.0pt;\"><br \/><\/span><\/div>\n<div style=\"line-height: 13.5pt;\"><span style=\"font-family: &quot;verdana&quot; , &quot;sans-serif&quot;; font-size: 9.0pt;\">O festival de Lughnasadh \u00e9 de extrema import\u00e2ncia, pois nos d\u00e1 a chance de agradecermos por tudo que recebemos no per\u00edodo de um ano.&nbsp;Os povos antigos tinham a grande sabedoria e humildade de saberem agradecer, fato pouco valorizado nos nossos tempo atuais, quando s\u00f3 sabemos pedir.<o:p><\/o:p><\/span><\/div>\n<div style=\"line-height: 13.5pt;\"><span style=\"font-family: &quot;verdana&quot; , &quot;sans-serif&quot;; font-size: 9.0pt;\"><br \/><\/span><\/div>\n<div style=\"line-height: 13.5pt;\"><span style=\"font-family: &quot;verdana&quot; , &quot;sans-serif&quot;; font-size: 9.0pt;\">Nesta data ( 1 de fevereiro no HS e 1 de agosto no HN), celebramos o sacrif\u00edcio do Deus em prol da vida de seu povo. O Deus Sol se funde \u00e0 terra (o ventre da Deusa) dando a sua energia \u00e0s sementes, propiciando a colheita dos gr\u00e3os. Por\u00e9m ele renasce com as pr\u00f3ximas colheitas atrav\u00e9s da benevol\u00eancia da Deusa. Por Ela, Ele morre, por Ela, Ele renasce.<o:p><\/o:p><\/span><\/div>\n<div style=\"line-height: 13.5pt;\"><span style=\"font-family: &quot;verdana&quot; , &quot;sans-serif&quot;; font-size: 9.0pt;\"><br \/><\/span><\/div>\n<div style=\"line-height: 13.5pt;\"><span style=\"font-family: &quot;verdana&quot; , &quot;sans-serif&quot;; font-size: 9.0pt;\">Do ventre da Deusa surgem, ent\u00e3o, as primeiras colheitas, que podem ser traduzidas aqui n\u00e3o s\u00f3 no alimento f\u00edsico, mas em tudo que colhemos como consequ\u00eancia das sementes por n\u00f3s plantadas.<br \/>Isto quer dizer que este \u00e9 o primeiro momento de colhermos os frutos de nossos objetivos, de nossas iniciativas. E principalmente agradecer por eles, por tudo que nos foi concedido no per\u00edodo de um ano, tanto as coisas boas, como as &#8220;m\u00e1s&#8221;, pois sempre ensinam algo. Aqui a Deusa \u00e9 reverenciada como A M\u00e3e dos Gr\u00e3os e Senhora dos Animais, pois a conex\u00e3o com a Natureza e a sua vida selvagem, a fauna e a flora, \u00e9 muito forte neste Sabbat.<o:p><\/o:p><\/span><\/div>\n<div style=\"line-height: 13.5pt;\"><span style=\"font-family: &quot;verdana&quot; , &quot;sans-serif&quot;; font-size: 9.0pt;\"><br \/><\/span><\/div>\n<div style=\"line-height: 13.5pt;\"><span style=\"font-family: &quot;verdana&quot; , &quot;sans-serif&quot;; font-size: 9.0pt;\">No paganismo celta este festival \u00e9 dedicado ao Deus Lugh &#8211; Deus solar, guerreiro, poeta &#8211; e a sua m\u00e3e adotiva Taltiu. Diferentemente do mito do Romance da Deusa, nos mitos celtas quem se sacrifica, todos os anos, para que o ciclo da colheita continue \u00e9 a Grande M\u00e3e, simbolizada pelo sacrif\u00edcio de Taltiu morrendo ao limpar a plan\u00edcie central da Irlanda para permitir o cultivo.<o:p><\/o:p><\/span><\/div>\n<div style=\"line-height: 13.5pt;\"><span style=\"font-family: &quot;verdana&quot; , &quot;sans-serif&quot;; font-size: 9.0pt;\"><br \/><\/span><\/div>\n<div style=\"line-height: 13.5pt;\"><span style=\"font-family: &quot;verdana&quot; , &quot;sans-serif&quot;; font-size: 9.0pt;\">Lughnasadh \u00e9 o momento ideal para casamentos, dentro da cultura celta, e n\u00e3o Beltane, como muitos pensam.<o:p><\/o:p><\/span><\/div>\n<div style=\"line-height: 13.5pt;\"><span style=\"font-family: &quot;verdana&quot; , &quot;sans-serif&quot;; font-size: 9.0pt;\">Nesta \u00e9poca do ano \u2013 meio do ver\u00e3o \u2013 vemos esta mesma celebra\u00e7\u00e3o em v\u00e1rias outras culturas. Yemanj\u00e1, por exemplo, \u00e9 comemorada neste dia tamb\u00e9m, aqui no Brasil, e ela \u00e9 a Orix\u00e1 M\u00e3e.<\/p>\n<p>Este primeiro festival da colheita (ao todo s\u00e3o tr\u00eas na Roda do Ano) \u00e9 chamado pelos povos anglo-sax\u00e3os de Lammas, que se traduz pela Festa do P\u00e3o.&nbsp;Neste dia os p\u00e3es s\u00e3o feitos com os primeiros gr\u00e3os da colheita e oferecidos aos Deuses antigos. Aqui sabemos que precisamos dar o melhor de n\u00f3s.<o:p><\/o:p><\/span><\/div>\n<div style=\"line-height: 13.5pt;\"><span style=\"font-family: &quot;verdana&quot; , &quot;sans-serif&quot;; font-size: 9.0pt;\"><br \/><\/span><\/div>\n<div style=\"line-height: 13.5pt;\"><span style=\"font-family: &quot;verdana&quot; , &quot;sans-serif&quot;; font-size: 9.0pt;\">Anna Le\u00e3o. (Favor mencionar autoria e fonte ao reproduzir este artigo)<o:p><\/o:p><\/span><br \/><span style=\"font-family: &quot;verdana&quot; , &quot;sans-serif&quot;; font-size: 9.0pt;\"><br \/><\/span><span style=\"font-family: &quot;verdana&quot; , &quot;sans-serif&quot;; font-size: 9.0pt;\"><br \/><\/span><\/div>\n","protected":false},"excerpt":{"rendered":"<p>O festival de Lughnasadh \u00e9 de extrema import\u00e2ncia, pois nos d\u00e1 a chance de agradecermos por tudo que recebemos no per\u00edodo de um ano.&nbsp;Os povos antigos tinham a grande sabedoria e humildade de saberem agradecer, fato pouco valorizado nos nossos tempo atuais, quando s\u00f3 sabemos pedir. Nesta data ( 1 de fevereiro no HS e 1 de agosto no HN), &hellip; <\/p>\n","protected":false},"author":2,"featured_media":0,"comment_status":"open","ping_status":"open","sticky":false,"template":"","format":"standard","meta":{"jetpack_post_was_ever_published":false,"_jetpack_newsletter_access":"","_jetpack_dont_email_post_to_subs":false,"_jetpack_newsletter_tier_id":0,"_jetpack_memberships_contains_paywalled_content":false,"_jetpack_memberships_contains_paid_content":false,"footnotes":"","jetpack_publicize_message":"","jetpack_publicize_feature_enabled":true,"jetpack_social_post_already_shared":true,"jetpack_social_options":{"image_generator_settings":{"template":"highway","enabled":false},"version":2}},"categories":[272,488,390,489,197,490,487],"tags":[],"class_list":["post-830","post","type-post","status-publish","format-standard","hentry","category-caminho-da-deusa","category-festival-da-colheita","category-lugh","category-lughnasadh","category-paganismo","category-paganismo-celta","category-taltiu"],"yoast_head":"<!-- This site is optimized with the Yoast SEO plugin v25.2 - https:\/\/yoast.com\/wordpress\/plugins\/seo\/ -->\n<title>Lughnasadh - O Primeiro Festival da Colheita - ANNA DE LE\u00c3O<\/title>\n<meta name=\"robots\" content=\"index, follow, max-snippet:-1, max-image-preview:large, max-video-preview:-1\" \/>\n<link rel=\"canonical\" href=\"https:\/\/annaleao.com.br\/site\/lughnasadh-o-primeiro-festival-da-colheita-2\/\" \/>\n<meta property=\"og:locale\" content=\"pt_BR\" \/>\n<meta property=\"og:type\" content=\"article\" \/>\n<meta property=\"og:title\" content=\"Lughnasadh - O Primeiro Festival da Colheita - ANNA DE LE\u00c3O\" \/>\n<meta property=\"og:description\" content=\"O festival de Lughnasadh \u00e9 de extrema import\u00e2ncia, pois nos d\u00e1 a chance de agradecermos por tudo que recebemos no per\u00edodo de um ano.&nbsp;Os povos antigos tinham a grande sabedoria e humildade de saberem agradecer, fato pouco valorizado nos nossos tempo atuais, quando s\u00f3 sabemos pedir. Nesta data ( 1 de fevereiro no HS e 1 de agosto no HN), &hellip;\" \/>\n<meta property=\"og:url\" content=\"https:\/\/annaleao.com.br\/site\/lughnasadh-o-primeiro-festival-da-colheita-2\/\" \/>\n<meta property=\"og:site_name\" content=\"ANNA DE LE\u00c3O\" \/>\n<meta property=\"article:published_time\" content=\"2011-01-30T21:13:00+00:00\" \/>\n<meta property=\"og:image\" content=\"https:\/\/4.bp.blogspot.com\/_v8vfw6qYRLs\/TUXUMDYDgjI\/AAAAAAAAB4Q\/NalqEeafhpc\/s640\/165174_153807508002895_100001209390873_316773_5948101_n.jpg\" \/>\n<meta name=\"author\" content=\"Anna de Le\u00e3o\" \/>\n<meta name=\"twitter:label1\" content=\"Escrito por\" \/>\n\t<meta name=\"twitter:data1\" content=\"Anna de Le\u00e3o\" \/>\n\t<meta name=\"twitter:label2\" content=\"Est. tempo de leitura\" \/>\n\t<meta name=\"twitter:data2\" content=\"2 minutos\" \/>\n<script type=\"application\/ld+json\" class=\"yoast-schema-graph\">{\"@context\":\"https:\/\/schema.org\",\"@graph\":[{\"@type\":\"WebPage\",\"@id\":\"https:\/\/annaleao.com.br\/site\/lughnasadh-o-primeiro-festival-da-colheita-2\/\",\"url\":\"https:\/\/annaleao.com.br\/site\/lughnasadh-o-primeiro-festival-da-colheita-2\/\",\"name\":\"Lughnasadh - O Primeiro Festival da Colheita - ANNA DE LE\u00c3O\",\"isPartOf\":{\"@id\":\"https:\/\/annaleao.com.br\/site\/#website\"},\"primaryImageOfPage\":{\"@id\":\"https:\/\/annaleao.com.br\/site\/lughnasadh-o-primeiro-festival-da-colheita-2\/#primaryimage\"},\"image\":{\"@id\":\"https:\/\/annaleao.com.br\/site\/lughnasadh-o-primeiro-festival-da-colheita-2\/#primaryimage\"},\"thumbnailUrl\":\"https:\/\/4.bp.blogspot.com\/_v8vfw6qYRLs\/TUXUMDYDgjI\/AAAAAAAAB4Q\/NalqEeafhpc\/s640\/165174_153807508002895_100001209390873_316773_5948101_n.jpg\",\"datePublished\":\"2011-01-30T21:13:00+00:00\",\"author\":{\"@id\":\"https:\/\/annaleao.com.br\/site\/#\/schema\/person\/c61c763755650f8b56acd76d44c7bc8c\"},\"breadcrumb\":{\"@id\":\"https:\/\/annaleao.com.br\/site\/lughnasadh-o-primeiro-festival-da-colheita-2\/#breadcrumb\"},\"inLanguage\":\"pt-BR\",\"potentialAction\":[{\"@type\":\"ReadAction\",\"target\":[\"https:\/\/annaleao.com.br\/site\/lughnasadh-o-primeiro-festival-da-colheita-2\/\"]}]},{\"@type\":\"ImageObject\",\"inLanguage\":\"pt-BR\",\"@id\":\"https:\/\/annaleao.com.br\/site\/lughnasadh-o-primeiro-festival-da-colheita-2\/#primaryimage\",\"url\":\"https:\/\/4.bp.blogspot.com\/_v8vfw6qYRLs\/TUXUMDYDgjI\/AAAAAAAAB4Q\/NalqEeafhpc\/s640\/165174_153807508002895_100001209390873_316773_5948101_n.jpg\",\"contentUrl\":\"https:\/\/4.bp.blogspot.com\/_v8vfw6qYRLs\/TUXUMDYDgjI\/AAAAAAAAB4Q\/NalqEeafhpc\/s640\/165174_153807508002895_100001209390873_316773_5948101_n.jpg\"},{\"@type\":\"BreadcrumbList\",\"@id\":\"https:\/\/annaleao.com.br\/site\/lughnasadh-o-primeiro-festival-da-colheita-2\/#breadcrumb\",\"itemListElement\":[{\"@type\":\"ListItem\",\"position\":1,\"name\":\"In\u00edcio\",\"item\":\"https:\/\/annaleao.com.br\/site\/\"},{\"@type\":\"ListItem\",\"position\":2,\"name\":\"Lughnasadh &#8211; O Primeiro Festival da Colheita\"}]},{\"@type\":\"WebSite\",\"@id\":\"https:\/\/annaleao.com.br\/site\/#website\",\"url\":\"https:\/\/annaleao.com.br\/site\/\",\"name\":\"ANNA DE LE\u00c3O\",\"description\":\" Escritora e Terapeuta\",\"potentialAction\":[{\"@type\":\"SearchAction\",\"target\":{\"@type\":\"EntryPoint\",\"urlTemplate\":\"https:\/\/annaleao.com.br\/site\/?s={search_term_string}\"},\"query-input\":{\"@type\":\"PropertyValueSpecification\",\"valueRequired\":true,\"valueName\":\"search_term_string\"}}],\"inLanguage\":\"pt-BR\"},{\"@type\":\"Person\",\"@id\":\"https:\/\/annaleao.com.br\/site\/#\/schema\/person\/c61c763755650f8b56acd76d44c7bc8c\",\"name\":\"Anna de Le\u00e3o\",\"image\":{\"@type\":\"ImageObject\",\"inLanguage\":\"pt-BR\",\"@id\":\"https:\/\/annaleao.com.br\/site\/#\/schema\/person\/image\/\",\"url\":\"https:\/\/secure.gravatar.com\/avatar\/e29860c6ef57760b67570c34e3948ba9de10eb9b2e2f20081d0061a7233daf60?s=96&d=blank&r=g\",\"contentUrl\":\"https:\/\/secure.gravatar.com\/avatar\/e29860c6ef57760b67570c34e3948ba9de10eb9b2e2f20081d0061a7233daf60?s=96&d=blank&r=g\",\"caption\":\"Anna de Le\u00e3o\"},\"sameAs\":[\"http:\/\/www.annaleao.com.br\",\"https:\/\/x.com\/https:\/\/www.instagram.com\/annadeleao\"],\"url\":\"https:\/\/annaleao.com.br\/site\/author\/anna\/\"}]}<\/script>\n<!-- \/ Yoast SEO plugin. -->","yoast_head_json":{"title":"Lughnasadh - O Primeiro Festival da Colheita - ANNA DE LE\u00c3O","robots":{"index":"index","follow":"follow","max-snippet":"max-snippet:-1","max-image-preview":"max-image-preview:large","max-video-preview":"max-video-preview:-1"},"canonical":"https:\/\/annaleao.com.br\/site\/lughnasadh-o-primeiro-festival-da-colheita-2\/","og_locale":"pt_BR","og_type":"article","og_title":"Lughnasadh - O Primeiro Festival da Colheita - ANNA DE LE\u00c3O","og_description":"O festival de Lughnasadh \u00e9 de extrema import\u00e2ncia, pois nos d\u00e1 a chance de agradecermos por tudo que recebemos no per\u00edodo de um ano.&nbsp;Os povos antigos tinham a grande sabedoria e humildade de saberem agradecer, fato pouco valorizado nos nossos tempo atuais, quando s\u00f3 sabemos pedir. Nesta data ( 1 de fevereiro no HS e 1 de agosto no HN), &hellip;","og_url":"https:\/\/annaleao.com.br\/site\/lughnasadh-o-primeiro-festival-da-colheita-2\/","og_site_name":"ANNA DE LE\u00c3O","article_published_time":"2011-01-30T21:13:00+00:00","og_image":[{"url":"https:\/\/4.bp.blogspot.com\/_v8vfw6qYRLs\/TUXUMDYDgjI\/AAAAAAAAB4Q\/NalqEeafhpc\/s640\/165174_153807508002895_100001209390873_316773_5948101_n.jpg","type":"","width":"","height":""}],"author":"Anna de Le\u00e3o","twitter_misc":{"Escrito por":"Anna de Le\u00e3o","Est. tempo de leitura":"2 minutos"},"schema":{"@context":"https:\/\/schema.org","@graph":[{"@type":"WebPage","@id":"https:\/\/annaleao.com.br\/site\/lughnasadh-o-primeiro-festival-da-colheita-2\/","url":"https:\/\/annaleao.com.br\/site\/lughnasadh-o-primeiro-festival-da-colheita-2\/","name":"Lughnasadh - O Primeiro Festival da Colheita - ANNA DE LE\u00c3O","isPartOf":{"@id":"https:\/\/annaleao.com.br\/site\/#website"},"primaryImageOfPage":{"@id":"https:\/\/annaleao.com.br\/site\/lughnasadh-o-primeiro-festival-da-colheita-2\/#primaryimage"},"image":{"@id":"https:\/\/annaleao.com.br\/site\/lughnasadh-o-primeiro-festival-da-colheita-2\/#primaryimage"},"thumbnailUrl":"https:\/\/4.bp.blogspot.com\/_v8vfw6qYRLs\/TUXUMDYDgjI\/AAAAAAAAB4Q\/NalqEeafhpc\/s640\/165174_153807508002895_100001209390873_316773_5948101_n.jpg","datePublished":"2011-01-30T21:13:00+00:00","author":{"@id":"https:\/\/annaleao.com.br\/site\/#\/schema\/person\/c61c763755650f8b56acd76d44c7bc8c"},"breadcrumb":{"@id":"https:\/\/annaleao.com.br\/site\/lughnasadh-o-primeiro-festival-da-colheita-2\/#breadcrumb"},"inLanguage":"pt-BR","potentialAction":[{"@type":"ReadAction","target":["https:\/\/annaleao.com.br\/site\/lughnasadh-o-primeiro-festival-da-colheita-2\/"]}]},{"@type":"ImageObject","inLanguage":"pt-BR","@id":"https:\/\/annaleao.com.br\/site\/lughnasadh-o-primeiro-festival-da-colheita-2\/#primaryimage","url":"https:\/\/4.bp.blogspot.com\/_v8vfw6qYRLs\/TUXUMDYDgjI\/AAAAAAAAB4Q\/NalqEeafhpc\/s640\/165174_153807508002895_100001209390873_316773_5948101_n.jpg","contentUrl":"https:\/\/4.bp.blogspot.com\/_v8vfw6qYRLs\/TUXUMDYDgjI\/AAAAAAAAB4Q\/NalqEeafhpc\/s640\/165174_153807508002895_100001209390873_316773_5948101_n.jpg"},{"@type":"BreadcrumbList","@id":"https:\/\/annaleao.com.br\/site\/lughnasadh-o-primeiro-festival-da-colheita-2\/#breadcrumb","itemListElement":[{"@type":"ListItem","position":1,"name":"In\u00edcio","item":"https:\/\/annaleao.com.br\/site\/"},{"@type":"ListItem","position":2,"name":"Lughnasadh &#8211; O Primeiro Festival da Colheita"}]},{"@type":"WebSite","@id":"https:\/\/annaleao.com.br\/site\/#website","url":"https:\/\/annaleao.com.br\/site\/","name":"ANNA DE LE\u00c3O","description":" Escritora e Terapeuta","potentialAction":[{"@type":"SearchAction","target":{"@type":"EntryPoint","urlTemplate":"https:\/\/annaleao.com.br\/site\/?s={search_term_string}"},"query-input":{"@type":"PropertyValueSpecification","valueRequired":true,"valueName":"search_term_string"}}],"inLanguage":"pt-BR"},{"@type":"Person","@id":"https:\/\/annaleao.com.br\/site\/#\/schema\/person\/c61c763755650f8b56acd76d44c7bc8c","name":"Anna de Le\u00e3o","image":{"@type":"ImageObject","inLanguage":"pt-BR","@id":"https:\/\/annaleao.com.br\/site\/#\/schema\/person\/image\/","url":"https:\/\/secure.gravatar.com\/avatar\/e29860c6ef57760b67570c34e3948ba9de10eb9b2e2f20081d0061a7233daf60?s=96&d=blank&r=g","contentUrl":"https:\/\/secure.gravatar.com\/avatar\/e29860c6ef57760b67570c34e3948ba9de10eb9b2e2f20081d0061a7233daf60?s=96&d=blank&r=g","caption":"Anna de Le\u00e3o"},"sameAs":["http:\/\/www.annaleao.com.br","https:\/\/x.com\/https:\/\/www.instagram.com\/annadeleao"],"url":"https:\/\/annaleao.com.br\/site\/author\/anna\/"}]}},"jetpack_publicize_connections":[],"jetpack_featured_media_url":"","jetpack_sharing_enabled":true,"jetpack_shortlink":"https:\/\/wp.me\/p8nt2H-do","jetpack-related-posts":[],"_links":{"self":[{"href":"https:\/\/annaleao.com.br\/site\/wp-json\/wp\/v2\/posts\/830","targetHints":{"allow":["GET"]}}],"collection":[{"href":"https:\/\/annaleao.com.br\/site\/wp-json\/wp\/v2\/posts"}],"about":[{"href":"https:\/\/annaleao.com.br\/site\/wp-json\/wp\/v2\/types\/post"}],"author":[{"embeddable":true,"href":"https:\/\/annaleao.com.br\/site\/wp-json\/wp\/v2\/users\/2"}],"replies":[{"embeddable":true,"href":"https:\/\/annaleao.com.br\/site\/wp-json\/wp\/v2\/comments?post=830"}],"version-history":[{"count":0,"href":"https:\/\/annaleao.com.br\/site\/wp-json\/wp\/v2\/posts\/830\/revisions"}],"wp:attachment":[{"href":"https:\/\/annaleao.com.br\/site\/wp-json\/wp\/v2\/media?parent=830"}],"wp:term":[{"taxonomy":"category","embeddable":true,"href":"https:\/\/annaleao.com.br\/site\/wp-json\/wp\/v2\/categories?post=830"},{"taxonomy":"post_tag","embeddable":true,"href":"https:\/\/annaleao.com.br\/site\/wp-json\/wp\/v2\/tags?post=830"}],"curies":[{"name":"wp","href":"https:\/\/api.w.org\/{rel}","templated":true}]}}