{"id":831,"date":"2011-01-28T16:39:00","date_gmt":"2011-01-28T16:39:00","guid":{"rendered":"https:\/\/annaleao.com.br\/site\/lancamento-do-livro-hell-de-janeiro-de-carmen-filgueiras\/"},"modified":"2011-01-28T16:39:00","modified_gmt":"2011-01-28T16:39:00","slug":"lancamento-do-livro-hell-de-janeiro-de-carmen-filgueiras","status":"publish","type":"post","link":"https:\/\/annaleao.com.br\/site\/lancamento-do-livro-hell-de-janeiro-de-carmen-filgueiras\/","title":{"rendered":"Lan\u00e7amento do livro Hell de Janeiro, de Carmen Filgueiras"},"content":{"rendered":"<p>Para quem est\u00e1 no Rio, hoje tem o lan\u00e7amento do livro da escritora Carmen Filgueiras, na Multifoco: &#8220;HELL DE JANEIRO&#8221; Imperd\u00edvel!!!<\/p>\n<div style=\"clear: both; text-align: center;\"><a href=\"http:\/\/1.bp.blogspot.com\/_v8vfw6qYRLs\/TULw2Am9OpI\/AAAAAAAAB4M\/ttXhXIDZQN8\/s1600\/Convite_Hell_de_Janeiro.jpg\" style=\"margin-left: 1em; margin-right: 1em;\"><img fetchpriority=\"high\" decoding=\"async\" border=\"0\" height=\"400\" src=\"https:\/\/1.bp.blogspot.com\/_v8vfw6qYRLs\/TULw2Am9OpI\/AAAAAAAAB4M\/ttXhXIDZQN8\/s400\/Convite_Hell_de_Janeiro.jpg\" width=\"365\" \/><\/a><\/div>\n","protected":false},"excerpt":{"rendered":"<p>Para quem est\u00e1 no Rio, hoje tem o lan\u00e7amento do livro da escritora Carmen Filgueiras, na Multifoco: &#8220;HELL DE JANEIRO&#8221; Imperd\u00edvel!!!<\/p>\n","protected":false},"author":2,"featured_media":0,"comment_status":"open","ping_status":"open","sticky":false,"template":"","format":"standard","meta":{"jetpack_post_was_ever_published":false,"_jetpack_newsletter_access":"","_jetpack_dont_email_post_to_subs":false,"_jetpack_newsletter_tier_id":0,"_jetpack_memberships_contains_paywalled_content":false,"_jetpack_memberships_contains_paid_content":false,"footnotes":"","jetpack_publicize_message":"","jetpack_publicize_feature_enabled":true,"jetpack_social_post_already_shared":true,"jetpack_social_options":{"image_generator_settings":{"template":"highway","enabled":false},"version":2}},"categories":[491,492,493],"tags":[],"class_list":["post-831","post","type-post","status-publish","format-standard","hentry","category-carmen-filgueiras","category-hell-de-janeiro","category-multifoco"],"yoast_head":"<!-- This site is optimized with the Yoast SEO plugin v25.2 - https:\/\/yoast.com\/wordpress\/plugins\/seo\/ -->\n<title>Lan\u00e7amento do livro Hell de Janeiro, de Carmen Filgueiras - ANNA DE LE\u00c3O<\/title>\n<meta name=\"robots\" content=\"index, follow, max-snippet:-1, max-image-preview:large, max-video-preview:-1\" \/>\n<link rel=\"canonical\" href=\"https:\/\/annaleao.com.br\/site\/lancamento-do-livro-hell-de-janeiro-de-carmen-filgueiras\/\" \/>\n<meta property=\"og:locale\" content=\"pt_BR\" \/>\n<meta property=\"og:type\" content=\"article\" \/>\n<meta property=\"og:title\" content=\"Lan\u00e7amento do livro Hell de Janeiro, de Carmen Filgueiras - ANNA DE LE\u00c3O\" \/>\n<meta property=\"og:description\" content=\"Para quem est\u00e1 no Rio, hoje tem o lan\u00e7amento do livro da escritora Carmen Filgueiras, na Multifoco: &#8220;HELL DE JANEIRO&#8221; Imperd\u00edvel!!!\" \/>\n<meta property=\"og:url\" content=\"https:\/\/annaleao.com.br\/site\/lancamento-do-livro-hell-de-janeiro-de-carmen-filgueiras\/\" \/>\n<meta property=\"og:site_name\" content=\"ANNA DE LE\u00c3O\" \/>\n<meta property=\"article:published_time\" content=\"2011-01-28T16:39:00+00:00\" \/>\n<meta property=\"og:image\" content=\"https:\/\/1.bp.blogspot.com\/_v8vfw6qYRLs\/TULw2Am9OpI\/AAAAAAAAB4M\/ttXhXIDZQN8\/s400\/Convite_Hell_de_Janeiro.jpg\" \/>\n<meta name=\"author\" content=\"Anna de Le\u00e3o\" \/>\n<meta name=\"twitter:label1\" content=\"Escrito por\" \/>\n\t<meta name=\"twitter:data1\" content=\"Anna de Le\u00e3o\" \/>\n<script type=\"application\/ld+json\" class=\"yoast-schema-graph\">{\"@context\":\"https:\/\/schema.org\",\"@graph\":[{\"@type\":\"WebPage\",\"@id\":\"https:\/\/annaleao.com.br\/site\/lancamento-do-livro-hell-de-janeiro-de-carmen-filgueiras\/\",\"url\":\"https:\/\/annaleao.com.br\/site\/lancamento-do-livro-hell-de-janeiro-de-carmen-filgueiras\/\",\"name\":\"Lan\u00e7amento do livro Hell de Janeiro, de Carmen Filgueiras - ANNA DE LE\u00c3O\",\"isPartOf\":{\"@id\":\"https:\/\/annaleao.com.br\/site\/#website\"},\"primaryImageOfPage\":{\"@id\":\"https:\/\/annaleao.com.br\/site\/lancamento-do-livro-hell-de-janeiro-de-carmen-filgueiras\/#primaryimage\"},\"image\":{\"@id\":\"https:\/\/annaleao.com.br\/site\/lancamento-do-livro-hell-de-janeiro-de-carmen-filgueiras\/#primaryimage\"},\"thumbnailUrl\":\"https:\/\/1.bp.blogspot.com\/_v8vfw6qYRLs\/TULw2Am9OpI\/AAAAAAAAB4M\/ttXhXIDZQN8\/s400\/Convite_Hell_de_Janeiro.jpg\",\"datePublished\":\"2011-01-28T16:39:00+00:00\",\"author\":{\"@id\":\"https:\/\/annaleao.com.br\/site\/#\/schema\/person\/c61c763755650f8b56acd76d44c7bc8c\"},\"breadcrumb\":{\"@id\":\"https:\/\/annaleao.com.br\/site\/lancamento-do-livro-hell-de-janeiro-de-carmen-filgueiras\/#breadcrumb\"},\"inLanguage\":\"pt-BR\",\"potentialAction\":[{\"@type\":\"ReadAction\",\"target\":[\"https:\/\/annaleao.com.br\/site\/lancamento-do-livro-hell-de-janeiro-de-carmen-filgueiras\/\"]}]},{\"@type\":\"ImageObject\",\"inLanguage\":\"pt-BR\",\"@id\":\"https:\/\/annaleao.com.br\/site\/lancamento-do-livro-hell-de-janeiro-de-carmen-filgueiras\/#primaryimage\",\"url\":\"https:\/\/1.bp.blogspot.com\/_v8vfw6qYRLs\/TULw2Am9OpI\/AAAAAAAAB4M\/ttXhXIDZQN8\/s400\/Convite_Hell_de_Janeiro.jpg\",\"contentUrl\":\"https:\/\/1.bp.blogspot.com\/_v8vfw6qYRLs\/TULw2Am9OpI\/AAAAAAAAB4M\/ttXhXIDZQN8\/s400\/Convite_Hell_de_Janeiro.jpg\"},{\"@type\":\"BreadcrumbList\",\"@id\":\"https:\/\/annaleao.com.br\/site\/lancamento-do-livro-hell-de-janeiro-de-carmen-filgueiras\/#breadcrumb\",\"itemListElement\":[{\"@type\":\"ListItem\",\"position\":1,\"name\":\"In\u00edcio\",\"item\":\"https:\/\/annaleao.com.br\/site\/\"},{\"@type\":\"ListItem\",\"position\":2,\"name\":\"Lan\u00e7amento do livro Hell de Janeiro, de Carmen Filgueiras\"}]},{\"@type\":\"WebSite\",\"@id\":\"https:\/\/annaleao.com.br\/site\/#website\",\"url\":\"https:\/\/annaleao.com.br\/site\/\",\"name\":\"ANNA DE LE\u00c3O\",\"description\":\" Escritora e Terapeuta\",\"potentialAction\":[{\"@type\":\"SearchAction\",\"target\":{\"@type\":\"EntryPoint\",\"urlTemplate\":\"https:\/\/annaleao.com.br\/site\/?s={search_term_string}\"},\"query-input\":{\"@type\":\"PropertyValueSpecification\",\"valueRequired\":true,\"valueName\":\"search_term_string\"}}],\"inLanguage\":\"pt-BR\"},{\"@type\":\"Person\",\"@id\":\"https:\/\/annaleao.com.br\/site\/#\/schema\/person\/c61c763755650f8b56acd76d44c7bc8c\",\"name\":\"Anna de Le\u00e3o\",\"image\":{\"@type\":\"ImageObject\",\"inLanguage\":\"pt-BR\",\"@id\":\"https:\/\/annaleao.com.br\/site\/#\/schema\/person\/image\/\",\"url\":\"https:\/\/secure.gravatar.com\/avatar\/e29860c6ef57760b67570c34e3948ba9de10eb9b2e2f20081d0061a7233daf60?s=96&d=blank&r=g\",\"contentUrl\":\"https:\/\/secure.gravatar.com\/avatar\/e29860c6ef57760b67570c34e3948ba9de10eb9b2e2f20081d0061a7233daf60?s=96&d=blank&r=g\",\"caption\":\"Anna de Le\u00e3o\"},\"sameAs\":[\"http:\/\/www.annaleao.com.br\",\"https:\/\/x.com\/https:\/\/www.instagram.com\/annadeleao\"],\"url\":\"https:\/\/annaleao.com.br\/site\/author\/anna\/\"}]}<\/script>\n<!-- \/ Yoast SEO plugin. -->","yoast_head_json":{"title":"Lan\u00e7amento do livro Hell de Janeiro, de Carmen Filgueiras - ANNA DE LE\u00c3O","robots":{"index":"index","follow":"follow","max-snippet":"max-snippet:-1","max-image-preview":"max-image-preview:large","max-video-preview":"max-video-preview:-1"},"canonical":"https:\/\/annaleao.com.br\/site\/lancamento-do-livro-hell-de-janeiro-de-carmen-filgueiras\/","og_locale":"pt_BR","og_type":"article","og_title":"Lan\u00e7amento do livro Hell de Janeiro, de Carmen Filgueiras - ANNA DE LE\u00c3O","og_description":"Para quem est\u00e1 no Rio, hoje tem o lan\u00e7amento do livro da escritora Carmen Filgueiras, na Multifoco: &#8220;HELL DE JANEIRO&#8221; Imperd\u00edvel!!!","og_url":"https:\/\/annaleao.com.br\/site\/lancamento-do-livro-hell-de-janeiro-de-carmen-filgueiras\/","og_site_name":"ANNA DE LE\u00c3O","article_published_time":"2011-01-28T16:39:00+00:00","og_image":[{"url":"https:\/\/1.bp.blogspot.com\/_v8vfw6qYRLs\/TULw2Am9OpI\/AAAAAAAAB4M\/ttXhXIDZQN8\/s400\/Convite_Hell_de_Janeiro.jpg","type":"","width":"","height":""}],"author":"Anna de Le\u00e3o","twitter_misc":{"Escrito por":"Anna de Le\u00e3o"},"schema":{"@context":"https:\/\/schema.org","@graph":[{"@type":"WebPage","@id":"https:\/\/annaleao.com.br\/site\/lancamento-do-livro-hell-de-janeiro-de-carmen-filgueiras\/","url":"https:\/\/annaleao.com.br\/site\/lancamento-do-livro-hell-de-janeiro-de-carmen-filgueiras\/","name":"Lan\u00e7amento do livro Hell de Janeiro, de Carmen Filgueiras - ANNA DE LE\u00c3O","isPartOf":{"@id":"https:\/\/annaleao.com.br\/site\/#website"},"primaryImageOfPage":{"@id":"https:\/\/annaleao.com.br\/site\/lancamento-do-livro-hell-de-janeiro-de-carmen-filgueiras\/#primaryimage"},"image":{"@id":"https:\/\/annaleao.com.br\/site\/lancamento-do-livro-hell-de-janeiro-de-carmen-filgueiras\/#primaryimage"},"thumbnailUrl":"https:\/\/1.bp.blogspot.com\/_v8vfw6qYRLs\/TULw2Am9OpI\/AAAAAAAAB4M\/ttXhXIDZQN8\/s400\/Convite_Hell_de_Janeiro.jpg","datePublished":"2011-01-28T16:39:00+00:00","author":{"@id":"https:\/\/annaleao.com.br\/site\/#\/schema\/person\/c61c763755650f8b56acd76d44c7bc8c"},"breadcrumb":{"@id":"https:\/\/annaleao.com.br\/site\/lancamento-do-livro-hell-de-janeiro-de-carmen-filgueiras\/#breadcrumb"},"inLanguage":"pt-BR","potentialAction":[{"@type":"ReadAction","target":["https:\/\/annaleao.com.br\/site\/lancamento-do-livro-hell-de-janeiro-de-carmen-filgueiras\/"]}]},{"@type":"ImageObject","inLanguage":"pt-BR","@id":"https:\/\/annaleao.com.br\/site\/lancamento-do-livro-hell-de-janeiro-de-carmen-filgueiras\/#primaryimage","url":"https:\/\/1.bp.blogspot.com\/_v8vfw6qYRLs\/TULw2Am9OpI\/AAAAAAAAB4M\/ttXhXIDZQN8\/s400\/Convite_Hell_de_Janeiro.jpg","contentUrl":"https:\/\/1.bp.blogspot.com\/_v8vfw6qYRLs\/TULw2Am9OpI\/AAAAAAAAB4M\/ttXhXIDZQN8\/s400\/Convite_Hell_de_Janeiro.jpg"},{"@type":"BreadcrumbList","@id":"https:\/\/annaleao.com.br\/site\/lancamento-do-livro-hell-de-janeiro-de-carmen-filgueiras\/#breadcrumb","itemListElement":[{"@type":"ListItem","position":1,"name":"In\u00edcio","item":"https:\/\/annaleao.com.br\/site\/"},{"@type":"ListItem","position":2,"name":"Lan\u00e7amento do livro Hell de Janeiro, de Carmen Filgueiras"}]},{"@type":"WebSite","@id":"https:\/\/annaleao.com.br\/site\/#website","url":"https:\/\/annaleao.com.br\/site\/","name":"ANNA DE LE\u00c3O","description":" Escritora e Terapeuta","potentialAction":[{"@type":"SearchAction","target":{"@type":"EntryPoint","urlTemplate":"https:\/\/annaleao.com.br\/site\/?s={search_term_string}"},"query-input":{"@type":"PropertyValueSpecification","valueRequired":true,"valueName":"search_term_string"}}],"inLanguage":"pt-BR"},{"@type":"Person","@id":"https:\/\/annaleao.com.br\/site\/#\/schema\/person\/c61c763755650f8b56acd76d44c7bc8c","name":"Anna de Le\u00e3o","image":{"@type":"ImageObject","inLanguage":"pt-BR","@id":"https:\/\/annaleao.com.br\/site\/#\/schema\/person\/image\/","url":"https:\/\/secure.gravatar.com\/avatar\/e29860c6ef57760b67570c34e3948ba9de10eb9b2e2f20081d0061a7233daf60?s=96&d=blank&r=g","contentUrl":"https:\/\/secure.gravatar.com\/avatar\/e29860c6ef57760b67570c34e3948ba9de10eb9b2e2f20081d0061a7233daf60?s=96&d=blank&r=g","caption":"Anna de Le\u00e3o"},"sameAs":["http:\/\/www.annaleao.com.br","https:\/\/x.com\/https:\/\/www.instagram.com\/annadeleao"],"url":"https:\/\/annaleao.com.br\/site\/author\/anna\/"}]}},"jetpack_publicize_connections":[],"jetpack_featured_media_url":"","jetpack_sharing_enabled":true,"jetpack_shortlink":"https:\/\/wp.me\/p8nt2H-dp","jetpack-related-posts":[],"_links":{"self":[{"href":"https:\/\/annaleao.com.br\/site\/wp-json\/wp\/v2\/posts\/831","targetHints":{"allow":["GET"]}}],"collection":[{"href":"https:\/\/annaleao.com.br\/site\/wp-json\/wp\/v2\/posts"}],"about":[{"href":"https:\/\/annaleao.com.br\/site\/wp-json\/wp\/v2\/types\/post"}],"author":[{"embeddable":true,"href":"https:\/\/annaleao.com.br\/site\/wp-json\/wp\/v2\/users\/2"}],"replies":[{"embeddable":true,"href":"https:\/\/annaleao.com.br\/site\/wp-json\/wp\/v2\/comments?post=831"}],"version-history":[{"count":0,"href":"https:\/\/annaleao.com.br\/site\/wp-json\/wp\/v2\/posts\/831\/revisions"}],"wp:attachment":[{"href":"https:\/\/annaleao.com.br\/site\/wp-json\/wp\/v2\/media?parent=831"}],"wp:term":[{"taxonomy":"category","embeddable":true,"href":"https:\/\/annaleao.com.br\/site\/wp-json\/wp\/v2\/categories?post=831"},{"taxonomy":"post_tag","embeddable":true,"href":"https:\/\/annaleao.com.br\/site\/wp-json\/wp\/v2\/tags?post=831"}],"curies":[{"name":"wp","href":"https:\/\/api.w.org\/{rel}","templated":true}]}}