{"id":832,"date":"2011-01-25T20:07:00","date_gmt":"2011-01-25T20:07:00","guid":{"rendered":"https:\/\/annaleao.com.br\/site\/mais-ajuda\/"},"modified":"2011-01-25T20:07:00","modified_gmt":"2011-01-25T20:07:00","slug":"mais-ajuda","status":"publish","type":"post","link":"https:\/\/annaleao.com.br\/site\/mais-ajuda\/","title":{"rendered":"Mais ajuda"},"content":{"rendered":"<div style=\"clear: both; text-align: center;\"><\/div>\n<div style=\"clear: both; text-align: center;\"><a href=\"http:\/\/1.bp.blogspot.com\/_v8vfw6qYRLs\/TT8tGGAk0LI\/AAAAAAAAB4I\/T4VwchMagJE\/s1600\/fotos+de+lolita+166.jpg\" style=\"margin-left: 1em; margin-right: 1em;\"><img fetchpriority=\"high\" decoding=\"async\" border=\"0\" height=\"240\" src=\"https:\/\/1.bp.blogspot.com\/_v8vfw6qYRLs\/TT8tGGAk0LI\/AAAAAAAAB4I\/T4VwchMagJE\/s320\/fotos+de+lolita+166.jpg\" width=\"320\" \/><\/a><\/div>\n<div style=\"clear: both; text-align: center;\">Vamos ajudar a refazer estas cidades!<\/div>\n<div style=\"clear: both; text-align: center;\"><\/div>\n<p><span style=\"border-collapse: collapse; font-family: &quot;times new roman&quot; , &quot;new york&quot; , &quot;times&quot; , serif; font-size: 16px;\">Para facilitar quem ainda n\u00e3o ajudou e quem quer continuar ajudando a popula\u00e7\u00e3o da regi\u00e3o serrana do Rio de Janeiro:<\/span><br \/><span style=\"border-collapse: collapse; font-family: &quot;times new roman&quot; , &quot;new york&quot; , &quot;times&quot; , serif; font-size: 16px;\"><br \/><\/span><br \/><span style=\"border-collapse: collapse; font-family: &quot;times new roman&quot; , &quot;new york&quot; , &quot;times&quot; , serif; font-size: 16px;\">D\u00ea prefer\u00eancia a alimentos de consumo instant\u00e2neo (biscoistos, leite tipo longa vida, todinho) que n\u00e3o necessitem de cozimento nem de uso de \u00e1gua.&nbsp; Tamb\u00e9m est\u00e3o pedindo material de limpeza, tipo balde, escov\u00e3o, vassoura, rodo, al\u00e9m de desinfetante, sab\u00e3o e alcool (limpando os locais para evitar a prolifera\u00e7\u00e3o de doen\u00e7as). E n\u00e3o devemos esquecer de uma farm\u00e1cia b\u00e1sica, como gaze, esparadrapo, atadura etc.<\/span><span style=\"border-collapse: collapse; font-family: &quot;times new roman&quot; , &quot;new york&quot; , &quot;times&quot; , serif; font-size: 16px;\"><br \/><\/span><span style=\"border-collapse: collapse; font-family: &quot;times new roman&quot; , &quot;new york&quot; , &quot;times&quot; , serif; font-size: 16px;\"><br \/><\/span><span style=\"border-collapse: collapse; font-family: &quot;times new roman&quot; , &quot;new york&quot; , &quot;times&quot; , serif; font-size: 16px;\">Os batalh\u00f5es da<\/span><span style=\"border-collapse: collapse; font-family: &quot;times new roman&quot; , &quot;new york&quot; , &quot;times&quot; , serif; font-size: 16px;\">&nbsp;<\/span><span style=\"border-collapse: collapse; font-family: &quot;times new roman&quot; , &quot;new york&quot; , &quot;times&quot; , serif; font-size: 16px;\"><span style=\"background-color: #ffff33;\">Pol\u00edcia Militar<\/span><\/span><span style=\"border-collapse: collapse; font-family: &quot;times new roman&quot; , &quot;new york&quot; , &quot;times&quot; , serif; font-size: 16px;\">&nbsp;<\/span><span style=\"border-collapse: collapse; font-family: &quot;times new roman&quot; , &quot;new york&quot; , &quot;times&quot; , serif; font-size: 16px;\">&#8211; \u00e1gua mineral, alimentos n\u00e3o perec\u00edveis e material de higiene pessoal.<\/span><span style=\"border-collapse: collapse; font-family: &quot;times new roman&quot; , &quot;new york&quot; , &quot;times&quot; , serif; font-size: 16px;\">&nbsp;<\/span><span style=\"border-collapse: collapse; font-family: &quot;times new roman&quot; , &quot;new york&quot; , &quot;times&quot; , serif; font-size: 16px;\"><br \/><\/span><span style=\"border-collapse: collapse; font-family: &quot;times new roman&quot; , &quot;new york&quot; , &quot;times&quot; , serif; font-size: 16px;\"><br \/><\/span><span style=\"border-collapse: collapse; font-family: &quot;times new roman&quot; , &quot;new york&quot; , &quot;times&quot; , serif; font-size: 16px;\"><span style=\"background-color: #ffff33;\">Supermercados<\/span><\/span><span style=\"border-collapse: collapse; font-family: &quot;times new roman&quot; , &quot;new york&quot; , &quot;times&quot; , serif; font-size: 16px;\">&nbsp;<\/span><span style=\"border-collapse: collapse; font-family: &quot;times new roman&quot; , &quot;new york&quot; , &quot;times&quot; , serif; font-size: 16px;\">em todo o Estado do Rio &#8211; alimentos n\u00e3o perec\u00edveis, roupas e cobertores (at\u00e9 o dia 26 de janeiro)<\/span><span style=\"border-collapse: collapse; font-family: &quot;times new roman&quot; , &quot;new york&quot; , &quot;times&quot; , serif; font-size: 16px;\"><br \/><\/span><span style=\"border-collapse: collapse; font-family: &quot;times new roman&quot; , &quot;new york&quot; , &quot;times&quot; , serif; font-size: 16px;\"><br \/><\/span><span style=\"border-collapse: collapse; font-family: &quot;times new roman&quot; , &quot;new york&quot; , &quot;times&quot; , serif; font-size: 16px;\">As pra\u00e7as de<\/span><span style=\"border-collapse: collapse; font-family: &quot;times new roman&quot; , &quot;new york&quot; , &quot;times&quot; , serif; font-size: 16px;\">&nbsp;<\/span><span style=\"border-collapse: collapse; font-family: &quot;times new roman&quot; , &quot;new york&quot; , &quot;times&quot; , serif; font-size: 16px;\"><span style=\"background-color: #ffff33;\">ped\u00e1gio da BR-040&nbsp;<\/span><\/span><span style=\"border-collapse: collapse; font-family: &quot;times new roman&quot; , &quot;new york&quot; , &quot;times&quot; , serif; font-size: 16px;\">(Rio \u2013 Juiz de Fora), em Duque de Caxias, Areal e Sim\u00e3o Pereira recebem doa\u00e7\u00f5es 24 horas por dia, nos postos de informa\u00e7\u00e3o ao usu\u00e1rio.<\/span><span style=\"border-collapse: collapse; font-family: &quot;times new roman&quot; , &quot;new york&quot; , &quot;times&quot; , serif; font-size: 16px;\">&nbsp;<\/span><span style=\"border-collapse: collapse; font-family: &quot;times new roman&quot; , &quot;new york&quot; , &quot;times&quot; , serif; font-size: 16px;\"><br \/><\/span><span style=\"border-collapse: collapse; font-family: &quot;times new roman&quot; , &quot;new york&quot; , &quot;times&quot; , serif; font-size: 16px;\"><br \/><\/span><span style=\"border-collapse: collapse; font-family: &quot;times new roman&quot; , &quot;new york&quot; , &quot;times&quot; , serif; font-size: 16px;\"><strong><span style=\"background-color: #ffff33; font-weight: normal;\">RJ-116<\/span>&nbsp;&#8211;&nbsp;<\/strong><\/span><span style=\"border-collapse: collapse; font-family: &quot;times new roman&quot; , &quot;new york&quot; , &quot;times&quot; , serif; font-size: 16px;\">As quatro pra\u00e7as de ped\u00e1gio da RJ-116 v\u00e3o arrecadar donativos. Os locais s\u00e3o Itabora\u00ed, Cachoeiras de Macacu, Nova Friburgo e Macuco.<\/span><span style=\"border-collapse: collapse; font-family: &quot;times new roman&quot; , &quot;new york&quot; , &quot;times&quot; , serif; font-size: 16px;\"><br \/><\/span><span style=\"border-collapse: collapse; font-family: &quot;times new roman&quot; , &quot;new york&quot; , &quot;times&quot; , serif; font-size: 16px;\"><br \/><\/span><span style=\"border-collapse: collapse; font-family: &quot;times new roman&quot; , &quot;new york&quot; , &quot;times&quot; , serif; font-size: 16px;\"><strong style=\"background-color: #ffff33; font-weight: normal;\">Cruz Vermelha<\/strong><\/span><span style=\"border-collapse: collapse; font-family: &quot;times new roman&quot; , &quot;new york&quot; , &quot;times&quot; , serif; font-size: 16px;\">&nbsp;<\/span><span style=\"border-collapse: collapse; font-family: &quot;times new roman&quot; , &quot;new york&quot; , &quot;times&quot; , serif; font-size: 16px;\">est\u00e1 recolhendo \u00e1gua mineral, cobertores, colch\u00f5es e kits de higiene pessoal.<\/span><span style=\"border-collapse: collapse; font-family: &quot;times new roman&quot; , &quot;new york&quot; , &quot;times&quot; , serif; font-size: 16px;\"><br \/><\/span><span style=\"border-collapse: collapse; font-family: &quot;times new roman&quot; , &quot;new york&quot; , &quot;times&quot; , serif; font-size: 16px;\"><br \/><\/span><span style=\"border-collapse: collapse; font-family: &quot;times new roman&quot; , &quot;new york&quot; , &quot;times&quot; , serif; font-size: 16px;\"><span style=\"background-color: #ffff33;\">Rodovi\u00e1ria Novo Rio<\/span><\/span><span style=\"border-collapse: collapse; font-family: &quot;times new roman&quot; , &quot;new york&quot; , &quot;times&quot; , serif; font-size: 16px;\">&nbsp;<\/span><span style=\"border-collapse: collapse; font-family: &quot;times new roman&quot; , &quot;new york&quot; , &quot;times&quot; , serif; font-size: 16px;\">recebe doa\u00e7\u00f5es para a Cruz Vermelha. Os donativos ser\u00e3o recebidos no piso de embarque inferior, das 9h \u00e0s 17h.<\/span><span style=\"border-collapse: collapse; font-family: &quot;times new roman&quot; , &quot;new york&quot; , &quot;times&quot; , serif; font-size: 16px;\"><br \/><\/span><span style=\"border-collapse: collapse; font-family: &quot;times new roman&quot; , &quot;new york&quot; , &quot;times&quot; , serif; font-size: 16px;\"><br \/><\/span><span style=\"border-collapse: collapse; font-family: &quot;times new roman&quot; , &quot;new york&quot; , &quot;times&quot; , serif; font-size: 16px;\">Os est\u00e1dios do<\/span><span style=\"border-collapse: collapse; font-family: &quot;times new roman&quot; , &quot;new york&quot; , &quot;times&quot; , serif; font-size: 16px;\">&nbsp;<\/span><span style=\"border-collapse: collapse; font-family: &quot;times new roman&quot; , &quot;new york&quot; , &quot;times&quot; , serif; font-size: 16px;\"><span style=\"background-color: #ffff33;\">Maracan\u00e3zinho e Caio Martins<\/span><\/span><span style=\"border-collapse: collapse; font-family: &quot;times new roman&quot; , &quot;new york&quot; , &quot;times&quot; , serif; font-size: 16px;\">&nbsp;<\/span><span style=\"border-collapse: collapse; font-family: &quot;times new roman&quot; , &quot;new york&quot; , &quot;times&quot; , serif; font-size: 16px;\">(em Niter\u00f3i)&nbsp; &#8211; garrafas de \u00e1gua pot\u00e1vel, fraldas, material de higiene pessoal, colchonetes, alimentos n\u00e3o perec\u00edveis, roupas e agasalhos. O Maracan\u00e3zinho recebe doa\u00e7\u00f5es das 8h \u00e0s 20h &#8211; Entrada pelo port\u00e3o 12A. No Caio Martinns, o hor\u00e1rio \u00e9 o mesmo e a entrada \u00e9 pelo port\u00e3o principal na Avenida Roberto Silveira, em Icara\u00ed.<\/span><span style=\"border-collapse: collapse; font-family: &quot;times new roman&quot; , &quot;new york&quot; , &quot;times&quot; , serif; font-size: 16px;\">&nbsp;<\/span><span style=\"border-collapse: collapse; font-family: &quot;times new roman&quot; , &quot;new york&quot; , &quot;times&quot; , serif; font-size: 16px;\"><br \/><\/span><span style=\"border-collapse: collapse; font-family: &quot;times new roman&quot; , &quot;new york&quot; , &quot;times&quot; , serif; font-size: 16px;\"><br \/><\/span><span style=\"border-collapse: collapse; font-family: &quot;times new roman&quot; , &quot;new york&quot; , &quot;times&quot; , serif; font-size: 16px;\"><span style=\"background-color: #ffff33;\">Lojas Americanas no Rio, Esta\u00e7\u00f5es do metr\u00f4 (General Os\u00f3rio, Siqueira Campos, Botafogo, Carioca, Gl\u00f3ria, Largo do Machado, Catete, Central do Brasil, Saens Pe\u00f1a, Nova Am\u00e9rica e Pavuna) e Viva Rio&nbsp;<\/span><\/span><span style=\"border-collapse: collapse; font-family: &quot;times new roman&quot; , &quot;new york&quot; , &quot;times&quot; , serif; font-size: 16px;\">(Rua do Russel, 76, Gl\u00f3ria) &#8211; roupas e mantimentos<\/span><span style=\"border-collapse: collapse; font-family: &quot;times new roman&quot; , &quot;new york&quot; , &quot;times&quot; , serif; font-size: 16px;\"><br \/><\/span><span style=\"border-collapse: collapse; font-family: &quot;times new roman&quot; , &quot;new york&quot; , &quot;times&quot; , serif; font-size: 16px;\"><br \/><\/span><span style=\"border-collapse: collapse; font-family: &quot;times new roman&quot; , &quot;new york&quot; , &quot;times&quot; , serif; font-size: 16px;\"><strong style=\"background-color: #ffff33; font-weight: normal;\">Concession\u00e1ria Rio-Teres\u00f3polis<\/strong><\/span><span style=\"border-collapse: collapse; font-family: &quot;times new roman&quot; , &quot;new york&quot; , &quot;times&quot; , serif; font-size: 16px;\"><span style=\"background-color: #ffff33;\"><b>&nbsp;<\/b>(CRT)<\/span><\/span><span style=\"border-collapse: collapse; font-family: &quot;times new roman&quot; , &quot;new york&quot; , &quot;times&quot; , serif; font-size: 16px;\">&nbsp;<\/span><span style=\"border-collapse: collapse; font-family: &quot;times new roman&quot; , &quot;new york&quot; , &quot;times&quot; , serif; font-size: 16px;\">&#8211; garrafas de \u00e1gua pot\u00e1vel, rem\u00e9dios, alimentos n\u00e3o perec\u00edveis, roupas, cobertores, colchonetes e itens de higiene pessoal como sabonete, pasta de dente e fralda descart\u00e1vel, nas cabines da Pra\u00e7a de Ped\u00e1gio no km-133,5 da Rio-Teres\u00f3polis-Al\u00e9m Para\u00edba (BR-116\/RJ), em Piabet\u00e1.<\/span><span style=\"border-collapse: collapse; font-family: &quot;times new roman&quot; , &quot;new york&quot; , &quot;times&quot; , serif; font-size: 16px;\"><br clear=\"all\" \/><\/span><span style=\"border-collapse: collapse; font-family: &quot;times new roman&quot; , &quot;new york&quot; , &quot;times&quot; , serif; font-size: 16px;\"><br \/><\/span><span style=\"border-collapse: collapse; font-family: &quot;times new roman&quot; , &quot;new york&quot; , &quot;times&quot; , serif; font-size: 16px;\"><span style=\"background-color: #ffff33;\">Minist\u00e9rio P\u00fablico<\/span><\/span><span style=\"border-collapse: collapse; font-family: &quot;times new roman&quot; , &quot;new york&quot; , &quot;times&quot; , serif; font-size: 16px;\">&nbsp;<\/span><span style=\"border-collapse: collapse; font-family: &quot;times new roman&quot; , &quot;new york&quot; , &quot;times&quot; , serif; font-size: 16px;\">do estado do Rio de Janeiro recebe doa\u00e7\u00f5es na portaria do edif\u00edcio-sede, na Av. Marechal C\u00e2mara, 370, no centro do Rio, de segunda a sexta-feira, das 10h \u00e0s 17h.<\/span><span style=\"border-collapse: collapse; font-family: &quot;times new roman&quot; , &quot;new york&quot; , &quot;times&quot; , serif; font-size: 16px;\"><br \/><\/span><span style=\"border-collapse: collapse; font-family: &quot;times new roman&quot; , &quot;new york&quot; , &quot;times&quot; , serif; font-size: 16px;\"><br \/><\/span><span style=\"border-collapse: collapse; font-family: &quot;times new roman&quot; , &quot;new york&quot; , &quot;times&quot; , serif; font-size: 16px;\"><strong style=\"background-color: #ffff33; font-weight: normal;\">Inea (<\/strong><\/span><span style=\"border-collapse: collapse; font-family: &quot;times new roman&quot; , &quot;new york&quot; , &quot;times&quot; , serif; font-size: 16px;\"><span style=\"background-color: #ffff33;\">Instituto Estadual do Ambiente)<\/span><\/span><span style=\"border-collapse: collapse; font-family: &quot;times new roman&quot; , &quot;new york&quot; , &quot;times&quot; , serif; font-size: 16px;\">&nbsp;<\/span><span style=\"border-collapse: collapse; font-family: &quot;times new roman&quot; , &quot;new york&quot; , &quot;times&quot; , serif; font-size: 16px;\">&#8211; alimentos n\u00e3o perec\u00edveis, colchonete, material de higiene e limpeza, sobretudo fraldas, e principalmente \u00e1gua. O endere\u00e7o \u00e9 Av. Venezuela, 110, Pra\u00e7a Mau\u00e1 &#8211; centro do Rio.&nbsp;<\/span><span style=\"border-collapse: collapse; font-family: &quot;times new roman&quot; , &quot;new york&quot; , &quot;times&quot; , serif; font-size: 16px;\">&nbsp;<\/span><span style=\"border-collapse: collapse; font-family: &quot;times new roman&quot; , &quot;new york&quot; , &quot;times&quot; , serif; font-size: 16px;\"><br \/><\/span><span style=\"border-collapse: collapse; font-family: &quot;times new roman&quot; , &quot;new york&quot; , &quot;times&quot; , serif; font-size: 16px;\"><br style=\"background-color: #ffff33;\" \/><\/span><span style=\"border-collapse: collapse; font-family: &quot;times new roman&quot; , &quot;new york&quot; , &quot;times&quot; , serif; font-size: 16px;\"><strong><span style=\"background-color: #ffff33; font-weight: normal;\">Escola de Samba Salgueiro<\/span>&nbsp;&#8211;&nbsp;<\/strong><\/span><span style=\"border-collapse: collapse; font-family: &quot;times new roman&quot; , &quot;new york&quot; , &quot;times&quot; , serif; font-size: 16px;\">alimentos n\u00e3o perec\u00edveis, \u00e1gua, roupas e cobertores. As doa\u00e7\u00f5es podem ser levadas \u00e0 quadra da escola, que fica na Rua Silva Teles, 104, no Andara\u00ed, Rio de Janeiro.<\/span><span style=\"border-collapse: collapse; font-family: &quot;times new roman&quot; , &quot;new york&quot; , &quot;times&quot; , serif; font-size: 16px;\">&nbsp;<\/span><span style=\"border-collapse: collapse; font-family: &quot;times new roman&quot; , &quot;new york&quot; , &quot;times&quot; , serif; font-size: 16px;\"><br \/><\/span><span style=\"border-collapse: collapse; font-family: &quot;times new roman&quot; , &quot;new york&quot; , &quot;times&quot; , serif; font-size: 16px;\"><br \/><\/span><span style=\"border-collapse: collapse; font-family: &quot;times new roman&quot; , &quot;new york&quot; , &quot;times&quot; , serif; font-size: 16px;\"><strong><span style=\"background-color: #ffff33; font-weight: normal;\">Tijuca T\u00eanis Clube<\/span>&nbsp;&#8211;&nbsp;<\/strong><\/span><span style=\"border-collapse: collapse; font-family: &quot;times new roman&quot; , &quot;new york&quot; , &quot;times&quot; , serif; font-size: 16px;\">Rua Conde do Bonfim, 451 &#8212; Tijuca. IInforma\u00e7\u00f5es pelo telefone: 3294-9300.<\/span><span style=\"border-collapse: collapse; font-family: &quot;times new roman&quot; , &quot;new york&quot; , &quot;times&quot; , serif; font-size: 16px;\">&nbsp;<\/span><span style=\"border-collapse: collapse; font-family: &quot;times new roman&quot; , &quot;new york&quot; , &quot;times&quot; , serif; font-size: 16px;\"><br \/><\/span><span style=\"border-collapse: collapse; font-family: &quot;times new roman&quot; , &quot;new york&quot; , &quot;times&quot; , serif; font-size: 16px;\"><br \/><\/span><span style=\"border-collapse: collapse; font-family: &quot;times new roman&quot; , &quot;new york&quot; , &quot;times&quot; , serif; font-size: 16px;\"><span style=\"background-color: #ffff33;\">Shoppings<\/span><\/span><span style=\"border-collapse: collapse; font-family: &quot;times new roman&quot; , &quot;new york&quot; , &quot;times&quot; , serif; font-size: 16px;\">&nbsp;<\/span><span style=\"border-collapse: collapse; font-family: &quot;times new roman&quot; , &quot;new york&quot; , &quot;times&quot; , serif; font-size: 16px;\">&#8211; comida, roupas, \u00e1gua e colch\u00f5es<\/span><span style=\"border-collapse: collapse; font-family: &quot;times new roman&quot; , &quot;new york&quot; , &quot;times&quot; , serif; font-size: 16px;\"><br \/><\/span><span style=\"border-collapse: collapse; font-family: &quot;times new roman&quot; , &quot;new york&quot; , &quot;times&quot; , serif; font-size: 16px;\">Bangu Shopping &#8211; Rua Fonseca, 240 &#8211; Bangu. Tel.: 2430-5130.<\/span><span style=\"border-collapse: collapse; font-family: &quot;times new roman&quot; , &quot;new york&quot; , &quot;times&quot; , serif; font-size: 16px;\">&nbsp;<\/span><span style=\"border-collapse: collapse; font-family: &quot;times new roman&quot; , &quot;new york&quot; , &quot;times&quot; , serif; font-size: 16px;\"><br \/><\/span><span style=\"border-collapse: collapse; font-family: &quot;times new roman&quot; , &quot;new york&quot; , &quot;times&quot; , serif; font-size: 16px;\">Carioca Shopping &#8211; Av. Vicente de Carvalho, 909 &#8211; Vila da Penha. Tel.: 2430-5120.<\/span><span style=\"border-collapse: collapse; font-family: &quot;times new roman&quot; , &quot;new york&quot; , &quot;times&quot; , serif; font-size: 16px;\">&nbsp;<\/span><span style=\"border-collapse: collapse; font-family: &quot;times new roman&quot; , &quot;new york&quot; , &quot;times&quot; , serif; font-size: 16px;\"><br \/><\/span><span style=\"border-collapse: collapse; font-family: &quot;times new roman&quot; , &quot;new york&quot; , &quot;times&quot; , serif; font-size: 16px;\">Caxias Shopping &#8211; Rodovia Washington Luiz, 2895, Duque de Caxias. Tel: 2430-5110<\/span><span style=\"border-collapse: collapse; font-family: &quot;times new roman&quot; , &quot;new york&quot; , &quot;times&quot; , serif; font-size: 16px;\">&nbsp;<\/span><span style=\"border-collapse: collapse; font-family: &quot;times new roman&quot; , &quot;new york&quot; , &quot;times&quot; , serif; font-size: 16px;\"><br \/><\/span><span style=\"border-collapse: collapse; font-family: &quot;times new roman&quot; , &quot;new york&quot; , &quot;times&quot; , serif; font-size: 16px;\">Passeio Shopping &#8211; Rua Vi\u00fava Dantas 100 &#8211; Campo Grande. Tel.: 2414-0003.<\/span><span style=\"border-collapse: collapse; font-family: &quot;times new roman&quot; , &quot;new york&quot; , &quot;times&quot; , serif; font-size: 16px;\"><br \/><\/span><span style=\"border-collapse: collapse; font-family: &quot;times new roman&quot; , &quot;new york&quot; , &quot;times&quot; , serif; font-size: 16px;\">Santa Cruz Shopping &#8211; Rua Felipe Cardoso 540 &#8211; Santa Cruz. Tel.: 2418-9400.<\/span><span style=\"border-collapse: collapse; font-family: &quot;times new roman&quot; , &quot;new york&quot; , &quot;times&quot; , serif; font-size: 16px;\">&nbsp;<\/span><span style=\"border-collapse: collapse; font-family: &quot;times new roman&quot; , &quot;new york&quot; , &quot;times&quot; , serif; font-size: 16px;\"><br \/><\/span><span style=\"border-collapse: collapse; font-family: &quot;times new roman&quot; , &quot;new york&quot; , &quot;times&quot; , serif; font-size: 16px;\">Shopping Grande Rio &#8211; Rodovia Presidente Dutra, 4.200 &#8211; S\u00e3o Jo\u00e3o de Meriti. Tel.: 2430-5111<\/span><span style=\"border-collapse: collapse; font-family: &quot;times new roman&quot; , &quot;new york&quot; , &quot;times&quot; , serif; font-size: 16px;\">&nbsp;<\/span><span style=\"border-collapse: collapse; font-family: &quot;times new roman&quot; , &quot;new york&quot; , &quot;times&quot; , serif; font-size: 16px;\"><br \/><\/span><span style=\"border-collapse: collapse; font-family: &quot;times new roman&quot; , &quot;new york&quot; , &quot;times&quot; , serif; font-size: 16px;\">Via Parque Shopping &#8211; Av. Ayrton Senna, 3.000 &#8211; Barra da Tijuca. Tel.: 2430-5100.<\/span><span style=\"border-collapse: collapse; font-family: &quot;times new roman&quot; , &quot;new york&quot; , &quot;times&quot; , serif; font-size: 16px;\">&nbsp;<\/span><span style=\"border-collapse: collapse; font-family: &quot;times new roman&quot; , &quot;new york&quot; , &quot;times&quot; , serif; font-size: 16px;\"><br \/><\/span><span style=\"border-collapse: collapse; font-family: &quot;times new roman&quot; , &quot;new york&quot; , &quot;times&quot; , serif; font-size: 16px;\">Shopping Leblon &#8211; Av. Afr\u00e2nio de Melo Franco, 290 &#8211; Leblon. Tel.: 2430-5122.<\/span><span style=\"border-collapse: collapse; font-family: &quot;times new roman&quot; , &quot;new york&quot; , &quot;times&quot; , serif; font-size: 16px;\">&nbsp;<\/span><span style=\"border-collapse: collapse; font-family: &quot;times new roman&quot; , &quot;new york&quot; , &quot;times&quot; , serif; font-size: 16px;\"><br \/><\/span><span style=\"border-collapse: collapse; font-family: &quot;times new roman&quot; , &quot;new york&quot; , &quot;times&quot; , serif; font-size: 16px;\">Boulevard Shopping S\u00e3o Gon\u00e7alo, SAC &#8211; 1o andar do estabelecimento.<\/span><span style=\"border-collapse: collapse; font-family: &quot;times new roman&quot; , &quot;new york&quot; , &quot;times&quot; , serif; font-size: 16px;\">&nbsp;<\/span><span style=\"border-collapse: collapse; font-family: &quot;times new roman&quot; , &quot;new york&quot; , &quot;times&quot; , serif; font-size: 16px;\"><br \/><\/span><span style=\"border-collapse: collapse; font-family: &quot;times new roman&quot; , &quot;new york&quot; , &quot;times&quot; , serif; font-size: 16px;\"><br \/><\/span><span style=\"border-collapse: collapse; font-family: &quot;times new roman&quot; , &quot;new york&quot; , &quot;times&quot; , serif; font-size: 16px;\"><strong><span style=\"background-color: #ffff33; font-weight: normal;\">Parada Solid\u00e1ria<\/span>&nbsp;&#8211;&nbsp;<\/strong><\/span><span style=\"border-collapse: collapse; font-family: &quot;times new roman&quot; , &quot;new york&quot; , &quot;times&quot; , serif; font-size: 16px;\">Os sindicadtos e empresas de transporte&nbsp; montaram postos para receber doa\u00e7\u00f5es para as v\u00edtimas da trag\u00e9dia da Regi\u00e3o Serrana, no Rio, na Baixada Fluminense , em Niter\u00f3i e em Petr\u00f3polis. Foram colocados \u00f4nibus para recolher<\/span><span style=\"border-collapse: collapse; font-family: &quot;times new roman&quot; , &quot;new york&quot; , &quot;times&quot; , serif; font-size: 16px;\">&nbsp;<\/span><span style=\"border-collapse: collapse; font-family: &quot;times new roman&quot; , &quot;new york&quot; , &quot;times&quot; , serif; font-size: 16px;\"><b>alimentos, roupas, colchonetes e \u00e1gua<\/b><\/span><span style=\"border-collapse: collapse; font-family: &quot;times new roman&quot; , &quot;new york&quot; , &quot;times&quot; , serif; font-size: 16px;\">. Veja onde os \u00f4nibus estar\u00e3o posicionados, do dia 14 ao dia 21, das 8h \u00e0s 20h.<\/span><span style=\"border-collapse: collapse; font-family: &quot;times new roman&quot; , &quot;new york&quot; , &quot;times&quot; , serif; font-size: 16px;\">&nbsp;<\/span><span style=\"border-collapse: collapse; font-family: &quot;times new roman&quot; , &quot;new york&quot; , &quot;times&quot; , serif; font-size: 16px;\"><br \/><\/span><span style=\"border-collapse: collapse; font-family: &quot;times new roman&quot; , &quot;new york&quot; , &quot;times&quot; , serif; font-size: 16px;\"><strong>No Rio:&nbsp;<\/strong><\/span><span style=\"border-collapse: collapse; font-family: &quot;times new roman&quot; , &quot;new york&quot; , &quot;times&quot; , serif; font-size: 16px;\">Largo da Carioca, Centro<\/span><span style=\"border-collapse: collapse; font-family: &quot;times new roman&quot; , &quot;new york&quot; , &quot;times&quot; , serif; font-size: 16px;\">&nbsp;<\/span><span style=\"border-collapse: collapse; font-family: &quot;times new roman&quot; , &quot;new york&quot; , &quot;times&quot; , serif; font-size: 16px;\"><br \/><\/span><span style=\"border-collapse: collapse; font-family: &quot;times new roman&quot; , &quot;new york&quot; , &quot;times&quot; , serif; font-size: 16px;\">Cinel\u00e2ndia (a partir de 2\u00aa feira, dia 17, em frente \u00e0 C\u00e2mara dos Vereadores)<\/span><span style=\"border-collapse: collapse; font-family: &quot;times new roman&quot; , &quot;new york&quot; , &quot;times&quot; , serif; font-size: 16px;\">&nbsp;<\/span><span style=\"border-collapse: collapse; font-family: &quot;times new roman&quot; , &quot;new york&quot; , &quot;times&quot; , serif; font-size: 16px;\"><br \/><\/span><span style=\"border-collapse: collapse; font-family: &quot;times new roman&quot; , &quot;new york&quot; , &quot;times&quot; , serif; font-size: 16px;\">Terminal Alvorada, Barra da Tijuca (a coleta n\u00e3o ser\u00e1 feita em \u00f4nibus, mas na Administra\u00e7\u00e3o)<\/span><span style=\"border-collapse: collapse; font-family: &quot;times new roman&quot; , &quot;new york&quot; , &quot;times&quot; , serif; font-size: 16px;\">&nbsp;<\/span><span style=\"border-collapse: collapse; font-family: &quot;times new roman&quot; , &quot;new york&quot; , &quot;times&quot; , serif; font-size: 16px;\"><br \/><\/span><span style=\"border-collapse: collapse; font-family: &quot;times new roman&quot; , &quot;new york&quot; , &quot;times&quot; , serif; font-size: 16px;\">Ilha do Governador \u2013 sede da Sub-Prefeitura em frente ao posto RioCard<\/span><span style=\"border-collapse: collapse; font-family: &quot;times new roman&quot; , &quot;new york&quot; , &quot;times&quot; , serif; font-size: 16px;\">&nbsp;<\/span><span style=\"border-collapse: collapse; font-family: &quot;times new roman&quot; , &quot;new york&quot; , &quot;times&quot; , serif; font-size: 16px;\"><br \/><\/span><span style=\"border-collapse: collapse; font-family: &quot;times new roman&quot; , &quot;new york&quot; , &quot;times&quot; , serif; font-size: 16px;\">Pra\u00e7a General Os\u00f3rio, Ipanema (a partir de s\u00e1bado, dia 15)<\/span><span style=\"border-collapse: collapse; font-family: &quot;times new roman&quot; , &quot;new york&quot; , &quot;times&quot; , serif; font-size: 16px;\">&nbsp;<\/span><span style=\"border-collapse: collapse; font-family: &quot;times new roman&quot; , &quot;new york&quot; , &quot;times&quot; , serif; font-size: 16px;\"><br \/><\/span><span style=\"border-collapse: collapse; font-family: &quot;times new roman&quot; , &quot;new york&quot; , &quot;times&quot; , serif; font-size: 16px;\">Em Duque de Caxias e Mag\u00e9:<\/span><span style=\"border-collapse: collapse; font-family: &quot;times new roman&quot; , &quot;new york&quot; , &quot;times&quot; , serif; font-size: 16px;\">&nbsp;<\/span><span style=\"border-collapse: collapse; font-family: &quot;times new roman&quot; , &quot;new york&quot; , &quot;times&quot; , serif; font-size: 16px;\"><br \/><\/span><span style=\"border-collapse: collapse; font-family: &quot;times new roman&quot; , &quot;new york&quot; , &quot;times&quot; , serif; font-size: 16px;\">Terminal Rodovi\u00e1rio Pl\u00ednio Casado, Duque de Caxias<\/span><span style=\"border-collapse: collapse; font-family: &quot;times new roman&quot; , &quot;new york&quot; , &quot;times&quot; , serif; font-size: 16px;\">&nbsp;<\/span><span style=\"border-collapse: collapse; font-family: &quot;times new roman&quot; , &quot;new york&quot; , &quot;times&quot; , serif; font-size: 16px;\"><br \/><\/span><span style=\"border-collapse: collapse; font-family: &quot;times new roman&quot; , &quot;new york&quot; , &quot;times&quot; , serif; font-size: 16px;\">Terminal Rodovi\u00e1rio do Shopping Center, Duque de Caxias<\/span><span style=\"border-collapse: collapse; font-family: &quot;times new roman&quot; , &quot;new york&quot; , &quot;times&quot; , serif; font-size: 16px;\">&nbsp;<\/span><span style=\"border-collapse: collapse; font-family: &quot;times new roman&quot; , &quot;new york&quot; , &quot;times&quot; , serif; font-size: 16px;\"><br \/><\/span><span style=\"border-collapse: collapse; font-family: &quot;times new roman&quot; , &quot;new york&quot; , &quot;times&quot; , serif; font-size: 16px;\">Rodovi\u00e1ria de Piabet\u00e1, Mag\u00e9<\/span><span style=\"border-collapse: collapse; font-family: &quot;times new roman&quot; , &quot;new york&quot; , &quot;times&quot; , serif; font-size: 16px;\">&nbsp;<\/span><span style=\"border-collapse: collapse; font-family: &quot;times new roman&quot; , &quot;new york&quot; , &quot;times&quot; , serif; font-size: 16px;\"><br \/><\/span><span style=\"border-collapse: collapse; font-family: &quot;times new roman&quot; , &quot;new york&quot; , &quot;times&quot; , serif; font-size: 16px;\">Pra\u00e7a da Prefeitura de Mag\u00e9<\/span><span style=\"border-collapse: collapse; font-family: &quot;times new roman&quot; , &quot;new york&quot; , &quot;times&quot; , serif; font-size: 16px;\">&nbsp;<\/span><span style=\"border-collapse: collapse; font-family: &quot;times new roman&quot; , &quot;new york&quot; , &quot;times&quot; , serif; font-size: 16px;\"><br \/><\/span><span style=\"border-collapse: collapse; font-family: &quot;times new roman&quot; , &quot;new york&quot; , &quot;times&quot; , serif; font-size: 16px;\"><b>Em Niter\u00f3i&nbsp;<\/b><\/span><span style=\"border-collapse: collapse; font-family: &quot;times new roman&quot; , &quot;new york&quot; , &quot;times&quot; , serif; font-size: 16px;\"><br \/><\/span><span style=\"border-collapse: collapse; font-family: &quot;times new roman&quot; , &quot;new york&quot; , &quot;times&quot; , serif; font-size: 16px;\">Terminal Jo\u00e3o Goulart (em frente ao posto do Setrerj)<\/span><span style=\"border-collapse: collapse; font-family: &quot;times new roman&quot; , &quot;new york&quot; , &quot;times&quot; , serif; font-size: 16px;\">&nbsp;<\/span><span style=\"border-collapse: collapse; font-family: &quot;times new roman&quot; , &quot;new york&quot; , &quot;times&quot; , serif; font-size: 16px;\"><br \/><\/span><span style=\"border-collapse: collapse; font-family: &quot;times new roman&quot; , &quot;new york&quot; , &quot;times&quot; , serif; font-size: 16px;\"><b>Em Petr\u00f3polis<\/b><\/span><span style=\"border-collapse: collapse; font-family: &quot;times new roman&quot; , &quot;new york&quot; , &quot;times&quot; , serif; font-size: 16px;\">&nbsp;<\/span><span style=\"border-collapse: collapse; font-family: &quot;times new roman&quot; , &quot;new york&quot; , &quot;times&quot; , serif; font-size: 16px;\"><br \/><\/span><span style=\"border-collapse: collapse; font-family: &quot;times new roman&quot; , &quot;new york&quot; , &quot;times&quot; , serif; font-size: 16px;\">Sede do Setranspetro \u2013 Rua do Imperador, 100 &#8211; Centro<\/span><span style=\"border-collapse: collapse; font-family: &quot;times new roman&quot; , &quot;new york&quot; , &quot;times&quot; , serif; font-size: 16px;\">&nbsp;<\/span><span style=\"border-collapse: collapse; font-family: &quot;times new roman&quot; , &quot;new york&quot; , &quot;times&quot; , serif; font-size: 16px;\"><br \/><\/span><span style=\"border-collapse: collapse; font-family: &quot;times new roman&quot; , &quot;new york&quot; , &quot;times&quot; , serif; font-size: 16px;\">A concession\u00e1ria que administra a<\/span><span style=\"border-collapse: collapse; font-family: &quot;times new roman&quot; , &quot;new york&quot; , &quot;times&quot; , serif; font-size: 16px;\">&nbsp;<\/span><span style=\"border-collapse: collapse; font-family: &quot;times new roman&quot; , &quot;new york&quot; , &quot;times&quot; , serif; font-size: 16px;\"><b>Ponte Rio-Niter\u00f3i&nbsp;<\/b><\/span><span style=\"border-collapse: collapse; font-family: &quot;times new roman&quot; , &quot;new york&quot; , &quot;times&quot; , serif; font-size: 16px;\">colocou um container para receber doa\u00e7\u00f5es junto \u00e0 pra\u00e7a de ped\u00e1gio, \u00e0 direita de quem segue no sentido Niter\u00f3i. Mais informa\u00e7\u00f5es: (21) 2620-9333.<\/span><span style=\"border-collapse: collapse; font-family: &quot;times new roman&quot; , &quot;new york&quot; , &quot;times&quot; , serif; font-size: 16px;\">&nbsp;<\/span><span style=\"border-collapse: collapse; font-family: &quot;times new roman&quot; , &quot;new york&quot; , &quot;times&quot; , serif; font-size: 16px;\"><br \/><\/span><span style=\"border-collapse: collapse; font-family: &quot;times new roman&quot; , &quot;new york&quot; , &quot;times&quot; , serif; font-size: 16px;\"><br \/><\/span><span style=\"border-collapse: collapse; font-family: &quot;times new roman&quot; , &quot;new york&quot; , &quot;times&quot; , serif; font-size: 16px;\"><strong><span style=\"background-color: #ffff33; font-weight: normal;\">Sesc, Senac e Fecom\u00e9rcio<\/span>&nbsp; &#8211;&nbsp;<\/strong><\/span><span style=\"border-collapse: collapse; font-family: &quot;times new roman&quot; , &quot;new york&quot; , &quot;times&quot; , serif; font-size: 16px;\">\u00e1gua mineral, alimento n\u00e3o perec\u00edvel, roupas de cama e banho, material de limpeza e de higiene pessoal e colch\u00f5es. doa\u00e7\u00f5es de ter\u00e7a a domingo, das 9h \u00e0s 17h. Os pontos de coleta s\u00e3o:<\/span><span style=\"border-collapse: collapse; font-family: &quot;times new roman&quot; , &quot;new york&quot; , &quot;times&quot; , serif; font-size: 16px;\">&nbsp;<\/span><span style=\"border-collapse: collapse; font-family: &quot;times new roman&quot; , &quot;new york&quot; , &quot;times&quot; , serif; font-size: 16px;\"><br \/><\/span><span style=\"border-collapse: collapse; font-family: &quot;times new roman&quot; , &quot;new york&quot; , &quot;times&quot; , serif; font-size: 16px;\">Sede do Sistema Fecom\u00e9rcio-RJ &#8211; Rua Marqu\u00eas de Abrantes, 99, Flamengo, de segunda a sexta, das 9h \u00e0s 18h<\/span><span style=\"border-collapse: collapse; font-family: &quot;times new roman&quot; , &quot;new york&quot; , &quot;times&quot; , serif; font-size: 16px;\">&nbsp;<\/span><span style=\"border-collapse: collapse; font-family: &quot;times new roman&quot; , &quot;new york&quot; , &quot;times&quot; , serif; font-size: 16px;\"><br \/><\/span><span style=\"border-collapse: collapse; font-family: &quot;times new roman&quot; , &quot;new york&quot; , &quot;times&quot; , serif; font-size: 16px;\">Sesc Copacabana \u2013 Rua Domingos Ferreira, 160<\/span><span style=\"border-collapse: collapse; font-family: &quot;times new roman&quot; , &quot;new york&quot; , &quot;times&quot; , serif; font-size: 16px;\">&nbsp;<\/span><span style=\"border-collapse: collapse; font-family: &quot;times new roman&quot; , &quot;new york&quot; , &quot;times&quot; , serif; font-size: 16px;\"><br \/><\/span><span style=\"border-collapse: collapse; font-family: &quot;times new roman&quot; , &quot;new york&quot; , &quot;times&quot; , serif; font-size: 16px;\">SescTijuca \u2013 Rua Bar\u00e3o de Mesquita, 539<\/span><span style=\"border-collapse: collapse; font-family: &quot;times new roman&quot; , &quot;new york&quot; , &quot;times&quot; , serif; font-size: 16px;\">&nbsp;<\/span><span style=\"border-collapse: collapse; font-family: &quot;times new roman&quot; , &quot;new york&quot; , &quot;times&quot; , serif; font-size: 16px;\"><br \/><\/span><span style=\"border-collapse: collapse; font-family: &quot;times new roman&quot; , &quot;new york&quot; , &quot;times&quot; , serif; font-size: 16px;\">Sesc Ramos \u2013 Rua Teixeira Franco, 38<\/span><span style=\"border-collapse: collapse; font-family: &quot;times new roman&quot; , &quot;new york&quot; , &quot;times&quot; , serif; font-size: 16px;\">&nbsp;<\/span><span style=\"border-collapse: collapse; font-family: &quot;times new roman&quot; , &quot;new york&quot; , &quot;times&quot; , serif; font-size: 16px;\"><br \/><\/span><span style=\"border-collapse: collapse; font-family: &quot;times new roman&quot; , &quot;new york&quot; , &quot;times&quot; , serif; font-size: 16px;\">Sesc Madureira \u2013 Rua Ewbanck da C\u00e2mara , 90<\/span><span style=\"border-collapse: collapse; font-family: &quot;times new roman&quot; , &quot;new york&quot; , &quot;times&quot; , serif; font-size: 16px;\">&nbsp;<\/span><span style=\"border-collapse: collapse; font-family: &quot;times new roman&quot; , &quot;new york&quot; , &quot;times&quot; , serif; font-size: 16px;\"><br \/><\/span><span style=\"border-collapse: collapse; font-family: &quot;times new roman&quot; , &quot;new york&quot; , &quot;times&quot; , serif; font-size: 16px;\">Sesc S\u00e3o Gon\u00e7alo \u2013 Avenida Presidente Kennedy, 755<\/span><span style=\"border-collapse: collapse; font-family: &quot;times new roman&quot; , &quot;new york&quot; , &quot;times&quot; , serif; font-size: 16px;\">&nbsp;<\/span><span style=\"border-collapse: collapse; font-family: &quot;times new roman&quot; , &quot;new york&quot; , &quot;times&quot; , serif; font-size: 16px;\"><br \/><\/span><span style=\"border-collapse: collapse; font-family: &quot;times new roman&quot; , &quot;new york&quot; , &quot;times&quot; , serif; font-size: 16px;\">Sesc Niter\u00f3i \u2013 Rua Padre Anchieta, 56 \u2013 Centro<\/span><span style=\"border-collapse: collapse; font-family: &quot;times new roman&quot; , &quot;new york&quot; , &quot;times&quot; , serif; font-size: 16px;\">&nbsp;<\/span><span style=\"border-collapse: collapse; font-family: &quot;times new roman&quot; , &quot;new york&quot; , &quot;times&quot; , serif; font-size: 16px;\"><br \/><\/span><span style=\"border-collapse: collapse; font-family: &quot;times new roman&quot; , &quot;new york&quot; , &quot;times&quot; , serif; font-size: 16px;\">Sesc S\u00e3o Jo\u00e3o de Meriti \u2013 Avenida Autom\u00f3vel Clube, 66 \u2013<\/span><span style=\"border-collapse: collapse; font-family: &quot;times new roman&quot; , &quot;new york&quot; , &quot;times&quot; , serif; font-size: 16px;\">&nbsp;<\/span><span style=\"border-collapse: collapse; font-family: &quot;times new roman&quot; , &quot;new york&quot; , &quot;times&quot; , serif; font-size: 16px;\"><br \/><\/span><span style=\"border-collapse: collapse; font-family: &quot;times new roman&quot; , &quot;new york&quot; , &quot;times&quot; , serif; font-size: 16px;\">Sesc Nova Igua\u00e7u \u2013 Rua Dom Adriano Hip\u00f3lito, 10 \u2013 Moquet\u00e1<\/span><span style=\"border-collapse: collapse; font-family: &quot;times new roman&quot; , &quot;new york&quot; , &quot;times&quot; , serif; font-size: 16px;\">&nbsp;<\/span><span style=\"border-collapse: collapse; font-family: &quot;times new roman&quot; , &quot;new york&quot; , &quot;times&quot; , serif; font-size: 16px;\"><br \/><\/span><span style=\"border-collapse: collapse; font-family: &quot;times new roman&quot; , &quot;new york&quot; , &quot;times&quot; , serif; font-size: 16px;\">Sesc Teres\u00f3polis \u2013 Av. Delfim Moreira, 749 \u2013 Centro<\/span><span style=\"border-collapse: collapse; font-family: &quot;times new roman&quot; , &quot;new york&quot; , &quot;times&quot; , serif; font-size: 16px;\">&nbsp;<\/span><span style=\"border-collapse: collapse; font-family: &quot;times new roman&quot; , &quot;new york&quot; , &quot;times&quot; , serif; font-size: 16px;\"><br \/><\/span><span style=\"border-collapse: collapse; font-family: &quot;times new roman&quot; , &quot;new york&quot; , &quot;times&quot; , serif; font-size: 16px;\">Sesc Quitandinha (Petr\u00f3polis) \u2013 Avenida Joaquim Rolla, 2 \u2013 Quitandinha<\/span><span style=\"border-collapse: collapse; font-family: &quot;times new roman&quot; , &quot;new york&quot; , &quot;times&quot; , serif; font-size: 16px;\">&nbsp;<\/span><span style=\"border-collapse: collapse; font-family: &quot;times new roman&quot; , &quot;new york&quot; , &quot;times&quot; , serif; font-size: 16px;\"><br \/><\/span><span style=\"border-collapse: collapse; font-family: &quot;times new roman&quot; , &quot;new york&quot; , &quot;times&quot; , serif; font-size: 16px;\"><br \/><\/span><\/p>\n","protected":false},"excerpt":{"rendered":"<p>Vamos ajudar a refazer estas cidades! Para facilitar quem ainda n\u00e3o ajudou e quem quer continuar ajudando a popula\u00e7\u00e3o da regi\u00e3o serrana do Rio de Janeiro:D\u00ea prefer\u00eancia a alimentos de consumo instant\u00e2neo (biscoistos, leite tipo longa vida, todinho) que n\u00e3o necessitem de cozimento nem de uso de \u00e1gua.&nbsp; Tamb\u00e9m est\u00e3o pedindo material de limpeza, tipo balde, escov\u00e3o, vassoura, rodo, al\u00e9m &hellip; <\/p>\n","protected":false},"author":2,"featured_media":0,"comment_status":"open","ping_status":"open","sticky":false,"template":"","format":"standard","meta":{"jetpack_post_was_ever_published":false,"_jetpack_newsletter_access":"","_jetpack_dont_email_post_to_subs":false,"_jetpack_newsletter_tier_id":0,"_jetpack_memberships_contains_paywalled_content":false,"_jetpack_memberships_contains_paid_content":false,"footnotes":"","jetpack_publicize_message":"","jetpack_publicize_feature_enabled":true,"jetpack_social_post_already_shared":true,"jetpack_social_options":{"image_generator_settings":{"template":"highway","enabled":false},"version":2}},"categories":[494],"tags":[],"class_list":["post-832","post","type-post","status-publish","format-standard","hentry","category-doacoes-regiao-serrana-do-rio-de-janeiro"],"yoast_head":"<!-- This site is optimized with the Yoast SEO plugin v25.2 - https:\/\/yoast.com\/wordpress\/plugins\/seo\/ -->\n<title>Mais ajuda - ANNA DE LE\u00c3O<\/title>\n<meta name=\"robots\" content=\"index, follow, max-snippet:-1, max-image-preview:large, max-video-preview:-1\" \/>\n<link rel=\"canonical\" href=\"https:\/\/annaleao.com.br\/site\/mais-ajuda\/\" \/>\n<meta property=\"og:locale\" content=\"pt_BR\" \/>\n<meta property=\"og:type\" content=\"article\" \/>\n<meta property=\"og:title\" content=\"Mais ajuda - ANNA DE LE\u00c3O\" \/>\n<meta property=\"og:description\" content=\"Vamos ajudar a refazer estas cidades! Para facilitar quem ainda n\u00e3o ajudou e quem quer continuar ajudando a popula\u00e7\u00e3o da regi\u00e3o serrana do Rio de Janeiro:D\u00ea prefer\u00eancia a alimentos de consumo instant\u00e2neo (biscoistos, leite tipo longa vida, todinho) que n\u00e3o necessitem de cozimento nem de uso de \u00e1gua.&nbsp; Tamb\u00e9m est\u00e3o pedindo material de limpeza, tipo balde, escov\u00e3o, vassoura, rodo, al\u00e9m &hellip;\" \/>\n<meta property=\"og:url\" content=\"https:\/\/annaleao.com.br\/site\/mais-ajuda\/\" \/>\n<meta property=\"og:site_name\" content=\"ANNA DE LE\u00c3O\" \/>\n<meta property=\"article:published_time\" content=\"2011-01-25T20:07:00+00:00\" \/>\n<meta property=\"og:image\" content=\"https:\/\/1.bp.blogspot.com\/_v8vfw6qYRLs\/TT8tGGAk0LI\/AAAAAAAAB4I\/T4VwchMagJE\/s320\/fotos+de+lolita+166.jpg\" \/>\n<meta name=\"author\" content=\"Anna de Le\u00e3o\" \/>\n<meta name=\"twitter:label1\" content=\"Escrito por\" \/>\n\t<meta name=\"twitter:data1\" content=\"Anna de Le\u00e3o\" \/>\n\t<meta name=\"twitter:label2\" content=\"Est. tempo de leitura\" \/>\n\t<meta name=\"twitter:data2\" content=\"5 minutos\" \/>\n<script type=\"application\/ld+json\" class=\"yoast-schema-graph\">{\"@context\":\"https:\/\/schema.org\",\"@graph\":[{\"@type\":\"WebPage\",\"@id\":\"https:\/\/annaleao.com.br\/site\/mais-ajuda\/\",\"url\":\"https:\/\/annaleao.com.br\/site\/mais-ajuda\/\",\"name\":\"Mais ajuda - ANNA DE LE\u00c3O\",\"isPartOf\":{\"@id\":\"https:\/\/annaleao.com.br\/site\/#website\"},\"primaryImageOfPage\":{\"@id\":\"https:\/\/annaleao.com.br\/site\/mais-ajuda\/#primaryimage\"},\"image\":{\"@id\":\"https:\/\/annaleao.com.br\/site\/mais-ajuda\/#primaryimage\"},\"thumbnailUrl\":\"https:\/\/1.bp.blogspot.com\/_v8vfw6qYRLs\/TT8tGGAk0LI\/AAAAAAAAB4I\/T4VwchMagJE\/s320\/fotos+de+lolita+166.jpg\",\"datePublished\":\"2011-01-25T20:07:00+00:00\",\"author\":{\"@id\":\"https:\/\/annaleao.com.br\/site\/#\/schema\/person\/c61c763755650f8b56acd76d44c7bc8c\"},\"breadcrumb\":{\"@id\":\"https:\/\/annaleao.com.br\/site\/mais-ajuda\/#breadcrumb\"},\"inLanguage\":\"pt-BR\",\"potentialAction\":[{\"@type\":\"ReadAction\",\"target\":[\"https:\/\/annaleao.com.br\/site\/mais-ajuda\/\"]}]},{\"@type\":\"ImageObject\",\"inLanguage\":\"pt-BR\",\"@id\":\"https:\/\/annaleao.com.br\/site\/mais-ajuda\/#primaryimage\",\"url\":\"https:\/\/1.bp.blogspot.com\/_v8vfw6qYRLs\/TT8tGGAk0LI\/AAAAAAAAB4I\/T4VwchMagJE\/s320\/fotos+de+lolita+166.jpg\",\"contentUrl\":\"https:\/\/1.bp.blogspot.com\/_v8vfw6qYRLs\/TT8tGGAk0LI\/AAAAAAAAB4I\/T4VwchMagJE\/s320\/fotos+de+lolita+166.jpg\"},{\"@type\":\"BreadcrumbList\",\"@id\":\"https:\/\/annaleao.com.br\/site\/mais-ajuda\/#breadcrumb\",\"itemListElement\":[{\"@type\":\"ListItem\",\"position\":1,\"name\":\"In\u00edcio\",\"item\":\"https:\/\/annaleao.com.br\/site\/\"},{\"@type\":\"ListItem\",\"position\":2,\"name\":\"Mais ajuda\"}]},{\"@type\":\"WebSite\",\"@id\":\"https:\/\/annaleao.com.br\/site\/#website\",\"url\":\"https:\/\/annaleao.com.br\/site\/\",\"name\":\"ANNA DE LE\u00c3O\",\"description\":\" Escritora e Terapeuta\",\"potentialAction\":[{\"@type\":\"SearchAction\",\"target\":{\"@type\":\"EntryPoint\",\"urlTemplate\":\"https:\/\/annaleao.com.br\/site\/?s={search_term_string}\"},\"query-input\":{\"@type\":\"PropertyValueSpecification\",\"valueRequired\":true,\"valueName\":\"search_term_string\"}}],\"inLanguage\":\"pt-BR\"},{\"@type\":\"Person\",\"@id\":\"https:\/\/annaleao.com.br\/site\/#\/schema\/person\/c61c763755650f8b56acd76d44c7bc8c\",\"name\":\"Anna de Le\u00e3o\",\"image\":{\"@type\":\"ImageObject\",\"inLanguage\":\"pt-BR\",\"@id\":\"https:\/\/annaleao.com.br\/site\/#\/schema\/person\/image\/\",\"url\":\"https:\/\/secure.gravatar.com\/avatar\/e29860c6ef57760b67570c34e3948ba9de10eb9b2e2f20081d0061a7233daf60?s=96&d=blank&r=g\",\"contentUrl\":\"https:\/\/secure.gravatar.com\/avatar\/e29860c6ef57760b67570c34e3948ba9de10eb9b2e2f20081d0061a7233daf60?s=96&d=blank&r=g\",\"caption\":\"Anna de Le\u00e3o\"},\"sameAs\":[\"http:\/\/www.annaleao.com.br\",\"https:\/\/x.com\/https:\/\/www.instagram.com\/annadeleao\"],\"url\":\"https:\/\/annaleao.com.br\/site\/author\/anna\/\"}]}<\/script>\n<!-- \/ Yoast SEO plugin. -->","yoast_head_json":{"title":"Mais ajuda - ANNA DE LE\u00c3O","robots":{"index":"index","follow":"follow","max-snippet":"max-snippet:-1","max-image-preview":"max-image-preview:large","max-video-preview":"max-video-preview:-1"},"canonical":"https:\/\/annaleao.com.br\/site\/mais-ajuda\/","og_locale":"pt_BR","og_type":"article","og_title":"Mais ajuda - ANNA DE LE\u00c3O","og_description":"Vamos ajudar a refazer estas cidades! Para facilitar quem ainda n\u00e3o ajudou e quem quer continuar ajudando a popula\u00e7\u00e3o da regi\u00e3o serrana do Rio de Janeiro:D\u00ea prefer\u00eancia a alimentos de consumo instant\u00e2neo (biscoistos, leite tipo longa vida, todinho) que n\u00e3o necessitem de cozimento nem de uso de \u00e1gua.&nbsp; Tamb\u00e9m est\u00e3o pedindo material de limpeza, tipo balde, escov\u00e3o, vassoura, rodo, al\u00e9m &hellip;","og_url":"https:\/\/annaleao.com.br\/site\/mais-ajuda\/","og_site_name":"ANNA DE LE\u00c3O","article_published_time":"2011-01-25T20:07:00+00:00","og_image":[{"url":"https:\/\/1.bp.blogspot.com\/_v8vfw6qYRLs\/TT8tGGAk0LI\/AAAAAAAAB4I\/T4VwchMagJE\/s320\/fotos+de+lolita+166.jpg","type":"","width":"","height":""}],"author":"Anna de Le\u00e3o","twitter_misc":{"Escrito por":"Anna de Le\u00e3o","Est. tempo de leitura":"5 minutos"},"schema":{"@context":"https:\/\/schema.org","@graph":[{"@type":"WebPage","@id":"https:\/\/annaleao.com.br\/site\/mais-ajuda\/","url":"https:\/\/annaleao.com.br\/site\/mais-ajuda\/","name":"Mais ajuda - ANNA DE LE\u00c3O","isPartOf":{"@id":"https:\/\/annaleao.com.br\/site\/#website"},"primaryImageOfPage":{"@id":"https:\/\/annaleao.com.br\/site\/mais-ajuda\/#primaryimage"},"image":{"@id":"https:\/\/annaleao.com.br\/site\/mais-ajuda\/#primaryimage"},"thumbnailUrl":"https:\/\/1.bp.blogspot.com\/_v8vfw6qYRLs\/TT8tGGAk0LI\/AAAAAAAAB4I\/T4VwchMagJE\/s320\/fotos+de+lolita+166.jpg","datePublished":"2011-01-25T20:07:00+00:00","author":{"@id":"https:\/\/annaleao.com.br\/site\/#\/schema\/person\/c61c763755650f8b56acd76d44c7bc8c"},"breadcrumb":{"@id":"https:\/\/annaleao.com.br\/site\/mais-ajuda\/#breadcrumb"},"inLanguage":"pt-BR","potentialAction":[{"@type":"ReadAction","target":["https:\/\/annaleao.com.br\/site\/mais-ajuda\/"]}]},{"@type":"ImageObject","inLanguage":"pt-BR","@id":"https:\/\/annaleao.com.br\/site\/mais-ajuda\/#primaryimage","url":"https:\/\/1.bp.blogspot.com\/_v8vfw6qYRLs\/TT8tGGAk0LI\/AAAAAAAAB4I\/T4VwchMagJE\/s320\/fotos+de+lolita+166.jpg","contentUrl":"https:\/\/1.bp.blogspot.com\/_v8vfw6qYRLs\/TT8tGGAk0LI\/AAAAAAAAB4I\/T4VwchMagJE\/s320\/fotos+de+lolita+166.jpg"},{"@type":"BreadcrumbList","@id":"https:\/\/annaleao.com.br\/site\/mais-ajuda\/#breadcrumb","itemListElement":[{"@type":"ListItem","position":1,"name":"In\u00edcio","item":"https:\/\/annaleao.com.br\/site\/"},{"@type":"ListItem","position":2,"name":"Mais ajuda"}]},{"@type":"WebSite","@id":"https:\/\/annaleao.com.br\/site\/#website","url":"https:\/\/annaleao.com.br\/site\/","name":"ANNA DE LE\u00c3O","description":" Escritora e Terapeuta","potentialAction":[{"@type":"SearchAction","target":{"@type":"EntryPoint","urlTemplate":"https:\/\/annaleao.com.br\/site\/?s={search_term_string}"},"query-input":{"@type":"PropertyValueSpecification","valueRequired":true,"valueName":"search_term_string"}}],"inLanguage":"pt-BR"},{"@type":"Person","@id":"https:\/\/annaleao.com.br\/site\/#\/schema\/person\/c61c763755650f8b56acd76d44c7bc8c","name":"Anna de Le\u00e3o","image":{"@type":"ImageObject","inLanguage":"pt-BR","@id":"https:\/\/annaleao.com.br\/site\/#\/schema\/person\/image\/","url":"https:\/\/secure.gravatar.com\/avatar\/e29860c6ef57760b67570c34e3948ba9de10eb9b2e2f20081d0061a7233daf60?s=96&d=blank&r=g","contentUrl":"https:\/\/secure.gravatar.com\/avatar\/e29860c6ef57760b67570c34e3948ba9de10eb9b2e2f20081d0061a7233daf60?s=96&d=blank&r=g","caption":"Anna de Le\u00e3o"},"sameAs":["http:\/\/www.annaleao.com.br","https:\/\/x.com\/https:\/\/www.instagram.com\/annadeleao"],"url":"https:\/\/annaleao.com.br\/site\/author\/anna\/"}]}},"jetpack_publicize_connections":[],"jetpack_featured_media_url":"","jetpack_sharing_enabled":true,"jetpack_shortlink":"https:\/\/wp.me\/p8nt2H-dq","jetpack-related-posts":[],"_links":{"self":[{"href":"https:\/\/annaleao.com.br\/site\/wp-json\/wp\/v2\/posts\/832","targetHints":{"allow":["GET"]}}],"collection":[{"href":"https:\/\/annaleao.com.br\/site\/wp-json\/wp\/v2\/posts"}],"about":[{"href":"https:\/\/annaleao.com.br\/site\/wp-json\/wp\/v2\/types\/post"}],"author":[{"embeddable":true,"href":"https:\/\/annaleao.com.br\/site\/wp-json\/wp\/v2\/users\/2"}],"replies":[{"embeddable":true,"href":"https:\/\/annaleao.com.br\/site\/wp-json\/wp\/v2\/comments?post=832"}],"version-history":[{"count":0,"href":"https:\/\/annaleao.com.br\/site\/wp-json\/wp\/v2\/posts\/832\/revisions"}],"wp:attachment":[{"href":"https:\/\/annaleao.com.br\/site\/wp-json\/wp\/v2\/media?parent=832"}],"wp:term":[{"taxonomy":"category","embeddable":true,"href":"https:\/\/annaleao.com.br\/site\/wp-json\/wp\/v2\/categories?post=832"},{"taxonomy":"post_tag","embeddable":true,"href":"https:\/\/annaleao.com.br\/site\/wp-json\/wp\/v2\/tags?post=832"}],"curies":[{"name":"wp","href":"https:\/\/api.w.org\/{rel}","templated":true}]}}