{"id":833,"date":"2011-01-19T10:00:00","date_gmt":"2011-01-19T10:00:00","guid":{"rendered":"https:\/\/annaleao.com.br\/site\/o-pranto-da-deusa\/"},"modified":"2019-08-22T19:52:31","modified_gmt":"2019-08-22T19:52:31","slug":"o-pranto-da-deusa","status":"publish","type":"post","link":"https:\/\/annaleao.com.br\/site\/o-pranto-da-deusa\/","title":{"rendered":"O Pranto da Deusa"},"content":{"rendered":"<div style=\"clear: both; text-align: center;\"><\/div>\n<div style=\"text-align: center;\"><\/div>\n<div style=\"text-align: center;\">E a Deusa sacode seu vestido azul derramando suas l\u00e1grimas sobre n\u00f3s em forma de chuva.<\/div>\n<div style=\"text-align: center;\">Seu choro \u00e9 forte, pesado e tr\u00e1gico. Vai lavando e levando tudo o que est\u00e1 sob \u00a0seu traje.<\/div>\n<div style=\"text-align: center;\">Ela chora de pesar, de temor e de dor.<\/div>\n<div style=\"text-align: center;\">E essa mesma dor se transfere para seus filhos que sentem a sua for\u00e7a.<\/div>\n<div style=\"text-align: center;\">&#8220;Por que n\u00e3o apenas um leve pranto, M\u00e3e?&#8221; Perguntam eles.<\/div>\n<div style=\"text-align: center;\">E Ela mais uma vez responde com a sua pr\u00f3pria dor, fazendo-a ser sentida em todos os cora\u00e7\u00f5es, querendo dizer: &#8220;Estou dando sinais, mas voc\u00eas n\u00e3o me ouvem!&#8221;<\/div>\n<div style=\"text-align: center;\">E este pensamento lhe causa mais sofrimento, mais decep\u00e7\u00e3o, o que lhe provoca mais pranto.<\/div>\n<div style=\"text-align: center;\">E dessa vez a Deusa j\u00e1 chora sem querer, quase inconsciente, e percebe que est\u00e1 ficando tarde, muito tarde.<\/div>\n<div style=\"text-align: center;\">E mais uma vez tenta se fazer ouvir e pergunta:<\/div>\n<div style=\"text-align: center;\">&#8220;Meus filhos, por que voc\u00eas n\u00e3o me ouvem? Por que n\u00e3o percebem os meus avisos? Por que a pressa de chegar ao fim?&#8221;<\/div>\n<div style=\"text-align: center;\">E Seus filhos, como garotos rebeldes, d\u00e3o as costas ao \u00faltimo apelo \u00a0Dela.<\/div>\n<div style=\"text-align: center;\"><\/div>\n<div style=\"text-align: center;\">Anna\u00a0 de Le\u00e3o. (Favor mencionar autoria e fonte ao reproduzir)<\/div>\n<div><\/div>\n<p>Nota: Este lamento me veio de uma forma repentina, ainda sob a influ\u00eancia do que senti em rela\u00e7\u00e3o \u00e0 \u00a0trag\u00e9dia na regi\u00e3o serrana do Rio de Janeiro. Mas quero deixar clara a minha opini\u00e3o, baseada em fatos conhecidos, que as tantas mortes e perdas poderiam ser bem menores se as autoridades agissem como deveriam na preven\u00e7\u00e3o dessas trag\u00e9dias, como por exemplo, avisando as \u00e1reas em risco do que estava previsto acontecer.<\/p>\n","protected":false},"excerpt":{"rendered":"<p>E a Deusa sacode seu vestido azul derramando suas l\u00e1grimas sobre n\u00f3s em forma de chuva. Seu choro \u00e9 forte, pesado e tr\u00e1gico. Vai lavando e levando tudo o que est\u00e1 sob \u00a0seu traje. Ela chora de pesar, de temor e de dor. E essa mesma dor se transfere para seus filhos que sentem a sua for\u00e7a. &#8220;Por que n\u00e3o &hellip; <\/p>\n","protected":false},"author":2,"featured_media":2872,"comment_status":"open","ping_status":"open","sticky":false,"template":"","format":"standard","meta":{"jetpack_post_was_ever_published":false,"_jetpack_newsletter_access":"","_jetpack_dont_email_post_to_subs":false,"_jetpack_newsletter_tier_id":0,"_jetpack_memberships_contains_paywalled_content":false,"_jetpack_memberships_contains_paid_content":false,"footnotes":"","jetpack_publicize_message":"","jetpack_publicize_feature_enabled":true,"jetpack_social_post_already_shared":true,"jetpack_social_options":{"image_generator_settings":{"template":"highway","enabled":false},"version":2}},"categories":[184],"tags":[],"class_list":["post-833","post","type-post","status-publish","format-standard","has-post-thumbnail","hentry","category-blog-metamorfose"],"yoast_head":"<!-- This site is optimized with the Yoast SEO plugin v25.2 - https:\/\/yoast.com\/wordpress\/plugins\/seo\/ -->\n<title>O Pranto da Deusa - ANNA DE LE\u00c3O<\/title>\n<meta name=\"robots\" content=\"index, follow, max-snippet:-1, max-image-preview:large, max-video-preview:-1\" \/>\n<link rel=\"canonical\" href=\"https:\/\/annaleao.com.br\/site\/o-pranto-da-deusa\/\" \/>\n<meta property=\"og:locale\" content=\"pt_BR\" \/>\n<meta property=\"og:type\" content=\"article\" \/>\n<meta property=\"og:title\" content=\"O Pranto da Deusa - ANNA DE LE\u00c3O\" \/>\n<meta property=\"og:description\" content=\"E a Deusa sacode seu vestido azul derramando suas l\u00e1grimas sobre n\u00f3s em forma de chuva. Seu choro \u00e9 forte, pesado e tr\u00e1gico. Vai lavando e levando tudo o que est\u00e1 sob \u00a0seu traje. Ela chora de pesar, de temor e de dor. E essa mesma dor se transfere para seus filhos que sentem a sua for\u00e7a. &#8220;Por que n\u00e3o &hellip;\" \/>\n<meta property=\"og:url\" content=\"https:\/\/annaleao.com.br\/site\/o-pranto-da-deusa\/\" \/>\n<meta property=\"og:site_name\" content=\"ANNA DE LE\u00c3O\" \/>\n<meta property=\"article:published_time\" content=\"2011-01-19T10:00:00+00:00\" \/>\n<meta property=\"article:modified_time\" content=\"2019-08-22T19:52:31+00:00\" \/>\n<meta property=\"og:image\" content=\"https:\/\/annaleao.com.br\/site\/wp-content\/uploads\/2011\/01\/deusa2.jpg\" \/>\n\t<meta property=\"og:image:width\" content=\"400\" \/>\n\t<meta property=\"og:image:height\" content=\"279\" \/>\n\t<meta property=\"og:image:type\" content=\"image\/jpeg\" \/>\n<meta name=\"author\" content=\"Anna de Le\u00e3o\" \/>\n<meta name=\"twitter:label1\" content=\"Escrito por\" \/>\n\t<meta name=\"twitter:data1\" content=\"Anna de Le\u00e3o\" \/>\n\t<meta name=\"twitter:label2\" content=\"Est. tempo de leitura\" \/>\n\t<meta name=\"twitter:data2\" content=\"1 minuto\" \/>\n<script type=\"application\/ld+json\" class=\"yoast-schema-graph\">{\"@context\":\"https:\/\/schema.org\",\"@graph\":[{\"@type\":\"WebPage\",\"@id\":\"https:\/\/annaleao.com.br\/site\/o-pranto-da-deusa\/\",\"url\":\"https:\/\/annaleao.com.br\/site\/o-pranto-da-deusa\/\",\"name\":\"O Pranto da Deusa - ANNA DE LE\u00c3O\",\"isPartOf\":{\"@id\":\"https:\/\/annaleao.com.br\/site\/#website\"},\"primaryImageOfPage\":{\"@id\":\"https:\/\/annaleao.com.br\/site\/o-pranto-da-deusa\/#primaryimage\"},\"image\":{\"@id\":\"https:\/\/annaleao.com.br\/site\/o-pranto-da-deusa\/#primaryimage\"},\"thumbnailUrl\":\"https:\/\/annaleao.com.br\/site\/wp-content\/uploads\/2011\/01\/deusa2.jpg\",\"datePublished\":\"2011-01-19T10:00:00+00:00\",\"dateModified\":\"2019-08-22T19:52:31+00:00\",\"author\":{\"@id\":\"https:\/\/annaleao.com.br\/site\/#\/schema\/person\/c61c763755650f8b56acd76d44c7bc8c\"},\"breadcrumb\":{\"@id\":\"https:\/\/annaleao.com.br\/site\/o-pranto-da-deusa\/#breadcrumb\"},\"inLanguage\":\"pt-BR\",\"potentialAction\":[{\"@type\":\"ReadAction\",\"target\":[\"https:\/\/annaleao.com.br\/site\/o-pranto-da-deusa\/\"]}]},{\"@type\":\"ImageObject\",\"inLanguage\":\"pt-BR\",\"@id\":\"https:\/\/annaleao.com.br\/site\/o-pranto-da-deusa\/#primaryimage\",\"url\":\"https:\/\/annaleao.com.br\/site\/wp-content\/uploads\/2011\/01\/deusa2.jpg\",\"contentUrl\":\"https:\/\/annaleao.com.br\/site\/wp-content\/uploads\/2011\/01\/deusa2.jpg\",\"width\":400,\"height\":279,\"caption\":\"o pranto da Deusa\"},{\"@type\":\"BreadcrumbList\",\"@id\":\"https:\/\/annaleao.com.br\/site\/o-pranto-da-deusa\/#breadcrumb\",\"itemListElement\":[{\"@type\":\"ListItem\",\"position\":1,\"name\":\"In\u00edcio\",\"item\":\"https:\/\/annaleao.com.br\/site\/\"},{\"@type\":\"ListItem\",\"position\":2,\"name\":\"O Pranto da Deusa\"}]},{\"@type\":\"WebSite\",\"@id\":\"https:\/\/annaleao.com.br\/site\/#website\",\"url\":\"https:\/\/annaleao.com.br\/site\/\",\"name\":\"ANNA DE LE\u00c3O\",\"description\":\" Escritora e Terapeuta\",\"potentialAction\":[{\"@type\":\"SearchAction\",\"target\":{\"@type\":\"EntryPoint\",\"urlTemplate\":\"https:\/\/annaleao.com.br\/site\/?s={search_term_string}\"},\"query-input\":{\"@type\":\"PropertyValueSpecification\",\"valueRequired\":true,\"valueName\":\"search_term_string\"}}],\"inLanguage\":\"pt-BR\"},{\"@type\":\"Person\",\"@id\":\"https:\/\/annaleao.com.br\/site\/#\/schema\/person\/c61c763755650f8b56acd76d44c7bc8c\",\"name\":\"Anna de Le\u00e3o\",\"image\":{\"@type\":\"ImageObject\",\"inLanguage\":\"pt-BR\",\"@id\":\"https:\/\/annaleao.com.br\/site\/#\/schema\/person\/image\/\",\"url\":\"https:\/\/secure.gravatar.com\/avatar\/e29860c6ef57760b67570c34e3948ba9de10eb9b2e2f20081d0061a7233daf60?s=96&d=blank&r=g\",\"contentUrl\":\"https:\/\/secure.gravatar.com\/avatar\/e29860c6ef57760b67570c34e3948ba9de10eb9b2e2f20081d0061a7233daf60?s=96&d=blank&r=g\",\"caption\":\"Anna de Le\u00e3o\"},\"sameAs\":[\"http:\/\/www.annaleao.com.br\",\"https:\/\/x.com\/https:\/\/www.instagram.com\/annadeleao\"],\"url\":\"https:\/\/annaleao.com.br\/site\/author\/anna\/\"}]}<\/script>\n<!-- \/ Yoast SEO plugin. -->","yoast_head_json":{"title":"O Pranto da Deusa - ANNA DE LE\u00c3O","robots":{"index":"index","follow":"follow","max-snippet":"max-snippet:-1","max-image-preview":"max-image-preview:large","max-video-preview":"max-video-preview:-1"},"canonical":"https:\/\/annaleao.com.br\/site\/o-pranto-da-deusa\/","og_locale":"pt_BR","og_type":"article","og_title":"O Pranto da Deusa - ANNA DE LE\u00c3O","og_description":"E a Deusa sacode seu vestido azul derramando suas l\u00e1grimas sobre n\u00f3s em forma de chuva. Seu choro \u00e9 forte, pesado e tr\u00e1gico. Vai lavando e levando tudo o que est\u00e1 sob \u00a0seu traje. Ela chora de pesar, de temor e de dor. E essa mesma dor se transfere para seus filhos que sentem a sua for\u00e7a. &#8220;Por que n\u00e3o &hellip;","og_url":"https:\/\/annaleao.com.br\/site\/o-pranto-da-deusa\/","og_site_name":"ANNA DE LE\u00c3O","article_published_time":"2011-01-19T10:00:00+00:00","article_modified_time":"2019-08-22T19:52:31+00:00","og_image":[{"width":400,"height":279,"url":"https:\/\/annaleao.com.br\/site\/wp-content\/uploads\/2011\/01\/deusa2.jpg","type":"image\/jpeg"}],"author":"Anna de Le\u00e3o","twitter_misc":{"Escrito por":"Anna de Le\u00e3o","Est. tempo de leitura":"1 minuto"},"schema":{"@context":"https:\/\/schema.org","@graph":[{"@type":"WebPage","@id":"https:\/\/annaleao.com.br\/site\/o-pranto-da-deusa\/","url":"https:\/\/annaleao.com.br\/site\/o-pranto-da-deusa\/","name":"O Pranto da Deusa - ANNA DE LE\u00c3O","isPartOf":{"@id":"https:\/\/annaleao.com.br\/site\/#website"},"primaryImageOfPage":{"@id":"https:\/\/annaleao.com.br\/site\/o-pranto-da-deusa\/#primaryimage"},"image":{"@id":"https:\/\/annaleao.com.br\/site\/o-pranto-da-deusa\/#primaryimage"},"thumbnailUrl":"https:\/\/annaleao.com.br\/site\/wp-content\/uploads\/2011\/01\/deusa2.jpg","datePublished":"2011-01-19T10:00:00+00:00","dateModified":"2019-08-22T19:52:31+00:00","author":{"@id":"https:\/\/annaleao.com.br\/site\/#\/schema\/person\/c61c763755650f8b56acd76d44c7bc8c"},"breadcrumb":{"@id":"https:\/\/annaleao.com.br\/site\/o-pranto-da-deusa\/#breadcrumb"},"inLanguage":"pt-BR","potentialAction":[{"@type":"ReadAction","target":["https:\/\/annaleao.com.br\/site\/o-pranto-da-deusa\/"]}]},{"@type":"ImageObject","inLanguage":"pt-BR","@id":"https:\/\/annaleao.com.br\/site\/o-pranto-da-deusa\/#primaryimage","url":"https:\/\/annaleao.com.br\/site\/wp-content\/uploads\/2011\/01\/deusa2.jpg","contentUrl":"https:\/\/annaleao.com.br\/site\/wp-content\/uploads\/2011\/01\/deusa2.jpg","width":400,"height":279,"caption":"o pranto da Deusa"},{"@type":"BreadcrumbList","@id":"https:\/\/annaleao.com.br\/site\/o-pranto-da-deusa\/#breadcrumb","itemListElement":[{"@type":"ListItem","position":1,"name":"In\u00edcio","item":"https:\/\/annaleao.com.br\/site\/"},{"@type":"ListItem","position":2,"name":"O Pranto da Deusa"}]},{"@type":"WebSite","@id":"https:\/\/annaleao.com.br\/site\/#website","url":"https:\/\/annaleao.com.br\/site\/","name":"ANNA DE LE\u00c3O","description":" Escritora e Terapeuta","potentialAction":[{"@type":"SearchAction","target":{"@type":"EntryPoint","urlTemplate":"https:\/\/annaleao.com.br\/site\/?s={search_term_string}"},"query-input":{"@type":"PropertyValueSpecification","valueRequired":true,"valueName":"search_term_string"}}],"inLanguage":"pt-BR"},{"@type":"Person","@id":"https:\/\/annaleao.com.br\/site\/#\/schema\/person\/c61c763755650f8b56acd76d44c7bc8c","name":"Anna de Le\u00e3o","image":{"@type":"ImageObject","inLanguage":"pt-BR","@id":"https:\/\/annaleao.com.br\/site\/#\/schema\/person\/image\/","url":"https:\/\/secure.gravatar.com\/avatar\/e29860c6ef57760b67570c34e3948ba9de10eb9b2e2f20081d0061a7233daf60?s=96&d=blank&r=g","contentUrl":"https:\/\/secure.gravatar.com\/avatar\/e29860c6ef57760b67570c34e3948ba9de10eb9b2e2f20081d0061a7233daf60?s=96&d=blank&r=g","caption":"Anna de Le\u00e3o"},"sameAs":["http:\/\/www.annaleao.com.br","https:\/\/x.com\/https:\/\/www.instagram.com\/annadeleao"],"url":"https:\/\/annaleao.com.br\/site\/author\/anna\/"}]}},"jetpack_publicize_connections":[],"jetpack_featured_media_url":"https:\/\/annaleao.com.br\/site\/wp-content\/uploads\/2011\/01\/deusa2.jpg","jetpack_sharing_enabled":true,"jetpack_shortlink":"https:\/\/wp.me\/p8nt2H-dr","jetpack-related-posts":[],"_links":{"self":[{"href":"https:\/\/annaleao.com.br\/site\/wp-json\/wp\/v2\/posts\/833","targetHints":{"allow":["GET"]}}],"collection":[{"href":"https:\/\/annaleao.com.br\/site\/wp-json\/wp\/v2\/posts"}],"about":[{"href":"https:\/\/annaleao.com.br\/site\/wp-json\/wp\/v2\/types\/post"}],"author":[{"embeddable":true,"href":"https:\/\/annaleao.com.br\/site\/wp-json\/wp\/v2\/users\/2"}],"replies":[{"embeddable":true,"href":"https:\/\/annaleao.com.br\/site\/wp-json\/wp\/v2\/comments?post=833"}],"version-history":[{"count":3,"href":"https:\/\/annaleao.com.br\/site\/wp-json\/wp\/v2\/posts\/833\/revisions"}],"predecessor-version":[{"id":2873,"href":"https:\/\/annaleao.com.br\/site\/wp-json\/wp\/v2\/posts\/833\/revisions\/2873"}],"wp:featuredmedia":[{"embeddable":true,"href":"https:\/\/annaleao.com.br\/site\/wp-json\/wp\/v2\/media\/2872"}],"wp:attachment":[{"href":"https:\/\/annaleao.com.br\/site\/wp-json\/wp\/v2\/media?parent=833"}],"wp:term":[{"taxonomy":"category","embeddable":true,"href":"https:\/\/annaleao.com.br\/site\/wp-json\/wp\/v2\/categories?post=833"},{"taxonomy":"post_tag","embeddable":true,"href":"https:\/\/annaleao.com.br\/site\/wp-json\/wp\/v2\/tags?post=833"}],"curies":[{"name":"wp","href":"https:\/\/api.w.org\/{rel}","templated":true}]}}