{"id":835,"date":"2011-01-12T10:00:00","date_gmt":"2011-01-12T10:00:00","guid":{"rendered":"https:\/\/annaleao.com.br\/site\/a-deusa\/"},"modified":"2011-01-12T10:00:00","modified_gmt":"2011-01-12T10:00:00","slug":"a-deusa","status":"publish","type":"post","link":"https:\/\/annaleao.com.br\/site\/a-deusa\/","title":{"rendered":"A Deusa"},"content":{"rendered":"<div style=\"clear: both; text-align: center;\"><a href=\"http:\/\/3.bp.blogspot.com\/_v8vfw6qYRLs\/TSySQwRTRNI\/AAAAAAAAB3s\/CTCI2GSoKnY\/s1600\/o3za1p012127-02.jpg\" style=\"margin-left: 1em; margin-right: 1em;\"><img fetchpriority=\"high\" decoding=\"async\" border=\"0\" height=\"300\" src=\"http:\/\/3.bp.blogspot.com\/_v8vfw6qYRLs\/TSySQwRTRNI\/AAAAAAAAB3s\/CTCI2GSoKnY\/s400\/o3za1p012127-02.jpg\" width=\"500\" \/><\/a><\/div>\n<div style=\"clear: both; text-align: justify;\"><\/div>\n<div style=\"clear: both; text-align: justify;\">Os que seguem a Religi\u00e3o da Deusa sabem que \u00e9 Ela a respons\u00e1vel por tudo o que existe. A Deusa n\u00e3o governa o mundo de um lugar distante e transcendental. Ela \u00e9 o mundo, Ela est\u00e1 no mundo. Ela \u00e9 tudo que existe, existiu e existir\u00e1. Ela est\u00e1 dentro e fora. Ela permeia tudo e todos.<\/div>\n<div style=\"text-align: justify;\"><\/div>\n<p>As for\u00e7as de cria\u00e7\u00e3o, manuten\u00e7\u00e3o e destrui\u00e7\u00e3o fazem parte do ciclo da vida e da Natureza. A Grande Deusa \u00e9 ent\u00e3o A Criadora, A Nutridora e A Destruidora.  Por ser e conter o ciclo cont\u00ednuo de vida, morte e renascimento a Deusa \u00e9 tamb\u00e9m chamada por algumas vertentes de Deusa Tr\u00edplice, uma denomina\u00e7\u00e3o que enfatiza essas tr\u00eas  energias. A Deusa ent\u00e3o ganha os t\u00edtulos de  Donzela,  M\u00e3e e  Anci\u00e3, dependendo de qual energia quer se evidenciar no momento.<\/p>\n<p>Podemos verificar bem esta representa\u00e7\u00e3o em rela\u00e7\u00e3o a Lua. Por ser considerada  uma grande representante das energias femininas e da Deusa, a Lua vem simbolizar as Suas tr\u00eas faces. Mas as correspond\u00eancias n\u00e3o param por a\u00ed e no ciclo anual do Sol \u2013 que como for\u00e7a criadora era associado \u00e0 Deusa antes das sociedades patriarcais \u2013 tamb\u00e9m encontramos as tr\u00eas faces da Deusa. <\/p>\n<p>Antigas culturas pag\u00e3s e s\u00e1bias como a n\u00f3rdica e o xamanismo das tribos nativas  norte-americanas , s\u00f3 para citar algumas, tinham a Cria\u00e7\u00e3o como feminina. Por outro lado , culturas tamb\u00e9m cheias de sabedoria e conhecimento , como a eg\u00edpcia e a celta, cultuavam as Deusas Solares . Os\u00edris (Deus eg\u00edpcio), por exemplo,  foi originalmente relacionado a Lua.<\/p>\n<p>\u00c9 por tudo isto e por bem mais que para mim tanto o Sol quanto a Lua correspondem a Deuses e Deusas. Me parece um pensamento muito cartesiano essa classifica\u00e7\u00e3o t\u00e3o polarizada e compartimentada de que o feminino \u00e9 a Lua e o masculino \u00e9 o Sol.<\/p>\n<p>Na realidade em que vivemos, onde h\u00e1 a dualidade, nos inclinamos a polarizarmos tudo. Mas essa dualidade aparente \u00e9 uma ilus\u00e3o e na verdade as polaridades se complementam, se misturam a fim de gerar equil\u00edbrio e vida.<\/p>\n<p>Temos a ess\u00eancia masculina e feminina em n\u00f3s. Tudo  no mundo, na vida, \u00e9 permeado por essas ess\u00eancias, assim Sol e Lua podem ser identificados tanto com o masculino, quanto com o feminino.<br \/>Mas quando falo em Deusa, Ela est\u00e1 acima do Sol e da Lua. Ela \u00e9 a for\u00e7a de Cria\u00e7\u00e3o do Universo, mas Ela tamb\u00e9m \u00e9 esse Universo, Ela est\u00e1 em tudo e por isto est\u00e1 e \u00e9 tamb\u00e9m o Sol e a Lua, assim como a Terra.<\/p>\n<p>Sinceramente n\u00e3o sei se todas as vertentes do Caminho da Deusa a v\u00eam desse modo. Muitas das antigas tradi\u00e7\u00f5es pag\u00e3s sim, mas nem todas.  Para mim o que importa \u00e9 como eu a sinto, a energia criadora, que eu chamo de Deusa , talvez por sentir a Sua presen\u00e7a ,a Sua generosidade, a Sua compaix\u00e3o e tantos outros atributos da ess\u00eancia feminina que foram banidos das religi\u00f5es patriarcais. O Deus judaico-crist\u00e3o para mim sempre foi muito distante, nunca o senti pr\u00f3ximo. As religi\u00f5es patriarcais sempre cultuaram a culpa, o medo, o castigo e a repress\u00e3o e n\u00e3o a liberdade, a fartura e a igualdade que fazem parte da Religi\u00e3o da Deusa.<\/p>\n<div style=\"clear: both; text-align: center;\"><a href=\"http:\/\/1.bp.blogspot.com\/_v8vfw6qYRLs\/TSyPorEJTEI\/AAAAAAAAB3k\/GC47EHqta7g\/s1600\/Mae-deusa-da-terra.jpg\" style=\"margin-left: 1em; margin-right: 1em;\"><img decoding=\"async\" border=\"0\" height=\"273\" src=\"http:\/\/1.bp.blogspot.com\/_v8vfw6qYRLs\/TSyPorEJTEI\/AAAAAAAAB3k\/GC47EHqta7g\/s400\/Mae-deusa-da-terra.jpg\" width=\"500\" \/><\/a><\/div>\n<p>Eu  sinto a Deusa perto, olho para o c\u00e9u, para uma \u00e1rvore e A sinto. Com Ela sinto a magia na vida e no mundo. Minha percep\u00e7\u00e3o muda. Sinto-A em mim, como posso senti-La em qualquer momento, \u00e9 s\u00f3 pensar Nela, s\u00f3 me abrir para Ela. Sei que posso contar com Ela.<\/p>\n<p>\u00c9 importante dizer que n\u00e3o vejo as  in\u00fameras Deusas de v\u00e1rias culturas como aspectos da Grande Deusa, como muitos grupos as v\u00eam. Nessas horas (e muitas outras) estou de m\u00e3os dadas com o paganismo celta e outras culturas antigas e s\u00e1bias.<\/p>\n<p>As Deusas n\u00e3o s\u00e3o meros arqu\u00e9tipos, ou energias como muitas correntes modernas pregam. Elas s\u00e3o entidades individuais, existem em outros planos e s\u00e3o seres super poderosas, assim como os diversos Deuses, que tamb\u00e9m n\u00e3o s\u00e3o meros aspectos do Deus. Deusas e Deuses tamb\u00e9m foram criados por esta for\u00e7a enorme e consciente de cria\u00e7\u00e3o que chamo de Deusa.<\/p>\n<p>A Deusa ent\u00e3o os permeia tamb\u00e9m, mas isto n\u00e3o quer dizer que eles s\u00e3o meros aspectos Dela. A Deusa nos permeia mas temos nossa pr\u00f3pria individualidade. Com os Deuses e Deusas acontece o mesmo, sendo que Eles s\u00e3o dotados de muito mais poder divino que n\u00f3s, por isto s\u00e3o chamados de Deuses e Deusas. Eles podem nos ouvir, interceder por n\u00f3s, se quiserem.<\/p>\n<p>Sempre uso mai\u00fascula para escrever quando falo das Deusas e Deuses porque os reverencio como seres superiores que s\u00e3o, como divindades, e por isto dou grande import\u00e2ncia e Eles. Faria o mesmo se fosse cat\u00f3lica e fosse me referir a um santo ou anjo.<\/p>\n<p>Como j\u00e1 disse, a Deusa rege toda a Natureza e toda a exist\u00eancia. Ela rege, sendo regida por Ela pr\u00f3pria; Ela cria, sendo cria\u00e7\u00e3o de si mesma. Ela \u00c9 e Est\u00e1 em tudo! Assim, dentro de seu ciclo de cria\u00e7\u00e3o (e destrui\u00e7\u00e3o) temos os seus aspectos de Donzela, M\u00e3e e Anci\u00e3. <\/p>\n<p>Inumeras Deusas de diversos pante\u00f5es acabam por se identificar mais com uma face da Grande Deusa. Isto n\u00e3o quer dizer que Elas n\u00e3o possuam as outras faces. Claro que possuem, assim como n\u00f3s e tudo no mundo. Mas as hist\u00f3rias de seus mitos mais conhecidos acabam por identific\u00e1-las mais com um ou outro aspecto da Grande Deusa. <\/p>\n<div style=\"clear: both; text-align: center;\"><a href=\"http:\/\/3.bp.blogspot.com\/_v8vfw6qYRLs\/TSyQtxL4y2I\/AAAAAAAAB3o\/AMsaye7_kkU\/s1600\/a_deusa_triplice.jpg\" style=\"clear: left; float: left; margin-bottom: 1em; margin-right: 1em;\"><img decoding=\"async\" border=\"0\" src=\"http:\/\/3.bp.blogspot.com\/_v8vfw6qYRLs\/TSyQtxL4y2I\/AAAAAAAAB3o\/AMsaye7_kkU\/s1600\/a_deusa_triplice.jpg\" \/><\/a><\/div>\n<p>Entretanto encontramos muitas Deusas que atrav\u00e9s de suas amplas mitologias evidenciam os tr\u00eas aspectos de Donzela, M\u00e3e e Anci\u00e3 e por isto s\u00e3o denominadas de Deusas Tr\u00edplices. A for\u00e7a da cultura de uma regi\u00e3o tamb\u00e9m \u00e9 de vital import\u00e2ncia para este fato, como por exemplo, a cultura celta, que sempre valorizou o poder sagrado da triplicidade e o sentido de Totalidade, da\u00ed a maioria de suas Deusas serem  reconhecidas como Deusas Tr\u00edplices. Algumas das Deusas Tr\u00edplices celtas s\u00e3o: Cerridwen, Morrighan e Brighit. Em outras culturas tamb\u00e9m encontramos Deusas Tr\u00edplices como \u00cdsis(eg\u00edpcia) e Sedna (Inuit), s\u00f3 para citar algumas.<\/p>\n<p>A seguir apresento as tr\u00eas faces da Deusa mais especificadas e dentro de suas representa\u00e7\u00f5es Lunares e\/ou Solares:<\/p>\n<p>A Donzela \u00e9 representada pela Lua Nova a Crescente dentro do ciclo Lunar e pela Primavera dentro do ciclo Solar. Ela \u00e9 a energia  dos novos come\u00e7os, a juventude, a esperan\u00e7a, as sementes, o crescimento, a vitalidade, o l\u00fadico. Como Deusa Ela aparece enaltecendo Sua beleza, feminilidade e sexualidade. Muitas vezes \u00e9 denominada de Virgem, mas n\u00e3o no sentido de abstin\u00eancia sexual. E sim no sentido de n\u00e3o pertencer a ningu\u00e9m, de ser livre e completa em Si mesma.<\/p>\n<p>Dentre as Deusas que representam a face Donzela inumero algumas: P\u00e9rsefone (grega), \u00c1rtemis (grega), Diana (romana), Eostre (germ\u00e2nica), Aine (celta), Branwen (celta), Bast (eg\u00edpcia).<\/p>\n<p>A Lua Cheia e o ver\u00e3o trazem o aspecto M\u00e3e da Deusa. Ela \u00e9 aquela que nutre, protege e ama incondicionalmente; Ela \u00e9 f\u00e9rtil e pr\u00f3spera. Sua sexualidade \u00e9 exuberante e tamb\u00e9m a Sua beleza. Ela est\u00e1 plena de Sua pot\u00eancia e for\u00e7a vital. Muitas vezes a Deusa M\u00e3e \u00e9 representada gr\u00e1vida, ou com v\u00e1rios seios, ou com seu filho nos bra\u00e7os, representando o Deus que renasce de seu ventre.<\/p>\n<p>Algumas das Deusas M\u00e3e s\u00e3o: Dem\u00e9ter (grega), \u00cdsis (eg\u00edpcia), Danu (celta), Freya (n\u00f3rdica), Lakshmi (indiana), Maeve (celta), Inanna (sum\u00e9ria), Kuan Yin (chinesa).<\/p>\n<p>A Deusa como Anci\u00e3 vem com a Lua Minguante e com o meio do outono e com o inverno, que nos convidam para um tempo de maior interioriza\u00e7\u00e3o e introspec\u00e7\u00e3o. A Deusa como Anci\u00e3 \u00e9 a parteira, a Bruxa, a Mulher S\u00e1bia, pois \u00e9 a Senhora da Sabedoria e conhece o oculto e a magia. \u00c9 a Rainha dos Mist\u00e9rios e tamb\u00e9m Deusa da Cura. Ela rege os finais, o desapego, o conhecimento, as transforma\u00e7\u00f5es e a morte. Lembrando que a morte cont\u00e9m a vida (e vice-versa), e assim como a Lua que mingua desaparecendo no c\u00e9u, ressurgindo Nova para iniciar um novo ciclo, assim como o Sol se poem desaparecendo no horizonte e volta a brilhar iniciando um novo dia, a vida se reinicia num ciclo cont\u00ednuo de vida- morte-vida.<\/p>\n<p>Tamb\u00e9m estamos sempre nos transformando, abrindo e fechando ciclos. Alguns procuram estas mudan\u00e7as, outros resistem em v\u00e3o e parecem mortos-vivos. As transforma\u00e7\u00f5es podem ser sutis e internas, mas uma mudan\u00e7a de energia e percep\u00e7\u00e3o ocorre e, da\u00ed, tudo se torna novo, mesmo que aparentemente nada tenha mudado.<\/p>\n<p>Algumas Deusas Anci\u00e3s: Baba Yaga (escandinava), H\u00e9cate (grega), Kali (indiana), Cailleach (celta), Sheela Na Gig (celta).<\/p>\n<p>Anna Le\u00e3o. Todos os direitos reservados.<\/p>\n","protected":false},"excerpt":{"rendered":"<p>Os que seguem a Religi\u00e3o da Deusa sabem que \u00e9 Ela a respons\u00e1vel por tudo o que existe. A Deusa n\u00e3o governa o mundo de um lugar distante e transcendental. Ela \u00e9 o mundo, Ela est\u00e1 no mundo. Ela \u00e9 tudo que existe, existiu e existir\u00e1. Ela est\u00e1 dentro e fora. Ela permeia tudo e todos. As for\u00e7as de cria\u00e7\u00e3o, &hellip; <\/p>\n","protected":false},"author":2,"featured_media":0,"comment_status":"open","ping_status":"open","sticky":false,"template":"","format":"standard","meta":{"jetpack_post_was_ever_published":false,"_jetpack_newsletter_access":"","_jetpack_dont_email_post_to_subs":false,"_jetpack_newsletter_tier_id":0,"_jetpack_memberships_contains_paywalled_content":false,"_jetpack_memberships_contains_paid_content":false,"footnotes":"","jetpack_publicize_message":"","jetpack_publicize_feature_enabled":true,"jetpack_social_post_already_shared":true,"jetpack_social_options":{"image_generator_settings":{"template":"highway","enabled":false},"version":2}},"categories":[272,380,497,495,496],"tags":[],"class_list":["post-835","post","type-post","status-publish","format-standard","hentry","category-caminho-da-deusa","category-deusa","category-deusa-ancia","category-deusa-triplice","category-pagaismo"],"yoast_head":"<!-- This site is optimized with the Yoast SEO plugin v25.2 - https:\/\/yoast.com\/wordpress\/plugins\/seo\/ -->\n<title>A Deusa - ANNA DE LE\u00c3O<\/title>\n<meta name=\"robots\" content=\"index, follow, max-snippet:-1, max-image-preview:large, max-video-preview:-1\" \/>\n<link rel=\"canonical\" href=\"https:\/\/annaleao.com.br\/site\/a-deusa\/\" \/>\n<meta property=\"og:locale\" content=\"pt_BR\" \/>\n<meta property=\"og:type\" content=\"article\" \/>\n<meta property=\"og:title\" content=\"A Deusa - ANNA DE LE\u00c3O\" \/>\n<meta property=\"og:description\" content=\"Os que seguem a Religi\u00e3o da Deusa sabem que \u00e9 Ela a respons\u00e1vel por tudo o que existe. A Deusa n\u00e3o governa o mundo de um lugar distante e transcendental. Ela \u00e9 o mundo, Ela est\u00e1 no mundo. Ela \u00e9 tudo que existe, existiu e existir\u00e1. Ela est\u00e1 dentro e fora. Ela permeia tudo e todos. As for\u00e7as de cria\u00e7\u00e3o, &hellip;\" \/>\n<meta property=\"og:url\" content=\"https:\/\/annaleao.com.br\/site\/a-deusa\/\" \/>\n<meta property=\"og:site_name\" content=\"ANNA DE LE\u00c3O\" \/>\n<meta property=\"article:published_time\" content=\"2011-01-12T10:00:00+00:00\" \/>\n<meta property=\"og:image\" content=\"http:\/\/3.bp.blogspot.com\/_v8vfw6qYRLs\/TSySQwRTRNI\/AAAAAAAAB3s\/CTCI2GSoKnY\/s400\/o3za1p012127-02.jpg\" \/>\n<meta name=\"author\" content=\"Anna de Le\u00e3o\" \/>\n<meta name=\"twitter:label1\" content=\"Escrito por\" \/>\n\t<meta name=\"twitter:data1\" content=\"Anna de Le\u00e3o\" \/>\n\t<meta name=\"twitter:label2\" content=\"Est. tempo de leitura\" \/>\n\t<meta name=\"twitter:data2\" content=\"8 minutos\" \/>\n<script type=\"application\/ld+json\" class=\"yoast-schema-graph\">{\"@context\":\"https:\/\/schema.org\",\"@graph\":[{\"@type\":\"WebPage\",\"@id\":\"https:\/\/annaleao.com.br\/site\/a-deusa\/\",\"url\":\"https:\/\/annaleao.com.br\/site\/a-deusa\/\",\"name\":\"A Deusa - ANNA DE LE\u00c3O\",\"isPartOf\":{\"@id\":\"https:\/\/annaleao.com.br\/site\/#website\"},\"primaryImageOfPage\":{\"@id\":\"https:\/\/annaleao.com.br\/site\/a-deusa\/#primaryimage\"},\"image\":{\"@id\":\"https:\/\/annaleao.com.br\/site\/a-deusa\/#primaryimage\"},\"thumbnailUrl\":\"http:\/\/3.bp.blogspot.com\/_v8vfw6qYRLs\/TSySQwRTRNI\/AAAAAAAAB3s\/CTCI2GSoKnY\/s400\/o3za1p012127-02.jpg\",\"datePublished\":\"2011-01-12T10:00:00+00:00\",\"author\":{\"@id\":\"https:\/\/annaleao.com.br\/site\/#\/schema\/person\/c61c763755650f8b56acd76d44c7bc8c\"},\"breadcrumb\":{\"@id\":\"https:\/\/annaleao.com.br\/site\/a-deusa\/#breadcrumb\"},\"inLanguage\":\"pt-BR\",\"potentialAction\":[{\"@type\":\"ReadAction\",\"target\":[\"https:\/\/annaleao.com.br\/site\/a-deusa\/\"]}]},{\"@type\":\"ImageObject\",\"inLanguage\":\"pt-BR\",\"@id\":\"https:\/\/annaleao.com.br\/site\/a-deusa\/#primaryimage\",\"url\":\"http:\/\/3.bp.blogspot.com\/_v8vfw6qYRLs\/TSySQwRTRNI\/AAAAAAAAB3s\/CTCI2GSoKnY\/s400\/o3za1p012127-02.jpg\",\"contentUrl\":\"http:\/\/3.bp.blogspot.com\/_v8vfw6qYRLs\/TSySQwRTRNI\/AAAAAAAAB3s\/CTCI2GSoKnY\/s400\/o3za1p012127-02.jpg\"},{\"@type\":\"BreadcrumbList\",\"@id\":\"https:\/\/annaleao.com.br\/site\/a-deusa\/#breadcrumb\",\"itemListElement\":[{\"@type\":\"ListItem\",\"position\":1,\"name\":\"In\u00edcio\",\"item\":\"https:\/\/annaleao.com.br\/site\/\"},{\"@type\":\"ListItem\",\"position\":2,\"name\":\"A Deusa\"}]},{\"@type\":\"WebSite\",\"@id\":\"https:\/\/annaleao.com.br\/site\/#website\",\"url\":\"https:\/\/annaleao.com.br\/site\/\",\"name\":\"ANNA DE LE\u00c3O\",\"description\":\" Escritora e Terapeuta\",\"potentialAction\":[{\"@type\":\"SearchAction\",\"target\":{\"@type\":\"EntryPoint\",\"urlTemplate\":\"https:\/\/annaleao.com.br\/site\/?s={search_term_string}\"},\"query-input\":{\"@type\":\"PropertyValueSpecification\",\"valueRequired\":true,\"valueName\":\"search_term_string\"}}],\"inLanguage\":\"pt-BR\"},{\"@type\":\"Person\",\"@id\":\"https:\/\/annaleao.com.br\/site\/#\/schema\/person\/c61c763755650f8b56acd76d44c7bc8c\",\"name\":\"Anna de Le\u00e3o\",\"image\":{\"@type\":\"ImageObject\",\"inLanguage\":\"pt-BR\",\"@id\":\"https:\/\/annaleao.com.br\/site\/#\/schema\/person\/image\/\",\"url\":\"https:\/\/secure.gravatar.com\/avatar\/e29860c6ef57760b67570c34e3948ba9de10eb9b2e2f20081d0061a7233daf60?s=96&d=blank&r=g\",\"contentUrl\":\"https:\/\/secure.gravatar.com\/avatar\/e29860c6ef57760b67570c34e3948ba9de10eb9b2e2f20081d0061a7233daf60?s=96&d=blank&r=g\",\"caption\":\"Anna de Le\u00e3o\"},\"sameAs\":[\"http:\/\/www.annaleao.com.br\",\"https:\/\/x.com\/https:\/\/www.instagram.com\/annadeleao\"],\"url\":\"https:\/\/annaleao.com.br\/site\/author\/anna\/\"}]}<\/script>\n<!-- \/ Yoast SEO plugin. -->","yoast_head_json":{"title":"A Deusa - ANNA DE LE\u00c3O","robots":{"index":"index","follow":"follow","max-snippet":"max-snippet:-1","max-image-preview":"max-image-preview:large","max-video-preview":"max-video-preview:-1"},"canonical":"https:\/\/annaleao.com.br\/site\/a-deusa\/","og_locale":"pt_BR","og_type":"article","og_title":"A Deusa - ANNA DE LE\u00c3O","og_description":"Os que seguem a Religi\u00e3o da Deusa sabem que \u00e9 Ela a respons\u00e1vel por tudo o que existe. A Deusa n\u00e3o governa o mundo de um lugar distante e transcendental. Ela \u00e9 o mundo, Ela est\u00e1 no mundo. Ela \u00e9 tudo que existe, existiu e existir\u00e1. Ela est\u00e1 dentro e fora. Ela permeia tudo e todos. As for\u00e7as de cria\u00e7\u00e3o, &hellip;","og_url":"https:\/\/annaleao.com.br\/site\/a-deusa\/","og_site_name":"ANNA DE LE\u00c3O","article_published_time":"2011-01-12T10:00:00+00:00","og_image":[{"url":"http:\/\/3.bp.blogspot.com\/_v8vfw6qYRLs\/TSySQwRTRNI\/AAAAAAAAB3s\/CTCI2GSoKnY\/s400\/o3za1p012127-02.jpg","type":"","width":"","height":""}],"author":"Anna de Le\u00e3o","twitter_misc":{"Escrito por":"Anna de Le\u00e3o","Est. tempo de leitura":"8 minutos"},"schema":{"@context":"https:\/\/schema.org","@graph":[{"@type":"WebPage","@id":"https:\/\/annaleao.com.br\/site\/a-deusa\/","url":"https:\/\/annaleao.com.br\/site\/a-deusa\/","name":"A Deusa - ANNA DE LE\u00c3O","isPartOf":{"@id":"https:\/\/annaleao.com.br\/site\/#website"},"primaryImageOfPage":{"@id":"https:\/\/annaleao.com.br\/site\/a-deusa\/#primaryimage"},"image":{"@id":"https:\/\/annaleao.com.br\/site\/a-deusa\/#primaryimage"},"thumbnailUrl":"http:\/\/3.bp.blogspot.com\/_v8vfw6qYRLs\/TSySQwRTRNI\/AAAAAAAAB3s\/CTCI2GSoKnY\/s400\/o3za1p012127-02.jpg","datePublished":"2011-01-12T10:00:00+00:00","author":{"@id":"https:\/\/annaleao.com.br\/site\/#\/schema\/person\/c61c763755650f8b56acd76d44c7bc8c"},"breadcrumb":{"@id":"https:\/\/annaleao.com.br\/site\/a-deusa\/#breadcrumb"},"inLanguage":"pt-BR","potentialAction":[{"@type":"ReadAction","target":["https:\/\/annaleao.com.br\/site\/a-deusa\/"]}]},{"@type":"ImageObject","inLanguage":"pt-BR","@id":"https:\/\/annaleao.com.br\/site\/a-deusa\/#primaryimage","url":"http:\/\/3.bp.blogspot.com\/_v8vfw6qYRLs\/TSySQwRTRNI\/AAAAAAAAB3s\/CTCI2GSoKnY\/s400\/o3za1p012127-02.jpg","contentUrl":"http:\/\/3.bp.blogspot.com\/_v8vfw6qYRLs\/TSySQwRTRNI\/AAAAAAAAB3s\/CTCI2GSoKnY\/s400\/o3za1p012127-02.jpg"},{"@type":"BreadcrumbList","@id":"https:\/\/annaleao.com.br\/site\/a-deusa\/#breadcrumb","itemListElement":[{"@type":"ListItem","position":1,"name":"In\u00edcio","item":"https:\/\/annaleao.com.br\/site\/"},{"@type":"ListItem","position":2,"name":"A Deusa"}]},{"@type":"WebSite","@id":"https:\/\/annaleao.com.br\/site\/#website","url":"https:\/\/annaleao.com.br\/site\/","name":"ANNA DE LE\u00c3O","description":" Escritora e Terapeuta","potentialAction":[{"@type":"SearchAction","target":{"@type":"EntryPoint","urlTemplate":"https:\/\/annaleao.com.br\/site\/?s={search_term_string}"},"query-input":{"@type":"PropertyValueSpecification","valueRequired":true,"valueName":"search_term_string"}}],"inLanguage":"pt-BR"},{"@type":"Person","@id":"https:\/\/annaleao.com.br\/site\/#\/schema\/person\/c61c763755650f8b56acd76d44c7bc8c","name":"Anna de Le\u00e3o","image":{"@type":"ImageObject","inLanguage":"pt-BR","@id":"https:\/\/annaleao.com.br\/site\/#\/schema\/person\/image\/","url":"https:\/\/secure.gravatar.com\/avatar\/e29860c6ef57760b67570c34e3948ba9de10eb9b2e2f20081d0061a7233daf60?s=96&d=blank&r=g","contentUrl":"https:\/\/secure.gravatar.com\/avatar\/e29860c6ef57760b67570c34e3948ba9de10eb9b2e2f20081d0061a7233daf60?s=96&d=blank&r=g","caption":"Anna de Le\u00e3o"},"sameAs":["http:\/\/www.annaleao.com.br","https:\/\/x.com\/https:\/\/www.instagram.com\/annadeleao"],"url":"https:\/\/annaleao.com.br\/site\/author\/anna\/"}]}},"jetpack_publicize_connections":[],"jetpack_featured_media_url":"","jetpack_sharing_enabled":true,"jetpack_shortlink":"https:\/\/wp.me\/p8nt2H-dt","jetpack-related-posts":[],"_links":{"self":[{"href":"https:\/\/annaleao.com.br\/site\/wp-json\/wp\/v2\/posts\/835","targetHints":{"allow":["GET"]}}],"collection":[{"href":"https:\/\/annaleao.com.br\/site\/wp-json\/wp\/v2\/posts"}],"about":[{"href":"https:\/\/annaleao.com.br\/site\/wp-json\/wp\/v2\/types\/post"}],"author":[{"embeddable":true,"href":"https:\/\/annaleao.com.br\/site\/wp-json\/wp\/v2\/users\/2"}],"replies":[{"embeddable":true,"href":"https:\/\/annaleao.com.br\/site\/wp-json\/wp\/v2\/comments?post=835"}],"version-history":[{"count":0,"href":"https:\/\/annaleao.com.br\/site\/wp-json\/wp\/v2\/posts\/835\/revisions"}],"wp:attachment":[{"href":"https:\/\/annaleao.com.br\/site\/wp-json\/wp\/v2\/media?parent=835"}],"wp:term":[{"taxonomy":"category","embeddable":true,"href":"https:\/\/annaleao.com.br\/site\/wp-json\/wp\/v2\/categories?post=835"},{"taxonomy":"post_tag","embeddable":true,"href":"https:\/\/annaleao.com.br\/site\/wp-json\/wp\/v2\/tags?post=835"}],"curies":[{"name":"wp","href":"https:\/\/api.w.org\/{rel}","templated":true}]}}