{"id":863,"date":"2010-08-24T19:15:00","date_gmt":"2010-08-24T19:15:00","guid":{"rendered":"https:\/\/annaleao.com.br\/site\/atraves-das-brumas\/"},"modified":"2010-08-24T19:15:00","modified_gmt":"2010-08-24T19:15:00","slug":"atraves-das-brumas","status":"publish","type":"post","link":"https:\/\/annaleao.com.br\/site\/atraves-das-brumas\/","title":{"rendered":"Atrav\u00e9s das Brumas"},"content":{"rendered":"<div style=\"clear: both; text-align: center;\"><a href=\"http:\/\/3.bp.blogspot.com\/_v8vfw6qYRLs\/THQaIO3AbZI\/AAAAAAAABtw\/kr6qT-l84sw\/s1600\/Irish+Coast+2.jpg\" style=\"margin-left: 1em; margin-right: 1em;\"><img fetchpriority=\"high\" decoding=\"async\" border=\"0\" height=\"300\" src=\"http:\/\/3.bp.blogspot.com\/_v8vfw6qYRLs\/THQaIO3AbZI\/AAAAAAAABtw\/kr6qT-l84sw\/s400\/Irish+Coast+2.jpg\" width=\"400\" \/><\/a><\/div>\n<p>Quando me quiseres ter v\u00e1 me buscar nos t\u00eas reinos:<br \/>O C\u00e9u, a Terra e o Mar!<br \/>Neles poder\u00e1s me encontrar<br \/>Planando atrav\u00e9s das nuvens,<br \/>&nbsp;Correndo pelos campos,<br \/>&nbsp;Mergulhando nas porfundezas das \u00e1guas de Manannan.<\/p>\n<p>N\u00e3o se intimide e busque me ver em sintonia com os Deuses,<br \/>Atravessando as brumas e agradecendo a Eles pelo Fogo Sagrado!<br \/>N\u00e3o se intimide e pe\u00e7a a Manannan que te guie ao Outo Mundo<br \/>Num imram de coragem e renascimento<br \/>Numa jornada de descobertas e plenitude<\/p>\n<p>E quando l\u00e1 te encontrares enfim<br \/>Procure o ramo prateado para chegar ate\u00b4mim<br \/>E sentir o perfume das ma\u00e7\u00e3s exalando do meu amor &nbsp;por ti.<\/p>\n<p>Anna Le\u00e3o. Todos os direitos reservados<\/p>\n<div style=\"clear: both; text-align: center;\"><\/div>\n<p>O Mar \u00e9 a morada de Manannan Mac Lir, leia o artigo sobre este Deus Celta em meu site&nbsp;<a href=\"http:\/\/www.annaleao.com.br\/\">www.annaleao.com.br<\/a><\/p>\n","protected":false},"excerpt":{"rendered":"<p>Quando me quiseres ter v\u00e1 me buscar nos t\u00eas reinos:O C\u00e9u, a Terra e o Mar!Neles poder\u00e1s me encontrarPlanando atrav\u00e9s das nuvens,&nbsp;Correndo pelos campos,&nbsp;Mergulhando nas porfundezas das \u00e1guas de Manannan. N\u00e3o se intimide e busque me ver em sintonia com os Deuses,Atravessando as brumas e agradecendo a Eles pelo Fogo Sagrado!N\u00e3o se intimide e pe\u00e7a a Manannan que te guie &hellip; <\/p>\n","protected":false},"author":2,"featured_media":0,"comment_status":"open","ping_status":"open","sticky":false,"template":"","format":"standard","meta":{"jetpack_post_was_ever_published":false,"_jetpack_newsletter_access":"","_jetpack_dont_email_post_to_subs":false,"_jetpack_newsletter_tier_id":0,"_jetpack_memberships_contains_paywalled_content":false,"_jetpack_memberships_contains_paid_content":false,"footnotes":"","jetpack_publicize_message":"","jetpack_publicize_feature_enabled":true,"jetpack_social_post_already_shared":true,"jetpack_social_options":{"image_generator_settings":{"template":"highway","enabled":false},"version":2}},"categories":[408,411,194],"tags":[],"class_list":["post-863","post","type-post","status-publish","format-standard","hentry","category-deuses-celtas","category-manannan-mac-lir","category-poema-poesia"],"yoast_head":"<!-- This site is optimized with the Yoast SEO plugin v25.2 - https:\/\/yoast.com\/wordpress\/plugins\/seo\/ -->\n<title>Atrav\u00e9s das Brumas - ANNA DE LE\u00c3O<\/title>\n<meta name=\"robots\" content=\"index, follow, max-snippet:-1, max-image-preview:large, max-video-preview:-1\" \/>\n<link rel=\"canonical\" href=\"https:\/\/annaleao.com.br\/site\/atraves-das-brumas\/\" \/>\n<meta property=\"og:locale\" content=\"pt_BR\" \/>\n<meta property=\"og:type\" content=\"article\" \/>\n<meta property=\"og:title\" content=\"Atrav\u00e9s das Brumas - ANNA DE LE\u00c3O\" \/>\n<meta property=\"og:description\" content=\"Quando me quiseres ter v\u00e1 me buscar nos t\u00eas reinos:O C\u00e9u, a Terra e o Mar!Neles poder\u00e1s me encontrarPlanando atrav\u00e9s das nuvens,&nbsp;Correndo pelos campos,&nbsp;Mergulhando nas porfundezas das \u00e1guas de Manannan. N\u00e3o se intimide e busque me ver em sintonia com os Deuses,Atravessando as brumas e agradecendo a Eles pelo Fogo Sagrado!N\u00e3o se intimide e pe\u00e7a a Manannan que te guie &hellip;\" \/>\n<meta property=\"og:url\" content=\"https:\/\/annaleao.com.br\/site\/atraves-das-brumas\/\" \/>\n<meta property=\"og:site_name\" content=\"ANNA DE LE\u00c3O\" \/>\n<meta property=\"article:published_time\" content=\"2010-08-24T19:15:00+00:00\" \/>\n<meta property=\"og:image\" content=\"http:\/\/3.bp.blogspot.com\/_v8vfw6qYRLs\/THQaIO3AbZI\/AAAAAAAABtw\/kr6qT-l84sw\/s400\/Irish+Coast+2.jpg\" \/>\n<meta name=\"author\" content=\"Anna de Le\u00e3o\" \/>\n<meta name=\"twitter:label1\" content=\"Escrito por\" \/>\n\t<meta name=\"twitter:data1\" content=\"Anna de Le\u00e3o\" \/>\n\t<meta name=\"twitter:label2\" content=\"Est. tempo de leitura\" \/>\n\t<meta name=\"twitter:data2\" content=\"1 minuto\" \/>\n<script type=\"application\/ld+json\" class=\"yoast-schema-graph\">{\"@context\":\"https:\/\/schema.org\",\"@graph\":[{\"@type\":\"WebPage\",\"@id\":\"https:\/\/annaleao.com.br\/site\/atraves-das-brumas\/\",\"url\":\"https:\/\/annaleao.com.br\/site\/atraves-das-brumas\/\",\"name\":\"Atrav\u00e9s das Brumas - ANNA DE LE\u00c3O\",\"isPartOf\":{\"@id\":\"https:\/\/annaleao.com.br\/site\/#website\"},\"primaryImageOfPage\":{\"@id\":\"https:\/\/annaleao.com.br\/site\/atraves-das-brumas\/#primaryimage\"},\"image\":{\"@id\":\"https:\/\/annaleao.com.br\/site\/atraves-das-brumas\/#primaryimage\"},\"thumbnailUrl\":\"http:\/\/3.bp.blogspot.com\/_v8vfw6qYRLs\/THQaIO3AbZI\/AAAAAAAABtw\/kr6qT-l84sw\/s400\/Irish+Coast+2.jpg\",\"datePublished\":\"2010-08-24T19:15:00+00:00\",\"author\":{\"@id\":\"https:\/\/annaleao.com.br\/site\/#\/schema\/person\/c61c763755650f8b56acd76d44c7bc8c\"},\"breadcrumb\":{\"@id\":\"https:\/\/annaleao.com.br\/site\/atraves-das-brumas\/#breadcrumb\"},\"inLanguage\":\"pt-BR\",\"potentialAction\":[{\"@type\":\"ReadAction\",\"target\":[\"https:\/\/annaleao.com.br\/site\/atraves-das-brumas\/\"]}]},{\"@type\":\"ImageObject\",\"inLanguage\":\"pt-BR\",\"@id\":\"https:\/\/annaleao.com.br\/site\/atraves-das-brumas\/#primaryimage\",\"url\":\"http:\/\/3.bp.blogspot.com\/_v8vfw6qYRLs\/THQaIO3AbZI\/AAAAAAAABtw\/kr6qT-l84sw\/s400\/Irish+Coast+2.jpg\",\"contentUrl\":\"http:\/\/3.bp.blogspot.com\/_v8vfw6qYRLs\/THQaIO3AbZI\/AAAAAAAABtw\/kr6qT-l84sw\/s400\/Irish+Coast+2.jpg\"},{\"@type\":\"BreadcrumbList\",\"@id\":\"https:\/\/annaleao.com.br\/site\/atraves-das-brumas\/#breadcrumb\",\"itemListElement\":[{\"@type\":\"ListItem\",\"position\":1,\"name\":\"In\u00edcio\",\"item\":\"https:\/\/annaleao.com.br\/site\/\"},{\"@type\":\"ListItem\",\"position\":2,\"name\":\"Atrav\u00e9s das Brumas\"}]},{\"@type\":\"WebSite\",\"@id\":\"https:\/\/annaleao.com.br\/site\/#website\",\"url\":\"https:\/\/annaleao.com.br\/site\/\",\"name\":\"ANNA DE LE\u00c3O\",\"description\":\" Escritora e Terapeuta\",\"potentialAction\":[{\"@type\":\"SearchAction\",\"target\":{\"@type\":\"EntryPoint\",\"urlTemplate\":\"https:\/\/annaleao.com.br\/site\/?s={search_term_string}\"},\"query-input\":{\"@type\":\"PropertyValueSpecification\",\"valueRequired\":true,\"valueName\":\"search_term_string\"}}],\"inLanguage\":\"pt-BR\"},{\"@type\":\"Person\",\"@id\":\"https:\/\/annaleao.com.br\/site\/#\/schema\/person\/c61c763755650f8b56acd76d44c7bc8c\",\"name\":\"Anna de Le\u00e3o\",\"image\":{\"@type\":\"ImageObject\",\"inLanguage\":\"pt-BR\",\"@id\":\"https:\/\/annaleao.com.br\/site\/#\/schema\/person\/image\/\",\"url\":\"https:\/\/secure.gravatar.com\/avatar\/e29860c6ef57760b67570c34e3948ba9de10eb9b2e2f20081d0061a7233daf60?s=96&d=blank&r=g\",\"contentUrl\":\"https:\/\/secure.gravatar.com\/avatar\/e29860c6ef57760b67570c34e3948ba9de10eb9b2e2f20081d0061a7233daf60?s=96&d=blank&r=g\",\"caption\":\"Anna de Le\u00e3o\"},\"sameAs\":[\"http:\/\/www.annaleao.com.br\",\"https:\/\/x.com\/https:\/\/www.instagram.com\/annadeleao\"],\"url\":\"https:\/\/annaleao.com.br\/site\/author\/anna\/\"}]}<\/script>\n<!-- \/ Yoast SEO plugin. -->","yoast_head_json":{"title":"Atrav\u00e9s das Brumas - ANNA DE LE\u00c3O","robots":{"index":"index","follow":"follow","max-snippet":"max-snippet:-1","max-image-preview":"max-image-preview:large","max-video-preview":"max-video-preview:-1"},"canonical":"https:\/\/annaleao.com.br\/site\/atraves-das-brumas\/","og_locale":"pt_BR","og_type":"article","og_title":"Atrav\u00e9s das Brumas - ANNA DE LE\u00c3O","og_description":"Quando me quiseres ter v\u00e1 me buscar nos t\u00eas reinos:O C\u00e9u, a Terra e o Mar!Neles poder\u00e1s me encontrarPlanando atrav\u00e9s das nuvens,&nbsp;Correndo pelos campos,&nbsp;Mergulhando nas porfundezas das \u00e1guas de Manannan. N\u00e3o se intimide e busque me ver em sintonia com os Deuses,Atravessando as brumas e agradecendo a Eles pelo Fogo Sagrado!N\u00e3o se intimide e pe\u00e7a a Manannan que te guie &hellip;","og_url":"https:\/\/annaleao.com.br\/site\/atraves-das-brumas\/","og_site_name":"ANNA DE LE\u00c3O","article_published_time":"2010-08-24T19:15:00+00:00","og_image":[{"url":"http:\/\/3.bp.blogspot.com\/_v8vfw6qYRLs\/THQaIO3AbZI\/AAAAAAAABtw\/kr6qT-l84sw\/s400\/Irish+Coast+2.jpg","type":"","width":"","height":""}],"author":"Anna de Le\u00e3o","twitter_misc":{"Escrito por":"Anna de Le\u00e3o","Est. tempo de leitura":"1 minuto"},"schema":{"@context":"https:\/\/schema.org","@graph":[{"@type":"WebPage","@id":"https:\/\/annaleao.com.br\/site\/atraves-das-brumas\/","url":"https:\/\/annaleao.com.br\/site\/atraves-das-brumas\/","name":"Atrav\u00e9s das Brumas - ANNA DE LE\u00c3O","isPartOf":{"@id":"https:\/\/annaleao.com.br\/site\/#website"},"primaryImageOfPage":{"@id":"https:\/\/annaleao.com.br\/site\/atraves-das-brumas\/#primaryimage"},"image":{"@id":"https:\/\/annaleao.com.br\/site\/atraves-das-brumas\/#primaryimage"},"thumbnailUrl":"http:\/\/3.bp.blogspot.com\/_v8vfw6qYRLs\/THQaIO3AbZI\/AAAAAAAABtw\/kr6qT-l84sw\/s400\/Irish+Coast+2.jpg","datePublished":"2010-08-24T19:15:00+00:00","author":{"@id":"https:\/\/annaleao.com.br\/site\/#\/schema\/person\/c61c763755650f8b56acd76d44c7bc8c"},"breadcrumb":{"@id":"https:\/\/annaleao.com.br\/site\/atraves-das-brumas\/#breadcrumb"},"inLanguage":"pt-BR","potentialAction":[{"@type":"ReadAction","target":["https:\/\/annaleao.com.br\/site\/atraves-das-brumas\/"]}]},{"@type":"ImageObject","inLanguage":"pt-BR","@id":"https:\/\/annaleao.com.br\/site\/atraves-das-brumas\/#primaryimage","url":"http:\/\/3.bp.blogspot.com\/_v8vfw6qYRLs\/THQaIO3AbZI\/AAAAAAAABtw\/kr6qT-l84sw\/s400\/Irish+Coast+2.jpg","contentUrl":"http:\/\/3.bp.blogspot.com\/_v8vfw6qYRLs\/THQaIO3AbZI\/AAAAAAAABtw\/kr6qT-l84sw\/s400\/Irish+Coast+2.jpg"},{"@type":"BreadcrumbList","@id":"https:\/\/annaleao.com.br\/site\/atraves-das-brumas\/#breadcrumb","itemListElement":[{"@type":"ListItem","position":1,"name":"In\u00edcio","item":"https:\/\/annaleao.com.br\/site\/"},{"@type":"ListItem","position":2,"name":"Atrav\u00e9s das Brumas"}]},{"@type":"WebSite","@id":"https:\/\/annaleao.com.br\/site\/#website","url":"https:\/\/annaleao.com.br\/site\/","name":"ANNA DE LE\u00c3O","description":" Escritora e Terapeuta","potentialAction":[{"@type":"SearchAction","target":{"@type":"EntryPoint","urlTemplate":"https:\/\/annaleao.com.br\/site\/?s={search_term_string}"},"query-input":{"@type":"PropertyValueSpecification","valueRequired":true,"valueName":"search_term_string"}}],"inLanguage":"pt-BR"},{"@type":"Person","@id":"https:\/\/annaleao.com.br\/site\/#\/schema\/person\/c61c763755650f8b56acd76d44c7bc8c","name":"Anna de Le\u00e3o","image":{"@type":"ImageObject","inLanguage":"pt-BR","@id":"https:\/\/annaleao.com.br\/site\/#\/schema\/person\/image\/","url":"https:\/\/secure.gravatar.com\/avatar\/e29860c6ef57760b67570c34e3948ba9de10eb9b2e2f20081d0061a7233daf60?s=96&d=blank&r=g","contentUrl":"https:\/\/secure.gravatar.com\/avatar\/e29860c6ef57760b67570c34e3948ba9de10eb9b2e2f20081d0061a7233daf60?s=96&d=blank&r=g","caption":"Anna de Le\u00e3o"},"sameAs":["http:\/\/www.annaleao.com.br","https:\/\/x.com\/https:\/\/www.instagram.com\/annadeleao"],"url":"https:\/\/annaleao.com.br\/site\/author\/anna\/"}]}},"jetpack_publicize_connections":[],"jetpack_featured_media_url":"","jetpack_sharing_enabled":true,"jetpack_shortlink":"https:\/\/wp.me\/p8nt2H-dV","jetpack-related-posts":[],"_links":{"self":[{"href":"https:\/\/annaleao.com.br\/site\/wp-json\/wp\/v2\/posts\/863","targetHints":{"allow":["GET"]}}],"collection":[{"href":"https:\/\/annaleao.com.br\/site\/wp-json\/wp\/v2\/posts"}],"about":[{"href":"https:\/\/annaleao.com.br\/site\/wp-json\/wp\/v2\/types\/post"}],"author":[{"embeddable":true,"href":"https:\/\/annaleao.com.br\/site\/wp-json\/wp\/v2\/users\/2"}],"replies":[{"embeddable":true,"href":"https:\/\/annaleao.com.br\/site\/wp-json\/wp\/v2\/comments?post=863"}],"version-history":[{"count":0,"href":"https:\/\/annaleao.com.br\/site\/wp-json\/wp\/v2\/posts\/863\/revisions"}],"wp:attachment":[{"href":"https:\/\/annaleao.com.br\/site\/wp-json\/wp\/v2\/media?parent=863"}],"wp:term":[{"taxonomy":"category","embeddable":true,"href":"https:\/\/annaleao.com.br\/site\/wp-json\/wp\/v2\/categories?post=863"},{"taxonomy":"post_tag","embeddable":true,"href":"https:\/\/annaleao.com.br\/site\/wp-json\/wp\/v2\/tags?post=863"}],"curies":[{"name":"wp","href":"https:\/\/api.w.org\/{rel}","templated":true}]}}