{"id":985,"date":"2009-02-11T12:08:00","date_gmt":"2009-02-11T12:08:00","guid":{"rendered":"https:\/\/annaleao.com.br\/site\/desperte-sua-crianca-interior\/"},"modified":"2009-02-11T12:08:00","modified_gmt":"2009-02-11T12:08:00","slug":"desperte-sua-crianca-interior","status":"publish","type":"post","link":"https:\/\/annaleao.com.br\/site\/desperte-sua-crianca-interior\/","title":{"rendered":"DESPERTE SUA CRIAN\u00c7A INTERIOR!"},"content":{"rendered":"<p><a href=\"http:\/\/3.bp.blogspot.com\/_v8vfw6qYRLs\/SGw0Ck4iNlI\/AAAAAAAAATA\/dhdaoCaBRzE\/s1600-h\/unnamed.gif\"><img decoding=\"async\" id=\"BLOGGER_PHOTO_ID_5218603287080744530\" style=\"DISPLAY: block; MARGIN: 0px auto 10px; CURSOR: hand; TEXT-ALIGN: center\" alt=\"\" src=\"http:\/\/3.bp.blogspot.com\/_v8vfw6qYRLs\/SGw0Ck4iNlI\/AAAAAAAAATA\/dhdaoCaBRzE\/s400\/unnamed.gif\" border=\"0\" \/><\/a><\/p>\n<div align=\"justify\"><span style=\"font-size:130%;\"><\/span> <\/div>\n<div align=\"justify\"><span style=\"font-size:130%;\">J\u00e1 faz alguns anos, um amigo me disse: &#8220;Anna, voc\u00ea fala das coisas com tanto entusiasmo que contagia a gente!&#8221;<\/span><\/div>\n<p><\/p>\n<div align=\"justify\"><span style=\"font-size:130%;\"><\/span><\/div>\n<div align=\"justify\"><span style=\"font-size:130%;\">Bom ouvir isso e, melhor ainda, \u00e9 relembrar disso para n\u00e3o ter medo desse entusiasmo.<\/span><\/div>\n<p><\/p>\n<div align=\"justify\"><span style=\"font-size:130%;\"><\/span><\/div>\n<div align=\"justify\"><span style=\"font-size:130%;\">Vou explicar: as pessoas s\u00e3o t\u00e3o exigidas, vivemos sob tanta press\u00e3o, que muitas vezes vamos perdendo caracter\u00edsticas pr\u00f3prias sem percebermos. Caracter\u00edsticas, essas, positivas, importantes para n\u00f3s, que fazem parte da nossa autenticidade.<\/span><\/div>\n<p><\/p>\n<div align=\"justify\"><span style=\"font-size:130%;\"><\/span><\/div>\n<div align=\"justify\"><span style=\"font-size:130%;\">O entusiasmo \u00e9 inerente \u00e0 crian\u00e7a. Voc\u00ea j\u00e1 reparou como elas s\u00e3o entusiasmadas? Cada descoberta \u00e9 vivida com tanto entusiasmo!<\/span><\/div>\n<p><\/p>\n<div align=\"justify\"><span style=\"font-size:130%;\"><\/span><\/div>\n<div align=\"justify\"><span style=\"font-size:130%;\">Temos nossa crian\u00e7a interior e n\u00e3o devemos negligenci\u00e1-la, nem sufoc\u00e1-la. Isso adoece a gente, de uma forma ou de outra, mais cedo ou mais tarde.<\/span><\/div>\n<p><\/p>\n<div align=\"justify\"><span style=\"font-size:130%;\"><\/span><\/div>\n<div align=\"justify\"><span style=\"font-size:130%;\">Lembro-me tamb\u00e9m de um outro amigo, que na mesma \u00e9poca do primeiro, me falou sobre a minha crian\u00e7a interior. Ele observou como ela era presente e forte em mim! Tudo a ver com o entusiasmo contagiante que eu passava para os outros&#8230;<\/span><\/div>\n<p><\/p>\n<div align=\"justify\"><span style=\"font-size:130%;\"><\/span><\/div>\n<div align=\"justify\"><span style=\"font-size:130%;\">Mais recentemente, este ano mesmo, foi a vez de uma amiga falar sobre a minha crian\u00e7a. Ela a viu. Fiquei t\u00e3o feliz! \u00c9 sinal de que ela est\u00e1 ressurgindo junto com o entusiasmo que ela traz.<\/span><\/div>\n<p><\/p>\n<div align=\"justify\"><span style=\"font-size:130%;\"><\/span><\/div>\n<div align=\"justify\"><span style=\"font-size:130%;\">Percebo que tenho um &#8220;esp\u00edrito jovem&#8221; como se diz por a\u00ed. Sou jovial e acho que assim sempre serei, desde que esteja fi\u00e9l a mim mesma. N\u00e3o tenho porque ser s\u00e9ria demais, nem entrar no v\u00edcio do stress.<\/span><\/div>\n<p><\/p>\n<div align=\"justify\"><span style=\"font-size:130%;\"><\/span><\/div>\n<div align=\"justify\"><span style=\"font-size:130%;\">Para quem n\u00e3o sabe, maturidade e responsabilidade nada t\u00eam a ver com estes quisitos. Quem perdeu o contato com sua crian\u00e7a interior que fique a\u00ed criticando os outros e sendo mal-humorado.<\/span><\/div>\n<p><\/p>\n<div align=\"justify\"><span style=\"font-size:130%;\"><\/span><\/div>\n<div align=\"justify\"><span style=\"font-size:130%;\">Eu sou l\u00fadica, m\u00e1gica, rebelde, entusiasmada, crian\u00e7a! FELIZ EM SER EU MESMA!<\/span><\/div>\n<p><\/p>\n<div align=\"justify\"><span style=\"font-size:130%;\"><\/span><\/div>\n<div align=\"justify\"><span style=\"font-size:130%;\">N\u00e3o vou me deixar levar por quem acha que sabe mais de mim do que eu mesma. Isso n\u00e3o existe!<\/span><\/div>\n<p><\/p>\n<div align=\"justify\"><span style=\"font-size:130%;\"><\/span><\/div>\n<div align=\"justify\"><span style=\"font-size:130%;\">Escrevo este texto num bistr\u00f4 enquanto espero minha filha Lolita no bal\u00e9 (sim, raramente escrevo direto no computador). Aqui est\u00e1 tocando Cazuza, C\u00e1ssia Eller. Ouvindo-os, penso em quanto eram entusiasmados, o quanto expressavam suas crian\u00e7as&#8230;<\/span><\/div>\n<p><\/p>\n<div align=\"justify\"><span style=\"font-size:130%;\"><\/span><\/div>\n<div align=\"justify\"><span style=\"font-size:130%;\">Quebremos nossas armaduras, impostas pelos outros ou por n\u00f3s mesmos, libertemos nossa crian\u00e7a e nos fa\u00e7amos respeitar com ela viva dentro de n\u00f3s.<\/span><\/div>\n<p><\/p>\n<div align=\"justify\"><span style=\"font-size:130%;\"><\/span><\/div>\n<div align=\"justify\"><span style=\"font-size:130%;\">N\u00e3o \u00e9 porque nossa crian\u00e7a est\u00e1 desperta que seremos ing\u00eanuos, incompetentes ou menos s\u00e1bios. Muito pelo contr\u00e1rio, a crian\u00e7a tem uma sabedoria nata, aquilo que vem do fundo do cora\u00e7\u00e3o e, depois, a vida nos ensina com as experi\u00eancias que nos d\u00e1.<\/span><\/div>\n<p><\/p>\n<div align=\"justify\"><span style=\"font-size:130%;\"><\/span><\/div>\n<div align=\"justify\"><span style=\"font-size:130%;\">\u00c9 perfeitamente poss\u00edvel conjugar maturidade com jovialidade, responsabilidade com entusiasmo, a objetividade com o l\u00fadico, a realidade com a magia.<\/span><\/div>\n<p><\/p>\n<div align=\"justify\"><span style=\"font-size:130%;\"><\/span><\/div>\n<div align=\"justify\"><span style=\"font-size:130%;\">Deixe sua crian\u00e7a sorrir para voc\u00ea e para a vida e aprenda a se entusiasmar com ela!<\/span><\/div>\n<p><\/p>\n<div align=\"justify\"><span style=\"font-size:130%;\"><\/span><\/div>\n<p><\/p>\n<div align=\"justify\"><span style=\"font-size:130%;\">Anna Le\u00e3o<\/span><\/div>\n<p><\/p>\n<div align=\"justify\"><span style=\"font-size:130%;\"><\/span><\/div>\n","protected":false},"excerpt":{"rendered":"<p>J\u00e1 faz alguns anos, um amigo me disse: &#8220;Anna, voc\u00ea fala das coisas com tanto entusiasmo que contagia a gente!&#8221; Bom ouvir isso e, melhor ainda, \u00e9 relembrar disso para n\u00e3o ter medo desse entusiasmo. Vou explicar: as pessoas s\u00e3o t\u00e3o exigidas, vivemos sob tanta press\u00e3o, que muitas vezes vamos perdendo caracter\u00edsticas pr\u00f3prias sem percebermos. Caracter\u00edsticas, essas, positivas, importantes para &hellip; <\/p>\n","protected":false},"author":2,"featured_media":0,"comment_status":"open","ping_status":"open","sticky":false,"template":"","format":"standard","meta":{"jetpack_post_was_ever_published":false,"_jetpack_newsletter_access":"","_jetpack_dont_email_post_to_subs":false,"_jetpack_newsletter_tier_id":0,"_jetpack_memberships_contains_paywalled_content":false,"_jetpack_memberships_contains_paid_content":false,"footnotes":"","jetpack_publicize_message":"","jetpack_publicize_feature_enabled":true,"jetpack_social_post_already_shared":true,"jetpack_social_options":{"image_generator_settings":{"template":"highway","enabled":false},"version":2}},"categories":[1],"tags":[],"class_list":["post-985","post","type-post","status-publish","format-standard","hentry","category-sem-categoria"],"yoast_head":"<!-- This site is optimized with the Yoast SEO plugin v25.2 - https:\/\/yoast.com\/wordpress\/plugins\/seo\/ -->\n<title>DESPERTE SUA CRIAN\u00c7A INTERIOR! - ANNA DE LE\u00c3O<\/title>\n<meta name=\"robots\" content=\"index, follow, max-snippet:-1, max-image-preview:large, max-video-preview:-1\" \/>\n<link rel=\"canonical\" href=\"https:\/\/annaleao.com.br\/site\/desperte-sua-crianca-interior\/\" \/>\n<meta property=\"og:locale\" content=\"pt_BR\" \/>\n<meta property=\"og:type\" content=\"article\" \/>\n<meta property=\"og:title\" content=\"DESPERTE SUA CRIAN\u00c7A INTERIOR! - ANNA DE LE\u00c3O\" \/>\n<meta property=\"og:description\" content=\"J\u00e1 faz alguns anos, um amigo me disse: &#8220;Anna, voc\u00ea fala das coisas com tanto entusiasmo que contagia a gente!&#8221; Bom ouvir isso e, melhor ainda, \u00e9 relembrar disso para n\u00e3o ter medo desse entusiasmo. Vou explicar: as pessoas s\u00e3o t\u00e3o exigidas, vivemos sob tanta press\u00e3o, que muitas vezes vamos perdendo caracter\u00edsticas pr\u00f3prias sem percebermos. Caracter\u00edsticas, essas, positivas, importantes para &hellip;\" \/>\n<meta property=\"og:url\" content=\"https:\/\/annaleao.com.br\/site\/desperte-sua-crianca-interior\/\" \/>\n<meta property=\"og:site_name\" content=\"ANNA DE LE\u00c3O\" \/>\n<meta property=\"article:published_time\" content=\"2009-02-11T12:08:00+00:00\" \/>\n<meta property=\"og:image\" content=\"http:\/\/3.bp.blogspot.com\/_v8vfw6qYRLs\/SGw0Ck4iNlI\/AAAAAAAAATA\/dhdaoCaBRzE\/s400\/unnamed.gif\" \/>\n<meta name=\"author\" content=\"Anna de Le\u00e3o\" \/>\n<meta name=\"twitter:label1\" content=\"Escrito por\" \/>\n\t<meta name=\"twitter:data1\" content=\"Anna de Le\u00e3o\" \/>\n\t<meta name=\"twitter:label2\" content=\"Est. tempo de leitura\" \/>\n\t<meta name=\"twitter:data2\" content=\"2 minutos\" \/>\n<script type=\"application\/ld+json\" class=\"yoast-schema-graph\">{\"@context\":\"https:\/\/schema.org\",\"@graph\":[{\"@type\":\"WebPage\",\"@id\":\"https:\/\/annaleao.com.br\/site\/desperte-sua-crianca-interior\/\",\"url\":\"https:\/\/annaleao.com.br\/site\/desperte-sua-crianca-interior\/\",\"name\":\"DESPERTE SUA CRIAN\u00c7A INTERIOR! - ANNA DE LE\u00c3O\",\"isPartOf\":{\"@id\":\"https:\/\/annaleao.com.br\/site\/#website\"},\"primaryImageOfPage\":{\"@id\":\"https:\/\/annaleao.com.br\/site\/desperte-sua-crianca-interior\/#primaryimage\"},\"image\":{\"@id\":\"https:\/\/annaleao.com.br\/site\/desperte-sua-crianca-interior\/#primaryimage\"},\"thumbnailUrl\":\"http:\/\/3.bp.blogspot.com\/_v8vfw6qYRLs\/SGw0Ck4iNlI\/AAAAAAAAATA\/dhdaoCaBRzE\/s400\/unnamed.gif\",\"datePublished\":\"2009-02-11T12:08:00+00:00\",\"author\":{\"@id\":\"https:\/\/annaleao.com.br\/site\/#\/schema\/person\/c61c763755650f8b56acd76d44c7bc8c\"},\"breadcrumb\":{\"@id\":\"https:\/\/annaleao.com.br\/site\/desperte-sua-crianca-interior\/#breadcrumb\"},\"inLanguage\":\"pt-BR\",\"potentialAction\":[{\"@type\":\"ReadAction\",\"target\":[\"https:\/\/annaleao.com.br\/site\/desperte-sua-crianca-interior\/\"]}]},{\"@type\":\"ImageObject\",\"inLanguage\":\"pt-BR\",\"@id\":\"https:\/\/annaleao.com.br\/site\/desperte-sua-crianca-interior\/#primaryimage\",\"url\":\"http:\/\/3.bp.blogspot.com\/_v8vfw6qYRLs\/SGw0Ck4iNlI\/AAAAAAAAATA\/dhdaoCaBRzE\/s400\/unnamed.gif\",\"contentUrl\":\"http:\/\/3.bp.blogspot.com\/_v8vfw6qYRLs\/SGw0Ck4iNlI\/AAAAAAAAATA\/dhdaoCaBRzE\/s400\/unnamed.gif\"},{\"@type\":\"BreadcrumbList\",\"@id\":\"https:\/\/annaleao.com.br\/site\/desperte-sua-crianca-interior\/#breadcrumb\",\"itemListElement\":[{\"@type\":\"ListItem\",\"position\":1,\"name\":\"In\u00edcio\",\"item\":\"https:\/\/annaleao.com.br\/site\/\"},{\"@type\":\"ListItem\",\"position\":2,\"name\":\"DESPERTE SUA CRIAN\u00c7A INTERIOR!\"}]},{\"@type\":\"WebSite\",\"@id\":\"https:\/\/annaleao.com.br\/site\/#website\",\"url\":\"https:\/\/annaleao.com.br\/site\/\",\"name\":\"ANNA DE LE\u00c3O\",\"description\":\" Escritora e Terapeuta\",\"potentialAction\":[{\"@type\":\"SearchAction\",\"target\":{\"@type\":\"EntryPoint\",\"urlTemplate\":\"https:\/\/annaleao.com.br\/site\/?s={search_term_string}\"},\"query-input\":{\"@type\":\"PropertyValueSpecification\",\"valueRequired\":true,\"valueName\":\"search_term_string\"}}],\"inLanguage\":\"pt-BR\"},{\"@type\":\"Person\",\"@id\":\"https:\/\/annaleao.com.br\/site\/#\/schema\/person\/c61c763755650f8b56acd76d44c7bc8c\",\"name\":\"Anna de Le\u00e3o\",\"image\":{\"@type\":\"ImageObject\",\"inLanguage\":\"pt-BR\",\"@id\":\"https:\/\/annaleao.com.br\/site\/#\/schema\/person\/image\/\",\"url\":\"https:\/\/secure.gravatar.com\/avatar\/e29860c6ef57760b67570c34e3948ba9de10eb9b2e2f20081d0061a7233daf60?s=96&d=blank&r=g\",\"contentUrl\":\"https:\/\/secure.gravatar.com\/avatar\/e29860c6ef57760b67570c34e3948ba9de10eb9b2e2f20081d0061a7233daf60?s=96&d=blank&r=g\",\"caption\":\"Anna de Le\u00e3o\"},\"sameAs\":[\"http:\/\/www.annaleao.com.br\",\"https:\/\/x.com\/https:\/\/www.instagram.com\/annadeleao\"],\"url\":\"https:\/\/annaleao.com.br\/site\/author\/anna\/\"}]}<\/script>\n<!-- \/ Yoast SEO plugin. -->","yoast_head_json":{"title":"DESPERTE SUA CRIAN\u00c7A INTERIOR! - ANNA DE LE\u00c3O","robots":{"index":"index","follow":"follow","max-snippet":"max-snippet:-1","max-image-preview":"max-image-preview:large","max-video-preview":"max-video-preview:-1"},"canonical":"https:\/\/annaleao.com.br\/site\/desperte-sua-crianca-interior\/","og_locale":"pt_BR","og_type":"article","og_title":"DESPERTE SUA CRIAN\u00c7A INTERIOR! - ANNA DE LE\u00c3O","og_description":"J\u00e1 faz alguns anos, um amigo me disse: &#8220;Anna, voc\u00ea fala das coisas com tanto entusiasmo que contagia a gente!&#8221; Bom ouvir isso e, melhor ainda, \u00e9 relembrar disso para n\u00e3o ter medo desse entusiasmo. Vou explicar: as pessoas s\u00e3o t\u00e3o exigidas, vivemos sob tanta press\u00e3o, que muitas vezes vamos perdendo caracter\u00edsticas pr\u00f3prias sem percebermos. Caracter\u00edsticas, essas, positivas, importantes para &hellip;","og_url":"https:\/\/annaleao.com.br\/site\/desperte-sua-crianca-interior\/","og_site_name":"ANNA DE LE\u00c3O","article_published_time":"2009-02-11T12:08:00+00:00","og_image":[{"url":"http:\/\/3.bp.blogspot.com\/_v8vfw6qYRLs\/SGw0Ck4iNlI\/AAAAAAAAATA\/dhdaoCaBRzE\/s400\/unnamed.gif","type":"","width":"","height":""}],"author":"Anna de Le\u00e3o","twitter_misc":{"Escrito por":"Anna de Le\u00e3o","Est. tempo de leitura":"2 minutos"},"schema":{"@context":"https:\/\/schema.org","@graph":[{"@type":"WebPage","@id":"https:\/\/annaleao.com.br\/site\/desperte-sua-crianca-interior\/","url":"https:\/\/annaleao.com.br\/site\/desperte-sua-crianca-interior\/","name":"DESPERTE SUA CRIAN\u00c7A INTERIOR! - ANNA DE LE\u00c3O","isPartOf":{"@id":"https:\/\/annaleao.com.br\/site\/#website"},"primaryImageOfPage":{"@id":"https:\/\/annaleao.com.br\/site\/desperte-sua-crianca-interior\/#primaryimage"},"image":{"@id":"https:\/\/annaleao.com.br\/site\/desperte-sua-crianca-interior\/#primaryimage"},"thumbnailUrl":"http:\/\/3.bp.blogspot.com\/_v8vfw6qYRLs\/SGw0Ck4iNlI\/AAAAAAAAATA\/dhdaoCaBRzE\/s400\/unnamed.gif","datePublished":"2009-02-11T12:08:00+00:00","author":{"@id":"https:\/\/annaleao.com.br\/site\/#\/schema\/person\/c61c763755650f8b56acd76d44c7bc8c"},"breadcrumb":{"@id":"https:\/\/annaleao.com.br\/site\/desperte-sua-crianca-interior\/#breadcrumb"},"inLanguage":"pt-BR","potentialAction":[{"@type":"ReadAction","target":["https:\/\/annaleao.com.br\/site\/desperte-sua-crianca-interior\/"]}]},{"@type":"ImageObject","inLanguage":"pt-BR","@id":"https:\/\/annaleao.com.br\/site\/desperte-sua-crianca-interior\/#primaryimage","url":"http:\/\/3.bp.blogspot.com\/_v8vfw6qYRLs\/SGw0Ck4iNlI\/AAAAAAAAATA\/dhdaoCaBRzE\/s400\/unnamed.gif","contentUrl":"http:\/\/3.bp.blogspot.com\/_v8vfw6qYRLs\/SGw0Ck4iNlI\/AAAAAAAAATA\/dhdaoCaBRzE\/s400\/unnamed.gif"},{"@type":"BreadcrumbList","@id":"https:\/\/annaleao.com.br\/site\/desperte-sua-crianca-interior\/#breadcrumb","itemListElement":[{"@type":"ListItem","position":1,"name":"In\u00edcio","item":"https:\/\/annaleao.com.br\/site\/"},{"@type":"ListItem","position":2,"name":"DESPERTE SUA CRIAN\u00c7A INTERIOR!"}]},{"@type":"WebSite","@id":"https:\/\/annaleao.com.br\/site\/#website","url":"https:\/\/annaleao.com.br\/site\/","name":"ANNA DE LE\u00c3O","description":" Escritora e Terapeuta","potentialAction":[{"@type":"SearchAction","target":{"@type":"EntryPoint","urlTemplate":"https:\/\/annaleao.com.br\/site\/?s={search_term_string}"},"query-input":{"@type":"PropertyValueSpecification","valueRequired":true,"valueName":"search_term_string"}}],"inLanguage":"pt-BR"},{"@type":"Person","@id":"https:\/\/annaleao.com.br\/site\/#\/schema\/person\/c61c763755650f8b56acd76d44c7bc8c","name":"Anna de Le\u00e3o","image":{"@type":"ImageObject","inLanguage":"pt-BR","@id":"https:\/\/annaleao.com.br\/site\/#\/schema\/person\/image\/","url":"https:\/\/secure.gravatar.com\/avatar\/e29860c6ef57760b67570c34e3948ba9de10eb9b2e2f20081d0061a7233daf60?s=96&d=blank&r=g","contentUrl":"https:\/\/secure.gravatar.com\/avatar\/e29860c6ef57760b67570c34e3948ba9de10eb9b2e2f20081d0061a7233daf60?s=96&d=blank&r=g","caption":"Anna de Le\u00e3o"},"sameAs":["http:\/\/www.annaleao.com.br","https:\/\/x.com\/https:\/\/www.instagram.com\/annadeleao"],"url":"https:\/\/annaleao.com.br\/site\/author\/anna\/"}]}},"jetpack_publicize_connections":[],"jetpack_featured_media_url":"","jetpack_sharing_enabled":true,"jetpack_shortlink":"https:\/\/wp.me\/p8nt2H-fT","jetpack-related-posts":[],"_links":{"self":[{"href":"https:\/\/annaleao.com.br\/site\/wp-json\/wp\/v2\/posts\/985","targetHints":{"allow":["GET"]}}],"collection":[{"href":"https:\/\/annaleao.com.br\/site\/wp-json\/wp\/v2\/posts"}],"about":[{"href":"https:\/\/annaleao.com.br\/site\/wp-json\/wp\/v2\/types\/post"}],"author":[{"embeddable":true,"href":"https:\/\/annaleao.com.br\/site\/wp-json\/wp\/v2\/users\/2"}],"replies":[{"embeddable":true,"href":"https:\/\/annaleao.com.br\/site\/wp-json\/wp\/v2\/comments?post=985"}],"version-history":[{"count":0,"href":"https:\/\/annaleao.com.br\/site\/wp-json\/wp\/v2\/posts\/985\/revisions"}],"wp:attachment":[{"href":"https:\/\/annaleao.com.br\/site\/wp-json\/wp\/v2\/media?parent=985"}],"wp:term":[{"taxonomy":"category","embeddable":true,"href":"https:\/\/annaleao.com.br\/site\/wp-json\/wp\/v2\/categories?post=985"},{"taxonomy":"post_tag","embeddable":true,"href":"https:\/\/annaleao.com.br\/site\/wp-json\/wp\/v2\/tags?post=985"}],"curies":[{"name":"wp","href":"https:\/\/api.w.org\/{rel}","templated":true}]}}